{"id":19756,"date":"2025-02-05T08:20:24","date_gmt":"2025-02-05T11:20:24","guid":{"rendered":"https:\/\/sgvaimudar.com.br\/?p=19756"},"modified":"2025-02-05T08:20:24","modified_gmt":"2025-02-05T11:20:24","slug":"secretaria-de-cultura-abre-inscricoes-para-novas-turmas-do-cria-sg","status":"publish","type":"post","link":"https:\/\/sgvaimudar.com.br\/index.php\/2025\/02\/05\/secretaria-de-cultura-abre-inscricoes-para-novas-turmas-do-cria-sg\/","title":{"rendered":"Secretaria de Cultura abre inscri\u00e7\u00f5es para novas turmas do Cria SG\u00a0"},"content":{"rendered":"\n<p><em>Projeto oferece cursos gratuitos na \u00e1rea cultural<\/em><\/p>\n\n\n\n<p>A Secretaria de Turismo e Cultura da Prefeitura de S\u00e3o Gon\u00e7alo vai abrir inscri\u00e7\u00f5es para as novas turmas do projeto Cria SG, uma iniciativa que visa proporcionar acesso \u00e0 cultura e promover experi\u00eancias art\u00edsticas para a popula\u00e7\u00e3o. As inscri\u00e7\u00f5es ocorrer\u00e3o exclusivamente de forma online entre os dias 10 e 28 de fevereiro, atrav\u00e9s do link:\u00a0<a rel=\"noreferrer noopener\" href=\"https:\/\/click.cse360.com.br\/Click\/AddCampaignEmailClick\/0420195d-2b7c-4408-c24f-08dd3b433577\/https%253a%252f%252fforms.gle%252fTK4P7D4tHMmpUVKF7\/ac66966e-2b55-4484-fb2c-08dc491eed5f\/jornalistaws@gmail.com\/False\" target=\"_blank\"><u>https:\/\/forms.gle\/TK4P7D4tHMmpUVKF7<\/u><\/a>.<\/p>\n\n\n\n<figure class=\"wp-block-image size-large\"><img fetchpriority=\"high\" decoding=\"async\" width=\"1024\" height=\"682\" src=\"https:\/\/sgvaimudar.com.br\/wp-content\/uploads\/2025\/02\/unnamed-1-3-1024x682.jpg\" alt=\"\" class=\"wp-image-19757\" srcset=\"https:\/\/sgvaimudar.com.br\/wp-content\/uploads\/2025\/02\/unnamed-1-3-1024x682.jpg 1024w, https:\/\/sgvaimudar.com.br\/wp-content\/uploads\/2025\/02\/unnamed-1-3-300x200.jpg 300w, https:\/\/sgvaimudar.com.br\/wp-content\/uploads\/2025\/02\/unnamed-1-3-768x512.jpg 768w, https:\/\/sgvaimudar.com.br\/wp-content\/uploads\/2025\/02\/unnamed-1-3-1536x1023.jpg 1536w, https:\/\/sgvaimudar.com.br\/wp-content\/uploads\/2025\/02\/unnamed-1-3.jpg 1600w\" sizes=\"(max-width: 1024px) 100vw, 1024px\" \/><\/figure>\n\n\n\n<p>Para se inscrever, os interessados devem apresentar CPF, RG e comprovante de resid\u00eancia. A lista de selecionados ser\u00e1 divulgada no dia 13 de mar\u00e7o, no site oficial da Prefeitura de S\u00e3o Gon\u00e7alo, no Instagram da secretaria e tamb\u00e9m estar\u00e1 dispon\u00edvel no Centro Cultural Joaquim Lavoura.<\/p>\n\n\n\n<p>As aulas do Crias SG est\u00e3o previstas para iniciar no dia 17 de mar\u00e7o, ter\u00e3o dura\u00e7\u00e3o de seis a dez meses e os cursos oferecidos s\u00e3o: Teatro, Ballet, Jazz, Dan\u00e7a Contempor\u00e2nea, Dan\u00e7a de Sal\u00e3o, Viol\u00e3o, Coral e Locu\u00e7\u00e3o.<\/p>\n\n\n\n<p><strong>Hor\u00e1rios e locais das aulas:&nbsp;<\/strong><\/p>\n\n\n\n<p>\u2022Ballet Adulto &#8211; Teatro Municipal &#8211; Segunda-feira: 08h30 \u00e0s 10h \/ 13h \u00e0s 14h30<\/p>\n\n\n\n<p>\u2022Ballet Baby &#8211; Lona Cultural, Jardim Catarina &#8211; Ter\u00e7a-feira: 09h30 \u00e0s 11h \/ 13h30 \u00e0s 15h<\/p>\n\n\n\n<p>\u2022Ballet Infantil &#8211; Lona Cultural, Jardim Catarina &#8211; Quinta-feira: 09h30 \u00e0s 11h \/ 13h30 \u00e0s 15h<\/p>\n\n\n\n<p>\u2022Coral &#8211; Lavour\u00e3o &#8211; Ter\u00e7a-feira: 15h30 \u00e0s 17h<\/p>\n\n\n\n<p>\u2022Dan\u00e7a de Sal\u00e3o &#8211; Centro Cultural de Tradi\u00e7\u00f5es Nordestinas &#8211; S\u00e1bado: 09h \u00e0s 10h30 \/ 10h30 \u00e0s 12h<\/p>\n\n\n\n<p>\u2022Locu\u00e7\u00e3o &#8211; Lavour\u00e3o &#8211; Ter\u00e7a-feira: 10h30 \u00e0s 12h<\/p>\n\n\n\n<p>\u2022M\u00fasica &#8211; Lavour\u00e3o &#8211; Quinta-feira: 10h30 \u00e0s 12h \/ 13h \u00e0s 15h \/ 15h30 \u00e0s 17h<\/p>\n\n\n\n<p>\u2022Jazz Adulto &#8211; Lavour\u00e3o &#8211; Segunda-feira: 10h30 \u00e0s 12h<\/p>\n\n\n\n<p>\u2022Jazz Juvenil &#8211; Lavour\u00e3o &#8211; Ter\u00e7a-feira: 10h30 \u00e0s 12h<\/p>\n\n\n\n<p>\u2022Dan\u00e7a Contempor\u00e2nea &#8211; Lavour\u00e3o &#8211; Segunda-feira: 14h30 \u00e0s 16h<\/p>\n\n\n\n<p>\u2022Teatro Adulto &#8211; Teatro Municipal &#8211; Segunda e Ter\u00e7a-feira: 17h \u00e0s 18h30 \/ 19h \u00e0s 20h30<\/p>\n\n\n\n<p>\u2022Teatro Misto &#8211; Teatro Misto &#8211; Ter\u00e7a-feira: 08h30 \u00e0s 10h \/ 13h \u00e0s 14h30 \/ 15h \u00e0s 16h30<\/p>\n\n\n\n<p>O regulamento completo com todas as informa\u00e7\u00f5es sobre os cursos e as inscri\u00e7\u00f5es est\u00e1 dispon\u00edvel no link:\u00a0<a rel=\"noreferrer noopener\" href=\"https:\/\/click.cse360.com.br\/Click\/AddCampaignEmailClick\/0420195d-2b7c-4408-c24f-08dd3b433577\/https%253a%252f%252fdocs.google.com%252fdocument%252fd%252f1CrLpXgwT-TQYQJYJ3FakVAFM5ypO8PQRP7pGzqwDujE%252fedit%253fusp%253dsharing\/ac66966e-2b55-4484-fb2c-08dc491eed5f\/jornalistaws@gmail.com\/False\" target=\"_blank\">https:\/\/docs.google.com\/document\/d\/1CrLpXgwT-TQYQJYJ3FakVAFM5ypO8PQRP7pGzqwDujE\/edit?usp=sharing<\/a>.<\/p>\n\n\n\n<p><strong><em>S\u00e3o Gon\u00e7alo vai mudar: Not\u00edcias de S\u00e3o Gon\u00e7alo e toda regi\u00e3o.<\/em><\/strong><\/p>\n\n\n\n<figure class=\"wp-block-image size-full\"><img decoding=\"async\" width=\"317\" height=\"110\" src=\"https:\/\/sgvaimudar.com.br\/wp-content\/uploads\/2023\/08\/cropped-Logo-Provisoria-2-2.png\" alt=\"\" class=\"wp-image-2782\" srcset=\"https:\/\/sgvaimudar.com.br\/wp-content\/uploads\/2023\/08\/cropped-Logo-Provisoria-2-2.png 317w, https:\/\/sgvaimudar.com.br\/wp-content\/uploads\/2023\/08\/cropped-Logo-Provisoria-2-2-300x104.png 300w\" sizes=\"(max-width: 317px) 100vw, 317px\" \/><\/figure>\n","protected":false},"excerpt":{"rendered":"<p>Projeto oferece cursos gratuitos na \u00e1rea cultural A Secretaria de Turismo e Cultura da Prefeitura de S\u00e3o Gon\u00e7alo vai abrir&hellip;<\/p>\n","protected":false},"author":5,"featured_media":19758,"comment_status":"open","ping_status":"open","sticky":false,"template":"","format":"standard","meta":{"fifu_image_url":"","fifu_image_alt":"","footnotes":""},"categories":[3],"tags":[75],"class_list":["post-19756","post","type-post","status-publish","format-standard","has-post-thumbnail","hentry","category-sao-goncalo","tag-sao-goncalo"],"_links":{"self":[{"href":"https:\/\/sgvaimudar.com.br\/index.php\/wp-json\/wp\/v2\/posts\/19756","targetHints":{"allow":["GET"]}}],"collection":[{"href":"https:\/\/sgvaimudar.com.br\/index.php\/wp-json\/wp\/v2\/posts"}],"about":[{"href":"https:\/\/sgvaimudar.com.br\/index.php\/wp-json\/wp\/v2\/types\/post"}],"author":[{"embeddable":true,"href":"https:\/\/sgvaimudar.com.br\/index.php\/wp-json\/wp\/v2\/users\/5"}],"replies":[{"embeddable":true,"href":"https:\/\/sgvaimudar.com.br\/index.php\/wp-json\/wp\/v2\/comments?post=19756"}],"version-history":[{"count":1,"href":"https:\/\/sgvaimudar.com.br\/index.php\/wp-json\/wp\/v2\/posts\/19756\/revisions"}],"predecessor-version":[{"id":19759,"href":"https:\/\/sgvaimudar.com.br\/index.php\/wp-json\/wp\/v2\/posts\/19756\/revisions\/19759"}],"wp:featuredmedia":[{"embeddable":true,"href":"https:\/\/sgvaimudar.com.br\/index.php\/wp-json\/wp\/v2\/media\/19758"}],"wp:attachment":[{"href":"https:\/\/sgvaimudar.com.br\/index.php\/wp-json\/wp\/v2\/media?parent=19756"}],"wp:term":[{"taxonomy":"category","embeddable":true,"href":"https:\/\/sgvaimudar.com.br\/index.php\/wp-json\/wp\/v2\/categories?post=19756"},{"taxonomy":"post_tag","embeddable":true,"href":"https:\/\/sgvaimudar.com.br\/index.php\/wp-json\/wp\/v2\/tags?post=19756"}],"curies":[{"name":"wp","href":"https:\/\/api.w.org\/{rel}","templated":true}]}}