{"id":19743,"date":"2025-02-04T21:00:00","date_gmt":"2025-02-05T00:00:00","guid":{"rendered":"https:\/\/sgvaimudar.com.br\/?p=19743"},"modified":"2025-02-04T12:25:46","modified_gmt":"2025-02-04T15:25:46","slug":"tarifas-dos-eua-contra-a-china-podem-fazer-pequim-comprar-mais-do-brasil-diz-analista","status":"publish","type":"post","link":"https:\/\/sgvaimudar.com.br\/index.php\/2025\/02\/04\/tarifas-dos-eua-contra-a-china-podem-fazer-pequim-comprar-mais-do-brasil-diz-analista\/","title":{"rendered":"Tarifas dos EUA contra a China podem fazer Pequim &#8216;comprar mais do Brasil&#8217;, diz analista"},"content":{"rendered":"\n<p><em>O ex-ministro da Economia da China, Wang Huiyao, afirmou que Pequim ainda n\u00e3o esgotou seus canais de di\u00e1logo com Washington sobre a guerra comercial que se anuncia, mas que, neste caso, o pa\u00eds intensificaria seu com\u00e9rcio com outros parceiros, como o Brasil<\/em><\/p>\n\n\n\n<p>Em entrevista\u00a0\u00e0 Folha de S.Paulo, Wang Huiyao, que j\u00e1 foi professor das universidades de Pequim e Tsinghua, abordou a tens\u00e3o entre\u00a0Pequim e Washington\u00a0sobre as quest\u00f5es comerciais e salientou que, &#8220;embora a China tenha tomado algumas medidas retaliat\u00f3rias,\u00a0ela ainda quer conversar, discutir&#8221; com os Estados Unidos.<\/p>\n\n\n\n<p>A amea\u00e7a de uma guerra comercial tem\u00a0motivado debates e discursos nas principais capitais econ\u00f4micas do mundo, uma vez que o novo presidente Donald Trump\u00a0n\u00e3o apenas amea\u00e7ou, mas iniciou sua saga de taxa\u00e7\u00f5es\u00a0aos pa\u00edses com os quais ele n\u00e3o consegue vislumbrar um ganho para os EUA.<\/p>\n\n\n\n<p>O presidente do think tank Centro para China e Globaliza\u00e7\u00e3o (CCG), Wang Huiyao tamb\u00e9m disse acreditar que &#8220;o presidente Trump quer\u00a0usar as tarifas para chamar a aten\u00e7\u00e3o para a mesa de negocia\u00e7\u00f5es&#8221;, algo que ainda n\u00e3o ocorreu entre os dois chefes de Estado, o que\u00a0amplia a expectativa para o futuro das rela\u00e7\u00f5es sino-americanas.<\/p>\n\n\n\n<p>&#8220;Se esse \u00e9 o prop\u00f3sito, acho que est\u00e1 bem&#8221;, disse ele \u00e0 apura\u00e7\u00e3o. &#8220;A China quer conversar e quer um di\u00e1logo com todos os pa\u00edses,\u00a0para que n\u00e3o entremos em uma guerra comercial, que n\u00e3o \u00e9 sustent\u00e1vel.&#8221; Segundo ele, a estrat\u00e9gia comercial de Trump n\u00e3o \u00e9 sustent\u00e1vel no longo prazo porque procura &#8220;maximizar os interesses americanos&#8221;, atingindo interesses dos outros pa\u00edses, e declarou que, se a situa\u00e7\u00e3o avan\u00e7ar no sentido de um confronto comercial, a\u00a0China vai se voltar para seus demais parceiros.<\/p>\n\n\n\n<p>&#8220;Se houver atrito comercial, a China certamente comprar\u00e1 mais do Brasil e da Am\u00e9rica Latina&#8221;, prev\u00ea Wang, salientando que a nova\u00a0pol\u00edtica dos EUA\u00a0faz com que os\u00a0pa\u00edses sejam empurrados &#8220;para o com\u00e9rcio entre eles mesmos&#8221;.<\/p>\n\n\n\n<p>No \u00faltimo s\u00e1bado (1\u00ba), Trump\u00a0assinou uma ordem para impor tarifas sobre\u00a0mercadorias provenientes da China com uma taxa adicional de 10%\u00a0para al\u00e9m das que j\u00e1 est\u00e3o em vigor para as importa\u00e7\u00f5es chinesas.<\/p>\n\n\n\n<p>Nesta ter\u00e7a-feira (4), Pequim j\u00e1 anunciou que contramedidas pretende tomar \u00e0s imposi\u00e7\u00f5es norte-americanas, que v\u00e3o desde a taxa\u00e7\u00e3o de\u00a015% para carv\u00e3o e g\u00e1s e 10% para petr\u00f3leo e equipamentos agr\u00edcolas, aumento no controle de exporta\u00e7\u00f5es de\u00a0metais e terras raras, incluindo uma reclama\u00e7\u00e3o formal na Organiza\u00e7\u00e3o Mundial de Com\u00e9rcio (OMC).<\/p>\n\n\n\n<p><em>Fonte: Sputnik Brasil<\/em><\/p>\n\n\n\n<figure class=\"wp-block-image size-full\"><img decoding=\"async\" width=\"317\" height=\"110\" src=\"https:\/\/sgvaimudar.com.br\/wp-content\/uploads\/2023\/08\/cropped-Logo-Provisoria-2-2.png\" alt=\"\" class=\"wp-image-2782\" srcset=\"https:\/\/sgvaimudar.com.br\/wp-content\/uploads\/2023\/08\/cropped-Logo-Provisoria-2-2.png 317w, https:\/\/sgvaimudar.com.br\/wp-content\/uploads\/2023\/08\/cropped-Logo-Provisoria-2-2-300x104.png 300w\" sizes=\"(max-width: 317px) 100vw, 317px\" \/><\/figure>\n","protected":false},"excerpt":{"rendered":"<p>O ex-ministro da Economia da China, Wang Huiyao, afirmou que Pequim ainda n\u00e3o esgotou seus canais de di\u00e1logo com Washington&hellip;<\/p>\n","protected":false},"author":5,"featured_media":19744,"comment_status":"open","ping_status":"open","sticky":false,"template":"","format":"standard","meta":{"fifu_image_url":"","fifu_image_alt":"","footnotes":""},"categories":[1],"tags":[],"class_list":["post-19743","post","type-post","status-publish","format-standard","has-post-thumbnail","hentry","category-mundo"],"_links":{"self":[{"href":"https:\/\/sgvaimudar.com.br\/index.php\/wp-json\/wp\/v2\/posts\/19743","targetHints":{"allow":["GET"]}}],"collection":[{"href":"https:\/\/sgvaimudar.com.br\/index.php\/wp-json\/wp\/v2\/posts"}],"about":[{"href":"https:\/\/sgvaimudar.com.br\/index.php\/wp-json\/wp\/v2\/types\/post"}],"author":[{"embeddable":true,"href":"https:\/\/sgvaimudar.com.br\/index.php\/wp-json\/wp\/v2\/users\/5"}],"replies":[{"embeddable":true,"href":"https:\/\/sgvaimudar.com.br\/index.php\/wp-json\/wp\/v2\/comments?post=19743"}],"version-history":[{"count":1,"href":"https:\/\/sgvaimudar.com.br\/index.php\/wp-json\/wp\/v2\/posts\/19743\/revisions"}],"predecessor-version":[{"id":19745,"href":"https:\/\/sgvaimudar.com.br\/index.php\/wp-json\/wp\/v2\/posts\/19743\/revisions\/19745"}],"wp:featuredmedia":[{"embeddable":true,"href":"https:\/\/sgvaimudar.com.br\/index.php\/wp-json\/wp\/v2\/media\/19744"}],"wp:attachment":[{"href":"https:\/\/sgvaimudar.com.br\/index.php\/wp-json\/wp\/v2\/media?parent=19743"}],"wp:term":[{"taxonomy":"category","embeddable":true,"href":"https:\/\/sgvaimudar.com.br\/index.php\/wp-json\/wp\/v2\/categories?post=19743"},{"taxonomy":"post_tag","embeddable":true,"href":"https:\/\/sgvaimudar.com.br\/index.php\/wp-json\/wp\/v2\/tags?post=19743"}],"curies":[{"name":"wp","href":"https:\/\/api.w.org\/{rel}","templated":true}]}}