{"id":19734,"date":"2025-02-04T17:00:00","date_gmt":"2025-02-04T20:00:00","guid":{"rendered":"https:\/\/sgvaimudar.com.br\/?p=19734"},"modified":"2025-02-04T12:06:14","modified_gmt":"2025-02-04T15:06:14","slug":"itaborai-esta-com-matriculas-abertas-para-a-educacao-de-jovens-e-adultos-eja","status":"publish","type":"post","link":"https:\/\/sgvaimudar.com.br\/index.php\/2025\/02\/04\/itaborai-esta-com-matriculas-abertas-para-a-educacao-de-jovens-e-adultos-eja\/","title":{"rendered":"Itabora\u00ed est\u00e1 com matr\u00edculas abertas para a Educa\u00e7\u00e3o de Jovens e Adultos (EJA)"},"content":{"rendered":"\n<p><em>Os interessados podem se inscrever de forma online atrav\u00e9s do link:\u00a0<a rel=\"noreferrer noopener\" href=\"https:\/\/matricula.itaborai.rj.gov.br\/\" target=\"_blank\">https:\/\/matricula.itaborai.rj.gov.br\/<\/a><\/em><\/p>\n\n\n\n<p>Com foco na educa\u00e7\u00e3o para transformar o munic\u00edpio, a Prefeitura de Itabora\u00ed, por meio da Secretaria Municipal de Educa\u00e7\u00e3o (Semed), est\u00e1 com inscri\u00e7\u00f5es abertas para a Educa\u00e7\u00e3o de Jovens e Adultos (EJA). A iniciativa \u00e9 voltada para jovens a partir de 15 anos, adultos e idosos que desejam concluir o Ensino Fundamental, oferecendo uma nova oportunidade para quem n\u00e3o p\u00f4de finalizar os estudos ou precisou interromper sua trajet\u00f3ria escolar. <\/p>\n\n\n\n<figure class=\"wp-block-image size-large\"><img fetchpriority=\"high\" decoding=\"async\" width=\"1024\" height=\"768\" src=\"https:\/\/sgvaimudar.com.br\/wp-content\/uploads\/2025\/02\/Itaborai-esta-com-matriculas-abertas-para-a-Educacao-de-Jovens-e-Adultos-EJA-1024x768.jpeg\" alt=\"\" class=\"wp-image-19735\" srcset=\"https:\/\/sgvaimudar.com.br\/wp-content\/uploads\/2025\/02\/Itaborai-esta-com-matriculas-abertas-para-a-Educacao-de-Jovens-e-Adultos-EJA-1024x768.jpeg 1024w, https:\/\/sgvaimudar.com.br\/wp-content\/uploads\/2025\/02\/Itaborai-esta-com-matriculas-abertas-para-a-Educacao-de-Jovens-e-Adultos-EJA-300x225.jpeg 300w, https:\/\/sgvaimudar.com.br\/wp-content\/uploads\/2025\/02\/Itaborai-esta-com-matriculas-abertas-para-a-Educacao-de-Jovens-e-Adultos-EJA-768x576.jpeg 768w, https:\/\/sgvaimudar.com.br\/wp-content\/uploads\/2025\/02\/Itaborai-esta-com-matriculas-abertas-para-a-Educacao-de-Jovens-e-Adultos-EJA-1536x1152.jpeg 1536w, https:\/\/sgvaimudar.com.br\/wp-content\/uploads\/2025\/02\/Itaborai-esta-com-matriculas-abertas-para-a-Educacao-de-Jovens-e-Adultos-EJA.jpeg 1600w\" sizes=\"(max-width: 1024px) 100vw, 1024px\" \/><\/figure>\n\n\n\n<p>O secret\u00e1rio municipal de Educa\u00e7\u00e3o, Mauric\u00edlio Rodrigues, destacou que esta modalidade de ensino tem grande import\u00e2ncia para o avan\u00e7o de Itabora\u00ed.<\/p>\n\n\n\n<p>&#8220;Acreditamos firmemente que a educa\u00e7\u00e3o \u00e9 um direito fundamental e transformador. Atualmente, a EJA est\u00e1 dispon\u00edvel em 16 unidades escolares, com turmas nos turnos diurno e noturno. Um dos destaques \u00e9 o Centro de Refer\u00eancia de Educa\u00e7\u00e3o Municipal de Idosos de Itabora\u00ed (CREMII), que atende exclusivamente adultos e idosos a partir de 50 anos\u201d, explicou o secret\u00e1rio.<\/p>\n\n\n\n<p>Vale destacar que as matr\u00edculas tamb\u00e9m podem ser realizadas diretamente nas unidades escolares que oferecem essa modalidade de ensino. Para garantir a vaga \u00e9 necess\u00e1rio apresentar os seguintes documentos (originais e c\u00f3pias): certid\u00e3o de nascimento; comprovante de resid\u00eancia atualizado; cart\u00e3o de vacina\u00e7\u00e3o; cart\u00e3o Bolsa Fam\u00edlia, caso tenha; cart\u00e3o do SUS; tipo sangu\u00edneo e fator RH; RG e CPF do respons\u00e1vel e aluno, al\u00e9m de duas fotos 3\u00d74.&nbsp;&nbsp;<\/p>\n\n\n\n<p>Caso o aluno n\u00e3o tenha o comprovante de escolaridade, a dire\u00e7\u00e3o da unidade far\u00e1 a regulariza\u00e7\u00e3o da vida escolar do aluno. Atualmente, a rede municipal de ensino conta com 16 escolas, sendo 14 com aulas no turno da noite e duas no turno diurno.<\/p>\n\n\n\n<p>Em 2025, a EJA continuar\u00e1 integrada \u00e0 qualifica\u00e7\u00e3o profissional, resultado de uma parceria entre a SEMED e o Instituto Federal Fluminense (IFF) \u2013 Campus Itabora\u00ed. Com isso, al\u00e9m de concluir o Ensino Fundamental, os estudantes ter\u00e3o a chance de se capacitar profissionalmente, ampliando suas oportunidades no mercado de trabalho.<\/p>\n\n\n\n<p><strong>Confira a lista das escolas com Educa\u00e7\u00e3o de Jovens e Adultos (EJA) em Itabora\u00ed:<\/strong><\/p>\n\n\n\n<p>E.M. Ant\u00f4nio Alves Vianna, em Apolo III<br>E.M. Ant\u00f4nio Carlos da Silva, em Morada do Sol<br>E.M. Ant\u00f4nio Joaquim, no centro de Manilha<br>E.M. Professora Cec\u00edlia Augusta dos Santos, em Outeiro das Pedras<br>E.M. Gen\u00e9sio da Costa Cotrim, em Reta Nova<br>E.M. Geremias de Mattos Fontes, em Sambaetiba<br>E.Mz. Padre Hugo Monted\u00f4nio Rego, em Vale do Sol<br>E.Mz. Jo\u00e3o de Magalh\u00e3es, em Visconde<br>E.M. Promotor Luiz Carlos Caffaro, em Amplia\u00e7\u00e3o<br>E.M. Maria Ana Moreira, em Rio V\u00e1rzea<br>E.M. Professora Marly Cid de Almeida de Abreu, em Nancil\u00e2ndia<br>E. M. Odilon Bernardes, em Marambaia<br>E.M. Roberta Maria Sodr\u00e9 (EJA diurna), em Apolo II<br>E.Mz. 11 de Junho, em Venda das Pedras<br>E.M. Luzia Gomes de Oliveira, em Itambi<br>CREMII (EJA diurno para adultos e idosos a partir dos 50 anos), em Amplia\u00e7\u00e3o.<\/p>\n\n\n\n<p><strong>Servi\u00e7o<\/strong><\/p>\n\n\n\n<p>Inscri\u00e7\u00f5es:\u00a0<a rel=\"noreferrer noopener\" href=\"https:\/\/matricula.itaborai.rj.gov.br\/\" target=\"_blank\">https:\/\/matricula.itaborai.rj.gov.br\/<\/a><br>Mais informa\u00e7\u00f5es: Entre em contato com a Secretaria Municipal de Educa\u00e7\u00e3o pelo e-mail\u00a0<a rel=\"noreferrer noopener\" href=\"mailto:eja@edu.itaborai.rj.gov.br\" target=\"_blank\">eja@edu.itaborai.rj.gov.br<\/a>.<\/p>\n\n\n\n<p><strong><em>S\u00e3o Gon\u00e7alo vai mudar: Not\u00edcias de S\u00e3o Gon\u00e7alo e toda regi\u00e3o.<\/em><\/strong><\/p>\n\n\n\n<figure class=\"wp-block-image size-full\"><img decoding=\"async\" width=\"317\" height=\"110\" src=\"https:\/\/sgvaimudar.com.br\/wp-content\/uploads\/2023\/08\/cropped-Logo-Provisoria-2-2.png\" alt=\"\" class=\"wp-image-2782\" srcset=\"https:\/\/sgvaimudar.com.br\/wp-content\/uploads\/2023\/08\/cropped-Logo-Provisoria-2-2.png 317w, https:\/\/sgvaimudar.com.br\/wp-content\/uploads\/2023\/08\/cropped-Logo-Provisoria-2-2-300x104.png 300w\" sizes=\"(max-width: 317px) 100vw, 317px\" \/><\/figure>\n","protected":false},"excerpt":{"rendered":"<p>Os interessados podem se inscrever de forma online atrav\u00e9s do link:\u00a0https:\/\/matricula.itaborai.rj.gov.br\/ Com foco na educa\u00e7\u00e3o para transformar o munic\u00edpio, a&hellip;<\/p>\n","protected":false},"author":5,"featured_media":19736,"comment_status":"open","ping_status":"open","sticky":false,"template":"","format":"standard","meta":{"fifu_image_url":"","fifu_image_alt":"","footnotes":""},"categories":[3],"tags":[47],"class_list":["post-19734","post","type-post","status-publish","format-standard","has-post-thumbnail","hentry","category-sao-goncalo","tag-rj"],"_links":{"self":[{"href":"https:\/\/sgvaimudar.com.br\/index.php\/wp-json\/wp\/v2\/posts\/19734","targetHints":{"allow":["GET"]}}],"collection":[{"href":"https:\/\/sgvaimudar.com.br\/index.php\/wp-json\/wp\/v2\/posts"}],"about":[{"href":"https:\/\/sgvaimudar.com.br\/index.php\/wp-json\/wp\/v2\/types\/post"}],"author":[{"embeddable":true,"href":"https:\/\/sgvaimudar.com.br\/index.php\/wp-json\/wp\/v2\/users\/5"}],"replies":[{"embeddable":true,"href":"https:\/\/sgvaimudar.com.br\/index.php\/wp-json\/wp\/v2\/comments?post=19734"}],"version-history":[{"count":1,"href":"https:\/\/sgvaimudar.com.br\/index.php\/wp-json\/wp\/v2\/posts\/19734\/revisions"}],"predecessor-version":[{"id":19737,"href":"https:\/\/sgvaimudar.com.br\/index.php\/wp-json\/wp\/v2\/posts\/19734\/revisions\/19737"}],"wp:featuredmedia":[{"embeddable":true,"href":"https:\/\/sgvaimudar.com.br\/index.php\/wp-json\/wp\/v2\/media\/19736"}],"wp:attachment":[{"href":"https:\/\/sgvaimudar.com.br\/index.php\/wp-json\/wp\/v2\/media?parent=19734"}],"wp:term":[{"taxonomy":"category","embeddable":true,"href":"https:\/\/sgvaimudar.com.br\/index.php\/wp-json\/wp\/v2\/categories?post=19734"},{"taxonomy":"post_tag","embeddable":true,"href":"https:\/\/sgvaimudar.com.br\/index.php\/wp-json\/wp\/v2\/tags?post=19734"}],"curies":[{"name":"wp","href":"https:\/\/api.w.org\/{rel}","templated":true}]}}