{"id":19725,"date":"2025-02-04T15:00:00","date_gmt":"2025-02-04T18:00:00","guid":{"rendered":"https:\/\/sgvaimudar.com.br\/?p=19725"},"modified":"2025-02-04T11:09:07","modified_gmt":"2025-02-04T14:09:07","slug":"rodrigo-bacellar-e-reeleito-por-unanimidade-historica-presidente-da-alerj","status":"publish","type":"post","link":"https:\/\/sgvaimudar.com.br\/index.php\/2025\/02\/04\/rodrigo-bacellar-e-reeleito-por-unanimidade-historica-presidente-da-alerj\/","title":{"rendered":"Rodrigo Bacellar \u00e9 reeleito por unanimidade hist\u00f3rica presidente da Alerj"},"content":{"rendered":"\n<p><em>Pela primeira vez, um deputado da Assembleia Legislativa recebe 100% dos votos favor\u00e1veis para presidir a Casa durante bi\u00eanio 2025-2026<\/em><\/p>\n\n\n\n<p>O deputado Rodrigo Bacellar (Uni\u00e3o) foi reeleito, por unanimidade, nesta segunda-feira (03\/02), presidente da Assembleia Legislativa do Estado do Rio de Janeiro (Alerj). O parlamentar, que encabe\u00e7ou a chapa \u00fanica \u201cSomos um s\u00f3 por um Rio melhor\u201d, comandar\u00e1 o Parlamento Fluminense pelos pr\u00f3ximos dois anos (bi\u00eanio 2025-2026). Em uma vota\u00e7\u00e3o in\u00e9dita e hist\u00f3rica, Bacellar destacou que foi a primeira vez que uma chapa recebeu voto favor\u00e1vel de todos os 70 parlamentares. O novo vice-presidente da Casa ser\u00e1 o deputado Guilherme Delaroli (PL).<\/p>\n\n\n\n<p>Antes da sess\u00e3o oficial, Bacellar fez quest\u00e3o de reunir todos os deputados no Sal\u00e3o Nobre do Pal\u00e1cio Tiradentes. Aos colegas, ele refor\u00e7ou seu compromisso de cuidado com o mandato de cada parlamentar da Alerj: \u201cSou muito grato por ter esse papo \u2018olho no olho\u2019 com voc\u00eas. Serei um presidente ainda mais cuidadoso com cada um de voc\u00eas\u201d.<\/p>\n\n\n\n<p>Na mesma&nbsp;linha, em seu discurso ap\u00f3s a reelei\u00e7\u00e3o, Bacellar declarou que sua miss\u00e3o no Parlamento \u00e9 ter uni\u00e3o e di\u00e1logo com todos, independentemente da posi\u00e7\u00e3o partid\u00e1ria, ideol\u00f3gica e bandeira pol\u00edtica. Ele tamb\u00e9m agradeceu pela vota\u00e7\u00e3o un\u00e2nime, com todos os votos da direita, esquerda e centro.<\/p>\n\n\n\n<p>\u201cTenho um sentimento de dever cumprido e uma enorme responsabilidade. Desde a fus\u00e3o do Estado da Guanabara com o Estado do Rio, que est\u00e1 completando 50 anos, esta \u00e9 a primeira vez na hist\u00f3ria da Assembleia que temos uma vota\u00e7\u00e3o un\u00e2nime, com todos os votos da Casa\u201d, comentou um emocionado Bacellar, que est\u00e1 em seu segundo mandato na Alerj e conduz os trabalhos da Casa desde 2023.<\/p>\n\n\n\n<p>Bacellar disse que o Parlamento Fluminense \u00e9 um exemplo de como \u00e9 poss\u00edvel divergir sem agredir; e discordar sem brigar. \u201cApesar das diverg\u00eancias e dos debates eleitorais, existem pautas que unem todos os espectros pol\u00edticos. Somos um exemplo de que \u00e9 poss\u00edvel construir, em sintonia com todas as&nbsp;correntes pol\u00edticas, muitas agendas de interesse do Estado do Rio\u201d, comentou.<\/p>\n\n\n\n<p>O presidente refor\u00e7ou que o Rio precisa de muitas melhorias, como na Seguran\u00e7a P\u00fablica. \u201cTemos problemas graves sim e j\u00e1 falei v\u00e1rias vezes sobre isso neste Parlamento. Mas o Rio n\u00e3o pode ser pintado somente pelo lado negativo\u201d, disse Bacellar.<\/p>\n\n\n\n<p>Ao final do seu discurso, ele destacou que vai levar o Parlamento e a Alerj a todos os munic\u00edpios de todas as regi\u00f5es fluminense. \u201cVamos ouvir, aprender e trazer para este plen\u00e1rio projetos que contemplem os reais interesses dos mais de 16 milh\u00f5es de habitantes do Estado\u201d, observou.<\/p>\n\n\n\n<p>Bacellar ainda destacou os principais desafios de 2025: \u201cNos pr\u00f3ximos meses temos grandes miss\u00f5es pela frente. Renegocia\u00e7\u00e3o da d\u00edvida do Estado, combate \u00e0 criminalidade e caminhos para o desenvolvimento econ\u00f4mico. Vamos mostrar que existe um Rio que funciona, um Rio que produz e tem potencial&#8221;, concluiu o presidente, que \u00e9 natural de Campos dos Goytacazes, no Norte Fluminense.<\/p>\n\n\n\n<p>Em seu pronunciamento, Bacellar ainda agradeceu a presen\u00e7a das autoridades, sobretudo das mulheres, representadas na figura da primeira-dama do Estado do Rio de Janeiro, Analine Castro, e de seus familiares, citando o filho, Bernardo, o pai e a esposa.<\/p>\n\n\n\n<p><strong>Nova Mesa Diretora<\/strong><\/p>\n\n\n\n<p>A vota\u00e7\u00e3o da nova Mesa Diretora teve o comando da deputada Tia Ju (REP) com o aux\u00edlio do parlamentar Cl\u00e1udio Caiado (PSD) e da deputada Martha Rocha (PDT). A elei\u00e7\u00e3o foi nominal e com voto aberto. Ao declarar o voto, os deputados, independentemente do partido pol\u00edtico, elogiaram a condu\u00e7\u00e3o dos trabalhos de Bacellar nos \u00faltimos anos, refor\u00e7ando que houve espa\u00e7o para todos, inclusive \u00e0 oposi\u00e7\u00e3o, bem como autonomia com rela\u00e7\u00e3o ao Governo do Estado.<\/p>\n\n\n\n<p>A Mesa Diretora da Alerj ser\u00e1 plural, com grande participa\u00e7\u00e3o feminina &#8211; cinco integrantes &#8211; e representantes de diferentes correntes ideol\u00f3gicas. O primeiro vice-presidente, Guilherme Delaroli agradeceu aos ensinamentos que teve de Rodrigo Bacellar assim que chegou \u00e0 Casa, em seu primeiro mandato. \u201cEstou muito honrado&nbsp;por fazer parte dessa composi\u00e7\u00e3o. N\u00e3o estamos cem por cento fechados com o Bacellar, estamos mil por cento&#8221;, afirmou.<\/p>\n\n\n\n<p>As outras tr\u00eas vice-presidentes s\u00e3o mulheres: Tia Ju, Zeidan (PT) e C\u00e9lia Jord\u00e3o (PL). Tia Ju, que tamb\u00e9m preside a Uni\u00e3o Nacional dos Legisladores e Legislativos Estaduais (Unale), disse que a recondu\u00e7\u00e3o da presid\u00eancia \u00e9 uma resposta \u00e0 qualidade do trabalho executado nos \u00faltimos dois anos:<\/p>\n\n\n\n<p>\u201cFicou muito claro que o nosso trabalho resultou em muita produtividade e de resposta para a popula\u00e7\u00e3o. Fomos uma das Assembleias que mais produziu para o povo. Uma das principais pautas na Unale ser\u00e1 a garantia das prerrogativas dos parlamentares estaduais, que v\u00eam sendo reduzidas e amea\u00e7adas a todo tempo\u201d, disse Tia Ju, destacando futuras a\u00e7\u00f5es da Unale como a inaugura\u00e7\u00e3o de uma nova sede e a primeira edi\u00e7\u00e3o da chamada Marcha dos Deputados e Deputadas. \u201cTudo isso em prol de um Parlamento estadual cada vez mais forte\u201d, resumiu.<\/p>\n\n\n\n<p>A quarta vice-presidente, C\u00e9lia Jord\u00e3o, destacou a presen\u00e7a feminina na Mesa Diretora e na Alerj. \u201cA Casa este ano contar\u00e1 com o maior n\u00famero de parlamentares mulheres na hist\u00f3ria e isso se reflete na presen\u00e7a feminina na Alerj. Todas somos muito bem tratadas e respeitadas pelo presidente Bacellar. Isso \u00e9 fundamental para a governan\u00e7a do nosso Estado do Rio de Janeiro. O fortalecimento do Parlamento Fluminense se traduz em um bom trabalho para a popula\u00e7\u00e3o, que depende de cada um de n\u00f3s. Fico muito feliz de permanecer na Mesa Diretora e vou continuar me empenhando para entregar o melhor trabalho\u201d, comentou.<\/p>\n\n\n\n<p>J\u00e1 o primeiro secret\u00e1rio da Alerj, Rosenverg Reis (MDB), que \u00e9 respons\u00e1vel pela parte administrativa da Assembleia, refor\u00e7ou o compromisso da Mesa Diretora eleita com o fortalecimento do Legislativo e a independ\u00eancia entre os Poderes. \u201cTenho \u00f3timas expectativas para este ano legislativo. Tenho certeza de que, com a presid\u00eancia do deputado Rodrigo Bacellar e o governador Cl\u00e1udio Castro, o Rio de Janeiro vai continuar a ganhar muito mais\u201d,&nbsp;concluiu.<\/p>\n\n\n\n<p>A Mesa Diretora do Parlamento Fluminense \u00e9 composta por 13 integrantes. O colegiado tem como atribui\u00e7\u00f5es ser respons\u00e1vel pela dire\u00e7\u00e3o dos trabalhos legislativos e servi\u00e7os administrativos da Assembleia. Entre suas responsabilidades est\u00e3o emitir parecer sobre proposi\u00e7\u00f5es para altera\u00e7\u00e3o do regimento interno; determinar abertura de sindic\u00e2ncias ou instaurar inqu\u00e9ritos administrativos; autorizar assinatura de conv\u00eanios e contratos de presta\u00e7\u00e3o de servi\u00e7os; cumprir decis\u00f5es judiciais; aprovar o or\u00e7amento da Alerj, entre outras.<\/p>\n\n\n\n<p><strong>Confira a composi\u00e7\u00e3o da nova Mesa Diretora da Alerj:<\/strong><\/p>\n\n\n\n<p>Presidente: Rodrigo Bacellar (Uni\u00e3o)<\/p>\n\n\n\n<p>1\u00ba vice-presidente &#8211; Guilherme Delaroli (PL)<\/p>\n\n\n\n<p>2\u00ba vice-presidente &#8211; Tia Ju (REP)<\/p>\n\n\n\n<p>3\u00ba vice-presidente &#8211; Zeidan (PT)<\/p>\n\n\n\n<p>4\u00ba vice-presidente &#8211; C\u00e9lia Jord\u00e3o (PL)<\/p>\n\n\n\n<p>1\u00ba Secret\u00e1rio da Mesa &#8211; Rosenverg Reis (MDB)<\/p>\n\n\n\n<p>2\u00ba secret\u00e1rio &#8211; Dr. Deodalto (PL)<\/p>\n\n\n\n<p>3\u00ba secret\u00e1rio &#8211; Franciane Motta (Uni\u00e3o)<\/p>\n\n\n\n<p>4\u00ba secret\u00e1rio &#8211; Giovani Ratinho (SDD)<\/p>\n\n\n\n<p>1\u00ba vogal &#8211; \u00cdndia Armelau (PL)<\/p>\n\n\n\n<p>2\u00ba vogal &#8211; Rafael Nobre (Uni\u00e3o)<\/p>\n\n\n\n<p>3\u00ba vogal &#8211; Valdecy da Sa\u00fade (PL)<\/p>\n\n\n\n<p>4\u00ba vogal &#8211; Renato Miranda (PL).<\/p>\n\n\n\n<p><strong><em>S\u00e3o Gon\u00e7alo vai mudar: Not\u00edcias de S\u00e3o Gon\u00e7alo e toda regi\u00e3o.<\/em><\/strong><\/p>\n\n\n\n<figure class=\"wp-block-image size-full\"><img decoding=\"async\" width=\"317\" height=\"110\" src=\"https:\/\/sgvaimudar.com.br\/wp-content\/uploads\/2023\/08\/cropped-Logo-Provisoria-2-2.png\" alt=\"\" class=\"wp-image-2782\" srcset=\"https:\/\/sgvaimudar.com.br\/wp-content\/uploads\/2023\/08\/cropped-Logo-Provisoria-2-2.png 317w, https:\/\/sgvaimudar.com.br\/wp-content\/uploads\/2023\/08\/cropped-Logo-Provisoria-2-2-300x104.png 300w\" sizes=\"(max-width: 317px) 100vw, 317px\" \/><\/figure>\n","protected":false},"excerpt":{"rendered":"<p>Pela primeira vez, um deputado da Assembleia Legislativa recebe 100% dos votos favor\u00e1veis para presidir a Casa durante bi\u00eanio 2025-2026&hellip;<\/p>\n","protected":false},"author":5,"featured_media":19726,"comment_status":"open","ping_status":"open","sticky":false,"template":"","format":"standard","meta":{"fifu_image_url":"","fifu_image_alt":"","footnotes":""},"categories":[4],"tags":[74,47],"class_list":["post-19725","post","type-post","status-publish","format-standard","has-post-thumbnail","hentry","category-brasil","tag-eleicao","tag-rj"],"_links":{"self":[{"href":"https:\/\/sgvaimudar.com.br\/index.php\/wp-json\/wp\/v2\/posts\/19725","targetHints":{"allow":["GET"]}}],"collection":[{"href":"https:\/\/sgvaimudar.com.br\/index.php\/wp-json\/wp\/v2\/posts"}],"about":[{"href":"https:\/\/sgvaimudar.com.br\/index.php\/wp-json\/wp\/v2\/types\/post"}],"author":[{"embeddable":true,"href":"https:\/\/sgvaimudar.com.br\/index.php\/wp-json\/wp\/v2\/users\/5"}],"replies":[{"embeddable":true,"href":"https:\/\/sgvaimudar.com.br\/index.php\/wp-json\/wp\/v2\/comments?post=19725"}],"version-history":[{"count":1,"href":"https:\/\/sgvaimudar.com.br\/index.php\/wp-json\/wp\/v2\/posts\/19725\/revisions"}],"predecessor-version":[{"id":19727,"href":"https:\/\/sgvaimudar.com.br\/index.php\/wp-json\/wp\/v2\/posts\/19725\/revisions\/19727"}],"wp:featuredmedia":[{"embeddable":true,"href":"https:\/\/sgvaimudar.com.br\/index.php\/wp-json\/wp\/v2\/media\/19726"}],"wp:attachment":[{"href":"https:\/\/sgvaimudar.com.br\/index.php\/wp-json\/wp\/v2\/media?parent=19725"}],"wp:term":[{"taxonomy":"category","embeddable":true,"href":"https:\/\/sgvaimudar.com.br\/index.php\/wp-json\/wp\/v2\/categories?post=19725"},{"taxonomy":"post_tag","embeddable":true,"href":"https:\/\/sgvaimudar.com.br\/index.php\/wp-json\/wp\/v2\/tags?post=19725"}],"curies":[{"name":"wp","href":"https:\/\/api.w.org\/{rel}","templated":true}]}}