{"id":19720,"date":"2025-02-04T12:59:00","date_gmt":"2025-02-04T15:59:00","guid":{"rendered":"https:\/\/sgvaimudar.com.br\/?p=19720"},"modified":"2025-02-04T14:38:21","modified_gmt":"2025-02-04T17:38:21","slug":"video-mostra-traficantes-atacando-o-caveirao-vai-morrer-policia-diz-o-criminosos-na-filmagem","status":"publish","type":"post","link":"https:\/\/sgvaimudar.com.br\/index.php\/2025\/02\/04\/video-mostra-traficantes-atacando-o-caveirao-vai-morrer-policia-diz-o-criminosos-na-filmagem\/","title":{"rendered":"V\u00eddeo mostra traficantes atacando o &#8220;caveir\u00e3o&#8221;: &#8220;Vai morrer pol\u00edcia&#8221;, diz o criminoso na filmagem"},"content":{"rendered":"\n<p><em>Segundo informa\u00e7\u00f5es da PM, ocupa\u00e7\u00e3o do Salgueiro deve come\u00e7ar a qualquer momento<\/em><\/p>\n\n\n\n<p>Um v\u00eddeo gravado por criminosos do Complexo do Salgueiro, em S\u00e3o Gon\u00e7alo, mostrou um intenso tiroteio com policiais militares nesta segunda-feira (3). Nas imagens, os traficantes, trajando roupas camufladas&nbsp;em uma \u00e1rea de mata, disparam uma rajada contra um &#8220;caveir\u00e3o&#8221; da PM, que aparenta recuar da posi\u00e7\u00e3o. Durante o confronto, um dos criminosos grita repetidamente &#8220;Vai morrer pol\u00edcia&#8221;.<\/p>\n\n\n\n<figure class=\"wp-block-video\"><video height=\"704\" style=\"aspect-ratio: 480 \/ 704;\" width=\"480\" controls src=\"https:\/\/sgvaimudar.com.br\/wp-content\/uploads\/2025\/02\/WhatsApp-Video-2025-02-03-at-15.45.11.mp4\"><\/video><\/figure>\n\n\n\n<p>Uma grande opera\u00e7\u00e3o foi desencadeada no Complexo do Salgueiro desde as primeiras horas da manh\u00e3 desta segunda-feira (3). A a\u00e7\u00e3o mobilizou cerca de 400 agentes de diversas unidades especializadas da Pol\u00edcia Militar, incluindo o Batalh\u00e3o de Opera\u00e7\u00f5es Policiais Especiais (Bope), o Batalh\u00e3o de Choque, o Batalh\u00e3o de A\u00e7\u00f5es com C\u00e3es, o Grupamento Aerom\u00f3vel e equipes do 7\u00ba BPM (S\u00e3o Gon\u00e7alo).<\/p>\n\n\n\n<p>A opera\u00e7\u00e3o tem como objetivo principal capturar&nbsp;os criminosos envolvidos na morte do policial militar reformado Carlos Wagner de Alvarenga Costa, assassinado durante um assalto no \u00faltimo s\u00e1bado (1). Al\u00e9m disso, a a\u00e7\u00e3o visa combater o roubo de ve\u00edculos e cargas na regi\u00e3o, que registrou um aumento significativo no \u00faltimo fim de semana, com quase 60 ocorr\u00eancias nas delegacias locais.<\/p>\n\n\n\n<p><em>Reportagem: Mauro J\u00fanior<\/em><\/p>\n\n\n\n<p><strong><em>S\u00e3o Gon\u00e7alo vai mudar: Not\u00edcias de S\u00e3o Gon\u00e7alo e toda regi\u00e3o.<\/em><\/strong><\/p>\n\n\n\n<figure class=\"wp-block-image size-full\"><img decoding=\"async\" width=\"317\" height=\"110\" src=\"https:\/\/sgvaimudar.com.br\/wp-content\/uploads\/2023\/08\/cropped-Logo-Provisoria-2-2.png\" alt=\"\" class=\"wp-image-2782\" srcset=\"https:\/\/sgvaimudar.com.br\/wp-content\/uploads\/2023\/08\/cropped-Logo-Provisoria-2-2.png 317w, https:\/\/sgvaimudar.com.br\/wp-content\/uploads\/2023\/08\/cropped-Logo-Provisoria-2-2-300x104.png 300w\" sizes=\"(max-width: 317px) 100vw, 317px\" \/><\/figure>\n","protected":false},"excerpt":{"rendered":"<p>Segundo informa\u00e7\u00f5es da PM, ocupa\u00e7\u00e3o do Salgueiro deve come\u00e7ar a qualquer momento Um v\u00eddeo gravado por criminosos do Complexo do&hellip;<\/p>\n","protected":false},"author":5,"featured_media":19722,"comment_status":"open","ping_status":"open","sticky":false,"template":"","format":"standard","meta":{"fifu_image_url":"","fifu_image_alt":"","footnotes":""},"categories":[32],"tags":[39,41,40,47,75],"class_list":["post-19720","post","type-post","status-publish","format-standard","has-post-thumbnail","hentry","category-casos-de-policia","tag-ataque","tag-conflito","tag-guerra","tag-rj","tag-sao-goncalo"],"_links":{"self":[{"href":"https:\/\/sgvaimudar.com.br\/index.php\/wp-json\/wp\/v2\/posts\/19720","targetHints":{"allow":["GET"]}}],"collection":[{"href":"https:\/\/sgvaimudar.com.br\/index.php\/wp-json\/wp\/v2\/posts"}],"about":[{"href":"https:\/\/sgvaimudar.com.br\/index.php\/wp-json\/wp\/v2\/types\/post"}],"author":[{"embeddable":true,"href":"https:\/\/sgvaimudar.com.br\/index.php\/wp-json\/wp\/v2\/users\/5"}],"replies":[{"embeddable":true,"href":"https:\/\/sgvaimudar.com.br\/index.php\/wp-json\/wp\/v2\/comments?post=19720"}],"version-history":[{"count":3,"href":"https:\/\/sgvaimudar.com.br\/index.php\/wp-json\/wp\/v2\/posts\/19720\/revisions"}],"predecessor-version":[{"id":19746,"href":"https:\/\/sgvaimudar.com.br\/index.php\/wp-json\/wp\/v2\/posts\/19720\/revisions\/19746"}],"wp:featuredmedia":[{"embeddable":true,"href":"https:\/\/sgvaimudar.com.br\/index.php\/wp-json\/wp\/v2\/media\/19722"}],"wp:attachment":[{"href":"https:\/\/sgvaimudar.com.br\/index.php\/wp-json\/wp\/v2\/media?parent=19720"}],"wp:term":[{"taxonomy":"category","embeddable":true,"href":"https:\/\/sgvaimudar.com.br\/index.php\/wp-json\/wp\/v2\/categories?post=19720"},{"taxonomy":"post_tag","embeddable":true,"href":"https:\/\/sgvaimudar.com.br\/index.php\/wp-json\/wp\/v2\/tags?post=19720"}],"curies":[{"name":"wp","href":"https:\/\/api.w.org\/{rel}","templated":true}]}}