{"id":19678,"date":"2025-02-04T07:13:05","date_gmt":"2025-02-04T10:13:05","guid":{"rendered":"https:\/\/sgvaimudar.com.br\/?p=19678"},"modified":"2025-02-04T07:13:06","modified_gmt":"2025-02-04T10:13:06","slug":"pm-do-rio-apreendeu-em-janeiro-84-fuzis-em-poder-do-crime-organizado","status":"publish","type":"post","link":"https:\/\/sgvaimudar.com.br\/index.php\/2025\/02\/04\/pm-do-rio-apreendeu-em-janeiro-84-fuzis-em-poder-do-crime-organizado\/","title":{"rendered":"PM do Rio apreendeu em janeiro 84 fuzis em poder do crime organizado"},"content":{"rendered":"\n<p><em>Volume recolhido supera o recorde de agosto do ano passado<\/em><\/p>\n\n\n\n<p>A Pol\u00edcia Militar do Rio de Janeiro apreendeu, em janeiro deste ano, 410 armas de fogo que estavam em poder do crime organizado. Entre as armas apreendidas, estavam inclu\u00eddos 84 fuzis, o maior n\u00famero da s\u00e9rie hist\u00f3rica, iniciada em 2015. Grande parte das apreens\u00f5es foi feita em munic\u00edpios da Baixada Fluminense, onde h\u00e1 disputa de territ\u00f3rio por fac\u00e7\u00f5es criminosas rivais.<img decoding=\"async\" src=\"https:\/\/agenciabrasil.ebc.com.br\/ebc.png?id=1628989&amp;o=node\"><img decoding=\"async\" src=\"https:\/\/agenciabrasil.ebc.com.br\/ebc.gif?id=1628989&amp;o=node\"><\/p>\n\n\n\n<p>O n\u00famero de fuzis apreendidos no m\u00eas passado supera as apreens\u00f5es desse tipo de armas de guerra registradas em 2023, quando 53 unidades foram recolhidas no mesmo per\u00edodo por policiais militares.&nbsp;<\/p>\n\n\n\n<p>At\u00e9 ent\u00e3o, o recorde de apreens\u00f5es em um \u00fanico m\u00eas foi em agosto de 2024, quando policiais militares retiraram de circula\u00e7\u00e3o 78 fuzis.<\/p>\n\n\n\n<h2 class=\"wp-block-heading\">Apreens\u00f5es da PF<\/h2>\n\n\n\n<p>Na madrugada de quinta-feira passada (30), a Pol\u00edcia Federal (PF) prendeu dois homens e apreendeu 11 fuzis durante uma opera\u00e7\u00e3o na RJ-127, na altura de Paracambi, regi\u00e3o metropolitana do Rio de Janeiro. A a\u00e7\u00e3o foi conduzida pela Delegacia de Repress\u00e3o a Drogas (DRE) da Superintend\u00eancia da PF no Rio de Janeiro. Essas armas n\u00e3o entram na estat\u00edstica da Pol\u00edcia Militar do estado do Rio.<br><br>Os policiais federais localizaram e abordaram dois ve\u00edculos: um carro e uma motocicleta, que transportavam o armamento em tr\u00eas bolsas. Ao todo, foram apreendidos oito fuzis calibre 5.56 e tr\u00eas de calibre 7.62, al\u00e9m dos ve\u00edculos usados no transporte das armas.<br><br>De acordo com as investiga\u00e7\u00f5es, o armamento teria como destino o Complexo da Penha, comunidade controlada pelo Comando Vermelho, maior fac\u00e7\u00e3o criminosa do Rio de Janeiro.<\/p>\n\n\n\n<p><strong><em>S\u00e3o Gon\u00e7alo vai mudar: Not\u00edcias de S\u00e3o Gon\u00e7alo e toda regi\u00e3o.<\/em><\/strong><\/p>\n\n\n\n<figure class=\"wp-block-image size-full\"><img decoding=\"async\" width=\"317\" height=\"110\" src=\"https:\/\/sgvaimudar.com.br\/wp-content\/uploads\/2023\/08\/cropped-Logo-Provisoria-2-2.png\" alt=\"\" class=\"wp-image-2782\" srcset=\"https:\/\/sgvaimudar.com.br\/wp-content\/uploads\/2023\/08\/cropped-Logo-Provisoria-2-2.png 317w, https:\/\/sgvaimudar.com.br\/wp-content\/uploads\/2023\/08\/cropped-Logo-Provisoria-2-2-300x104.png 300w\" sizes=\"(max-width: 317px) 100vw, 317px\" \/><\/figure>\n","protected":false},"excerpt":{"rendered":"<p>Volume recolhido supera o recorde de agosto do ano passado A Pol\u00edcia Militar do Rio de Janeiro apreendeu, em janeiro&hellip;<\/p>\n","protected":false},"author":5,"featured_media":7837,"comment_status":"open","ping_status":"open","sticky":false,"template":"","format":"standard","meta":{"fifu_image_url":"","fifu_image_alt":"","footnotes":""},"categories":[32],"tags":[39,41,40,47],"class_list":["post-19678","post","type-post","status-publish","format-standard","has-post-thumbnail","hentry","category-casos-de-policia","tag-ataque","tag-conflito","tag-guerra","tag-rj"],"_links":{"self":[{"href":"https:\/\/sgvaimudar.com.br\/index.php\/wp-json\/wp\/v2\/posts\/19678","targetHints":{"allow":["GET"]}}],"collection":[{"href":"https:\/\/sgvaimudar.com.br\/index.php\/wp-json\/wp\/v2\/posts"}],"about":[{"href":"https:\/\/sgvaimudar.com.br\/index.php\/wp-json\/wp\/v2\/types\/post"}],"author":[{"embeddable":true,"href":"https:\/\/sgvaimudar.com.br\/index.php\/wp-json\/wp\/v2\/users\/5"}],"replies":[{"embeddable":true,"href":"https:\/\/sgvaimudar.com.br\/index.php\/wp-json\/wp\/v2\/comments?post=19678"}],"version-history":[{"count":1,"href":"https:\/\/sgvaimudar.com.br\/index.php\/wp-json\/wp\/v2\/posts\/19678\/revisions"}],"predecessor-version":[{"id":19679,"href":"https:\/\/sgvaimudar.com.br\/index.php\/wp-json\/wp\/v2\/posts\/19678\/revisions\/19679"}],"wp:featuredmedia":[{"embeddable":true,"href":"https:\/\/sgvaimudar.com.br\/index.php\/wp-json\/wp\/v2\/media\/7837"}],"wp:attachment":[{"href":"https:\/\/sgvaimudar.com.br\/index.php\/wp-json\/wp\/v2\/media?parent=19678"}],"wp:term":[{"taxonomy":"category","embeddable":true,"href":"https:\/\/sgvaimudar.com.br\/index.php\/wp-json\/wp\/v2\/categories?post=19678"},{"taxonomy":"post_tag","embeddable":true,"href":"https:\/\/sgvaimudar.com.br\/index.php\/wp-json\/wp\/v2\/tags?post=19678"}],"curies":[{"name":"wp","href":"https:\/\/api.w.org\/{rel}","templated":true}]}}