{"id":19669,"date":"2025-02-03T21:00:00","date_gmt":"2025-02-04T00:00:00","guid":{"rendered":"https:\/\/sgvaimudar.com.br\/?p=19669"},"modified":"2025-02-03T10:20:58","modified_gmt":"2025-02-03T13:20:58","slug":"europa-deve-se-fazer-respeitar-e-reagir-alerta-macron-diante-das-ameacas-dos-eua","status":"publish","type":"post","link":"https:\/\/sgvaimudar.com.br\/index.php\/2025\/02\/03\/europa-deve-se-fazer-respeitar-e-reagir-alerta-macron-diante-das-ameacas-dos-eua\/","title":{"rendered":"Europa deve &#8216;se fazer respeitar e reagir&#8217;, alerta Macron diante das amea\u00e7as dos EUA"},"content":{"rendered":"\n<p><em>&#8216;N\u00e3o podemos perder nosso respeito pr\u00f3prio e nossa autoconfian\u00e7a&#8217;, disse o presidente da Fran\u00e7a<\/em><\/p>\n\n\n\n<p>O presidente da Fran\u00e7a, Emmanuel Macron, disse em Bruxelas, nesta segunda-feira (3), que, se a Europa for alvo de tarifas comerciais, ela deve &#8220;se fazer respeitar&#8221; e reagir, em um alerta diante das crescentes amea\u00e7as de medidas dos EUA.<\/p>\n\n\n\n<p>&#8220;Se formos atacados em quest\u00f5es comerciais, a Europa, como uma pot\u00eancia firme, ter\u00e1 que se fazer respeitar e, portanto, reagir&#8221;, disse Macron ao chegar a uma reuni\u00e3o informal de l\u00edderes da UE dedicada \u00e0 defesa.<\/p>\n\n\n\n<p>Pouco antes, o primeiro-ministro polon\u00eas, Donald Tusk, havia comentado que, em sua opini\u00e3o, as tens\u00f5es e guerras comerciais s\u00e3o &#8220;desnecess\u00e1rias&#8221; e &#8220;est\u00fapidas&#8221;.<\/p>\n\n\n\n<p>&#8220;Temos que fazer de tudo para evitar essas (&#8230;) guerras comerciais totalmente desnecess\u00e1rias e est\u00fapidas, mas ao mesmo tempo (&#8230;) n\u00e3o podemos perder o bom senso&#8221;, disse Tusk, cujo pa\u00eds det\u00e9m a presid\u00eancia rotativa de seis meses da UE.<\/p>\n\n\n\n<p>&#8220;N\u00e3o podemos perder nosso respeito pr\u00f3prio e nossa autoconfian\u00e7a&#8221;, insistiu.<\/p>\n\n\n\n<p>O chefe de governo da Alemanha, Olaf Scholz, disse que se houvesse tens\u00f5es sobre as tarifas comerciais, isso seria &#8220;ruim para os Estados Unidos e ruim para a Europa&#8221;.<\/p>\n\n\n\n<p>De acordo com Scholz, &#8220;o requisito b\u00e1sico para um acordo [com o presidente dos EUA, Donald Trump] \u00e9 reconhecer nosso pr\u00f3prio poder. A Europa pode agir&#8221;.<\/p>\n\n\n\n<p><em>Fonte: O Dia<\/em><\/p>\n\n\n\n<figure class=\"wp-block-image size-full\"><img decoding=\"async\" width=\"317\" height=\"110\" src=\"https:\/\/sgvaimudar.com.br\/wp-content\/uploads\/2023\/08\/cropped-Logo-Provisoria-2-2.png\" alt=\"\" class=\"wp-image-2782\" srcset=\"https:\/\/sgvaimudar.com.br\/wp-content\/uploads\/2023\/08\/cropped-Logo-Provisoria-2-2.png 317w, https:\/\/sgvaimudar.com.br\/wp-content\/uploads\/2023\/08\/cropped-Logo-Provisoria-2-2-300x104.png 300w\" sizes=\"(max-width: 317px) 100vw, 317px\" \/><\/figure>\n","protected":false},"excerpt":{"rendered":"<p>&#8216;N\u00e3o podemos perder nosso respeito pr\u00f3prio e nossa autoconfian\u00e7a&#8217;, disse o presidente da Fran\u00e7a O presidente da Fran\u00e7a, Emmanuel Macron,&hellip;<\/p>\n","protected":false},"author":5,"featured_media":19670,"comment_status":"open","ping_status":"open","sticky":false,"template":"","format":"standard","meta":{"fifu_image_url":"","fifu_image_alt":"","footnotes":""},"categories":[1],"tags":[],"class_list":["post-19669","post","type-post","status-publish","format-standard","has-post-thumbnail","hentry","category-mundo"],"_links":{"self":[{"href":"https:\/\/sgvaimudar.com.br\/index.php\/wp-json\/wp\/v2\/posts\/19669","targetHints":{"allow":["GET"]}}],"collection":[{"href":"https:\/\/sgvaimudar.com.br\/index.php\/wp-json\/wp\/v2\/posts"}],"about":[{"href":"https:\/\/sgvaimudar.com.br\/index.php\/wp-json\/wp\/v2\/types\/post"}],"author":[{"embeddable":true,"href":"https:\/\/sgvaimudar.com.br\/index.php\/wp-json\/wp\/v2\/users\/5"}],"replies":[{"embeddable":true,"href":"https:\/\/sgvaimudar.com.br\/index.php\/wp-json\/wp\/v2\/comments?post=19669"}],"version-history":[{"count":1,"href":"https:\/\/sgvaimudar.com.br\/index.php\/wp-json\/wp\/v2\/posts\/19669\/revisions"}],"predecessor-version":[{"id":19671,"href":"https:\/\/sgvaimudar.com.br\/index.php\/wp-json\/wp\/v2\/posts\/19669\/revisions\/19671"}],"wp:featuredmedia":[{"embeddable":true,"href":"https:\/\/sgvaimudar.com.br\/index.php\/wp-json\/wp\/v2\/media\/19670"}],"wp:attachment":[{"href":"https:\/\/sgvaimudar.com.br\/index.php\/wp-json\/wp\/v2\/media?parent=19669"}],"wp:term":[{"taxonomy":"category","embeddable":true,"href":"https:\/\/sgvaimudar.com.br\/index.php\/wp-json\/wp\/v2\/categories?post=19669"},{"taxonomy":"post_tag","embeddable":true,"href":"https:\/\/sgvaimudar.com.br\/index.php\/wp-json\/wp\/v2\/tags?post=19669"}],"curies":[{"name":"wp","href":"https:\/\/api.w.org\/{rel}","templated":true}]}}