{"id":19666,"date":"2025-02-03T19:00:00","date_gmt":"2025-02-03T22:00:00","guid":{"rendered":"https:\/\/sgvaimudar.com.br\/?p=19666"},"modified":"2025-02-03T10:16:09","modified_gmt":"2025-02-03T13:16:09","slug":"em-itaborai-itaprevi-realiza-primeiro-cafe-da-manha-para-aposentados-de-2025","status":"publish","type":"post","link":"https:\/\/sgvaimudar.com.br\/index.php\/2025\/02\/03\/em-itaborai-itaprevi-realiza-primeiro-cafe-da-manha-para-aposentados-de-2025\/","title":{"rendered":"Em Itabora\u00ed, Itaprevi realiza primeiro caf\u00e9 da manh\u00e3 para aposentados de 2025"},"content":{"rendered":"\n<p><em>O encontro aconteceu no Rotary Club, no Centro<\/em><\/p>\n\n\n\n<p>O Instituto de Previd\u00eancia e Assist\u00eancia dos Servidores P\u00fablicos de Itabora\u00ed (Itaprevi) promoveu a primeira edi\u00e7\u00e3o do ano do seu tradicional caf\u00e9 da manh\u00e3 mensal, reunindo servidores aposentados para um momento de integra\u00e7\u00e3o e troca de experi\u00eancias. <\/p>\n\n\n\n<p>Para o presidente do Itaprevi, Jocivaldo Lopes da Silva, essas reuni\u00f5es v\u00e3o al\u00e9m da confraterniza\u00e7\u00e3o, representando um espa\u00e7o de acolhimento e valoriza\u00e7\u00e3o dos aposentados.<\/p>\n\n\n\n<p>\u201cEsses encontros s\u00e3o uma forma de retribuir o compromisso e a dedica\u00e7\u00e3o dos nossos aposentados ao longo dos anos. Queremos que eles se sintam acolhidos, valorizados e saibam que o Itaprevi est\u00e1 sempre dispon\u00edvel para apoi\u00e1-los, seja com informa\u00e7\u00f5es importantes ou com momentos de conviv\u00eancia como esse\u201d, ressaltou o presidente.<\/p>\n\n\n\n<p>Durante a manh\u00e3, os participantes puderam usufruir de diversos servi\u00e7os voltados ao bem-estar, como massoterapia e aferi\u00e7\u00e3o de press\u00e3o arterial, proporcionando momentos de relaxamento e cuidado com a sa\u00fade.<\/p>\n\n\n\n<p>Entre os presentes, a aposentada Elmira Cunha, destacou o impacto positivo do evento.<\/p>\n\n\n\n<p>\u201cParticipar desses eventos \u00e9 sempre uma alegria! Al\u00e9m do caf\u00e9 da manh\u00e3, temos acesso a informa\u00e7\u00f5es sobre sa\u00fade e ainda encontramos amigos. Esses momentos fazem toda a diferen\u00e7a no nosso dia a dia\u201d, afirmou a merendeira.<\/p>\n\n\n\n<p>O caf\u00e9 da manh\u00e3 mensal do Itaprevi segue como um importante espa\u00e7o de intera\u00e7\u00e3o e apoio aos aposentados e pensionistas, refor\u00e7ando o compromisso do instituto em garantir n\u00e3o apenas os direitos previdenci\u00e1rios, mas tamb\u00e9m o bem-estar e a qualidade de vida daqueles que contribu\u00edram para o crescimento do munic\u00edpio.<\/p>\n\n\n\n<p><strong><em>S\u00e3o Gon\u00e7alo vai mudar: Not\u00edcias de S\u00e3o Gon\u00e7alo e toda regi\u00e3o.<\/em><\/strong><\/p>\n\n\n\n<figure class=\"wp-block-image size-full\"><img decoding=\"async\" width=\"317\" height=\"110\" src=\"https:\/\/sgvaimudar.com.br\/wp-content\/uploads\/2023\/08\/cropped-Logo-Provisoria-2-2.png\" alt=\"\" class=\"wp-image-2782\" srcset=\"https:\/\/sgvaimudar.com.br\/wp-content\/uploads\/2023\/08\/cropped-Logo-Provisoria-2-2.png 317w, https:\/\/sgvaimudar.com.br\/wp-content\/uploads\/2023\/08\/cropped-Logo-Provisoria-2-2-300x104.png 300w\" sizes=\"(max-width: 317px) 100vw, 317px\" \/><\/figure>\n","protected":false},"excerpt":{"rendered":"<p>O encontro aconteceu no Rotary Club, no Centro O Instituto de Previd\u00eancia e Assist\u00eancia dos Servidores P\u00fablicos de Itabora\u00ed (Itaprevi)&hellip;<\/p>\n","protected":false},"author":5,"featured_media":19667,"comment_status":"open","ping_status":"open","sticky":false,"template":"","format":"standard","meta":{"fifu_image_url":"","fifu_image_alt":"","footnotes":""},"categories":[7],"tags":[47],"class_list":["post-19666","post","type-post","status-publish","format-standard","has-post-thumbnail","hentry","category-saude","tag-rj"],"_links":{"self":[{"href":"https:\/\/sgvaimudar.com.br\/index.php\/wp-json\/wp\/v2\/posts\/19666","targetHints":{"allow":["GET"]}}],"collection":[{"href":"https:\/\/sgvaimudar.com.br\/index.php\/wp-json\/wp\/v2\/posts"}],"about":[{"href":"https:\/\/sgvaimudar.com.br\/index.php\/wp-json\/wp\/v2\/types\/post"}],"author":[{"embeddable":true,"href":"https:\/\/sgvaimudar.com.br\/index.php\/wp-json\/wp\/v2\/users\/5"}],"replies":[{"embeddable":true,"href":"https:\/\/sgvaimudar.com.br\/index.php\/wp-json\/wp\/v2\/comments?post=19666"}],"version-history":[{"count":1,"href":"https:\/\/sgvaimudar.com.br\/index.php\/wp-json\/wp\/v2\/posts\/19666\/revisions"}],"predecessor-version":[{"id":19668,"href":"https:\/\/sgvaimudar.com.br\/index.php\/wp-json\/wp\/v2\/posts\/19666\/revisions\/19668"}],"wp:featuredmedia":[{"embeddable":true,"href":"https:\/\/sgvaimudar.com.br\/index.php\/wp-json\/wp\/v2\/media\/19667"}],"wp:attachment":[{"href":"https:\/\/sgvaimudar.com.br\/index.php\/wp-json\/wp\/v2\/media?parent=19666"}],"wp:term":[{"taxonomy":"category","embeddable":true,"href":"https:\/\/sgvaimudar.com.br\/index.php\/wp-json\/wp\/v2\/categories?post=19666"},{"taxonomy":"post_tag","embeddable":true,"href":"https:\/\/sgvaimudar.com.br\/index.php\/wp-json\/wp\/v2\/tags?post=19666"}],"curies":[{"name":"wp","href":"https:\/\/api.w.org\/{rel}","templated":true}]}}