{"id":19660,"date":"2025-02-03T15:00:00","date_gmt":"2025-02-03T18:00:00","guid":{"rendered":"https:\/\/sgvaimudar.com.br\/?p=19660"},"modified":"2025-02-03T10:06:29","modified_gmt":"2025-02-03T13:06:29","slug":"governo-do-rio-aprova-modelagem-de-concessao-da-ferrovia-vitoria-rio","status":"publish","type":"post","link":"https:\/\/sgvaimudar.com.br\/index.php\/2025\/02\/03\/governo-do-rio-aprova-modelagem-de-concessao-da-ferrovia-vitoria-rio\/","title":{"rendered":"Governo do Rio aprova modelagem de concess\u00e3o da Ferrovia Vit\u00f3ria-Rio"},"content":{"rendered":"\n<p><em>Previs\u00e3o \u00e9 que a licita\u00e7\u00e3o seja feita este ano Proposta do Minist\u00e9rio dos Transportes e ANTT agradou tamb\u00e9m a entidades empresariais do Rio de Janeiro<\/em><\/p>\n\n\n\n<p>O Governo do Estado do Rio de Janeiro aprovou, na sexta-feira (31\/01), a modelagem de concess\u00e3o da EF-118, a ferrovia Vit\u00f3ria-Rio, que formar\u00e1 o Anel Ferrovi\u00e1rio do Sudeste. A proposta foi discutida, junto \u00e0 Ag\u00eancia Reguladora de Servi\u00e7os P\u00fablicos Concedidos de Transportes Aquavi\u00e1rios, Ferrovi\u00e1rios, Metrovi\u00e1rios e de Rodovias do Estado do Rio de Janeiro (Agetransp) e entidades empresariais fluminenses. A licita\u00e7\u00e3o do primeiro trecho da ferrovia, entre S\u00e3o Jo\u00e3o da Barra (RJ) e Anchieta (ES), dever\u00e1 ser realizada no final de 2025, segundo previs\u00e3o do Minist\u00e9rio dos Transportes.<\/p>\n\n\n\n<p>&#8220;A concretiza\u00e7\u00e3o deste projeto \u00e9 uma luta que o Governo do Estado vem travando h\u00e1 anos. A ferrovia ser\u00e1 um marco na infraestrutura das regi\u00f5es que atravessa, impulsionando o desenvolvimento econ\u00f4mico e facilitando a log\u00edstica de transporte. Al\u00e9m disso, sua constru\u00e7\u00e3o abrir\u00e1 novas oportunidades para a gera\u00e7\u00e3o de empregos, fortalecer\u00e1 cadeias produtivas locais e atrair\u00e1 investimentos estrat\u00e9gicos, tornando-se um vetor essencial para o crescimento sustent\u00e1vel e a competitividade do estado&#8221;, destacou o governador Cl\u00e1udio Castro.<\/p>\n\n\n\n<p>A EF-118 ter\u00e1, ao todo, 495 km e conectar\u00e1 a Estrada de Ferro Vit\u00f3ria-Minas (EFVM), no Esp\u00edrito Santo, \u00e0 malha ferrovi\u00e1ria da MRS, no Rio de Janeiro. Ter\u00e1 um papel de integra\u00e7\u00e3o entre as capitais, polos industriais e portos da Regi\u00e3o Sudeste. Vai expandir a capacidade portu\u00e1ria, aliviando gargalos, especialmente para o agroneg\u00f3cio e a minera\u00e7\u00e3o, facilitando o fluxo de mat\u00e9rias-primas e produtos entre ind\u00fastrias do Sudeste. Criar\u00e1 um importante corredor log\u00edstico para o mercado interno e com\u00e9rcio exterior e ser\u00e1 alternativa o escoamento de cargas, acompanhando o crescimento da demanda.<\/p>\n\n\n\n<p>A ferrovia trar\u00e1 impacto direto no desenvolvimento de 24 munic\u00edpios, sendo que 13 j\u00e1 ser\u00e3o beneficiados na fase inicial da implanta\u00e7\u00e3o. O Anel Ferrovi\u00e1rio do Nordeste contribuir\u00e1 para o fortalecimento das exporta\u00e7\u00f5es brasileiras. Al\u00e9m disso, representa investimento em atividade que contribui para a redu\u00e7\u00e3o das emiss\u00f5es de CO2, alinhada com as pol\u00edticas ambientais do Estado.<\/p>\n\n\n\n<p>A reuni\u00e3o realizada na sede do governo estadual faz parte da s\u00e9rie de encontros que o Minist\u00e9rio dos Transportes e a Ag\u00eancia Nacional de Transportes Terrestres (ANTT) est\u00e3o realizando para apresentar o projeto e ouvir sugest\u00f5es. Ainda nesta sexta-feira foi realizada audi\u00eancia p\u00fablica na sede da Federa\u00e7\u00e3o das Ind\u00fastrias do Estado do Rio de Janeiro.<\/p>\n\n\n\n<p>&#8220;A EF-118 \u00e9 uma infraestrutura essencial para fortalecer a log\u00edstica e a competitividade do Brasil, especialmente no Sudeste, impactando portos, ind\u00fastrias e cidades, al\u00e9m de gerar empregos e incentivar a economia regional. Por isso defendemos a retomada deste projeto&#8221;, explicou o secret\u00e1rio de Estado da Casa Civil, Nicola Miccione.<\/p>\n\n\n\n<p>Para a secret\u00e1ria de Desenvolvimento Econ\u00f4mico do Estado do Rio de Janeiro, Fernanda Curdi, a constru\u00e7\u00e3o da EF-118 representa um marco para o desenvolvimento econ\u00f4mico do Estado do Rio de Janeiro.<\/p>\n\n\n\n<p>&#8220;Esta \u00e9 uma infraestrutura capaz de impulsionar a economia e integrar ainda mais o estado \u00e0s cadeias produtivas nacionais e internacionais. Al\u00e9m de fortalecer o transporte de cargas e reduzir custos log\u00edsticos, essa ferrovia abre novas oportunidades para a ind\u00fastria, o com\u00e9rcio e o agroneg\u00f3cio, consolidando o Rio de Janeiro como um hub estrat\u00e9gico para o escoamento da produ\u00e7\u00e3o brasileira&#8221;, afirmou Curdi.<\/p>\n\n\n\n<p>Participaram da reuni\u00e3o o secret\u00e1rio-executivo do Minist\u00e9rio dos Transportes, George Santoro, o secret\u00e1rio nacional de Transporte Ferrovi\u00e1rio, Leonardo Cezar Ribeiro, o diretor de Outorgas Ferrovi\u00e1rias, H\u00e9lio Roberto da Silva Souza, o diretor-geral da ANTT Rafael Vitale e diretores da ag\u00eancia, o presidente da Agetransp Adolfo Konder, o executivo e Assuntos Institucionais da Prumo (Porto do A\u00e7u), Eduardo Kantz, o chefe de gabinete da Secretaria de Estado de Transportes e Mobilidade Urbana, Rog\u00e9rio Sacchi, e M\u00e1rcio Fortes e Delmo Pinho, representando a Firjan e a Fecom\u00e9rcio.<\/p>\n\n\n\n<p><strong><em>S\u00e3o Gon\u00e7alo vai mudar: Not\u00edcias de S\u00e3o Gon\u00e7alo e toda regi\u00e3o.<\/em><\/strong><\/p>\n\n\n\n<figure class=\"wp-block-image size-full\"><img decoding=\"async\" width=\"317\" height=\"110\" src=\"https:\/\/sgvaimudar.com.br\/wp-content\/uploads\/2023\/08\/cropped-Logo-Provisoria-2-2.png\" alt=\"\" class=\"wp-image-2782\" srcset=\"https:\/\/sgvaimudar.com.br\/wp-content\/uploads\/2023\/08\/cropped-Logo-Provisoria-2-2.png 317w, https:\/\/sgvaimudar.com.br\/wp-content\/uploads\/2023\/08\/cropped-Logo-Provisoria-2-2-300x104.png 300w\" sizes=\"(max-width: 317px) 100vw, 317px\" \/><\/figure>\n","protected":false},"excerpt":{"rendered":"<p>Previs\u00e3o \u00e9 que a licita\u00e7\u00e3o seja feita este ano Proposta do Minist\u00e9rio dos Transportes e ANTT agradou tamb\u00e9m a entidades&hellip;<\/p>\n","protected":false},"author":5,"featured_media":19661,"comment_status":"open","ping_status":"open","sticky":false,"template":"","format":"standard","meta":{"fifu_image_url":"","fifu_image_alt":"","footnotes":""},"categories":[4],"tags":[],"class_list":["post-19660","post","type-post","status-publish","format-standard","has-post-thumbnail","hentry","category-brasil"],"_links":{"self":[{"href":"https:\/\/sgvaimudar.com.br\/index.php\/wp-json\/wp\/v2\/posts\/19660","targetHints":{"allow":["GET"]}}],"collection":[{"href":"https:\/\/sgvaimudar.com.br\/index.php\/wp-json\/wp\/v2\/posts"}],"about":[{"href":"https:\/\/sgvaimudar.com.br\/index.php\/wp-json\/wp\/v2\/types\/post"}],"author":[{"embeddable":true,"href":"https:\/\/sgvaimudar.com.br\/index.php\/wp-json\/wp\/v2\/users\/5"}],"replies":[{"embeddable":true,"href":"https:\/\/sgvaimudar.com.br\/index.php\/wp-json\/wp\/v2\/comments?post=19660"}],"version-history":[{"count":1,"href":"https:\/\/sgvaimudar.com.br\/index.php\/wp-json\/wp\/v2\/posts\/19660\/revisions"}],"predecessor-version":[{"id":19662,"href":"https:\/\/sgvaimudar.com.br\/index.php\/wp-json\/wp\/v2\/posts\/19660\/revisions\/19662"}],"wp:featuredmedia":[{"embeddable":true,"href":"https:\/\/sgvaimudar.com.br\/index.php\/wp-json\/wp\/v2\/media\/19661"}],"wp:attachment":[{"href":"https:\/\/sgvaimudar.com.br\/index.php\/wp-json\/wp\/v2\/media?parent=19660"}],"wp:term":[{"taxonomy":"category","embeddable":true,"href":"https:\/\/sgvaimudar.com.br\/index.php\/wp-json\/wp\/v2\/categories?post=19660"},{"taxonomy":"post_tag","embeddable":true,"href":"https:\/\/sgvaimudar.com.br\/index.php\/wp-json\/wp\/v2\/tags?post=19660"}],"curies":[{"name":"wp","href":"https:\/\/api.w.org\/{rel}","templated":true}]}}