{"id":19644,"date":"2025-02-03T13:00:00","date_gmt":"2025-02-03T16:00:00","guid":{"rendered":"https:\/\/sgvaimudar.com.br\/?p=19644"},"modified":"2025-02-03T09:14:50","modified_gmt":"2025-02-03T12:14:50","slug":"vem-ai-carnaval-raiz-2025-vai-agitar-sao-goncalo-com-musica-cultura-e-diversao","status":"publish","type":"post","link":"https:\/\/sgvaimudar.com.br\/index.php\/2025\/02\/03\/vem-ai-carnaval-raiz-2025-vai-agitar-sao-goncalo-com-musica-cultura-e-diversao\/","title":{"rendered":"Vem a\u00ed: Carnaval Raiz 2025 vai agitar S\u00e3o Gon\u00e7alo com m\u00fasica, cultura e divers\u00e3o"},"content":{"rendered":"\n<p><em>Programa\u00e7\u00e3o com matin\u00eas vai agitar tamb\u00e9m a crian\u00e7ada\u00a0<\/em><\/p>\n\n\n\n<p>O munic\u00edpio de S\u00e3o Gon\u00e7alo vai viver uma grande festa de carnaval entre os dias 1 a 4 de mar\u00e7o. O Carnaval Raiz 2025 promete agitar a cidade com muita m\u00fasica, anima\u00e7\u00e3o e diversidade cultural. A partir das 17h, foli\u00f5es de todas as idades poder\u00e3o se divertir em v\u00e1rios pontos da cidade, com atra\u00e7\u00f5es como bandas, baterias de escolas de samba e DJs, que animar\u00e3o os moradores e visitantes ao longo de quatro dias de celebra\u00e7\u00e3o.<\/p>\n\n\n\n<figure class=\"wp-block-image size-large\"><img fetchpriority=\"high\" decoding=\"async\" width=\"1024\" height=\"1024\" src=\"https:\/\/sgvaimudar.com.br\/wp-content\/uploads\/2025\/02\/unnamed-1024x1024.png\" alt=\"\" class=\"wp-image-19645\" srcset=\"https:\/\/sgvaimudar.com.br\/wp-content\/uploads\/2025\/02\/unnamed-1024x1024.png 1024w, https:\/\/sgvaimudar.com.br\/wp-content\/uploads\/2025\/02\/unnamed-300x300.png 300w, https:\/\/sgvaimudar.com.br\/wp-content\/uploads\/2025\/02\/unnamed-150x150.png 150w, https:\/\/sgvaimudar.com.br\/wp-content\/uploads\/2025\/02\/unnamed-768x768.png 768w, https:\/\/sgvaimudar.com.br\/wp-content\/uploads\/2025\/02\/unnamed.png 1080w\" sizes=\"(max-width: 1024px) 100vw, 1024px\" \/><\/figure>\n\n\n\n<p>Segundo a secret\u00e1ria de Turismo e Cultura da cidade, Julia Sobreira, a proposta do  Carnaval Raiz 2025 \u00e9 fazer uma festa descentralizada. Ela disse que divers\u00e3o ser\u00e1 realizada em sete bairros da cidade: Trindade, Pacheco, Jardim Catarina, Santa Catarina, Jardim Alc\u00e2ntara, Ita\u00fana e Porto da Pedra.<\/p>\n\n\n\n<p>O evento vai se destacar por sua diversidade art\u00edstica, abordando tem\u00e1ticas culturais e proporcionando um espa\u00e7o para surgimento de novos talentos locais. Em breve, ser\u00e3o divulgados os locais espec\u00edficos dentro de cada bairro que receber\u00e3o as atra\u00e7\u00f5es.<\/p>\n\n\n\n<p>\u201cO Carnaval Raiz tem como objetivo fomentar a troca de saberes e o fortalecimento de empreendimentos criativos. Al\u00e9m disso, visa promover a qualifica\u00e7\u00e3o art\u00edstica de artistas da cidade e gerar oportunidades de renda. Estamos garantindo que todos os cidad\u00e3os tenham o direito de vivenciar e participar das manifesta\u00e7\u00f5es culturais\u201d, destacou a secret\u00e1ria.\u00a0<\/p>\n\n\n\n<p><strong>Matin\u00eas com recrea\u00e7\u00e3o, confira a programa\u00e7\u00e3o\u00a0<\/strong>&#8211; O Carnaval Raiz ter\u00e1 matin\u00eas programadas, com recrea\u00e7\u00e3o e brincadeiras para as crian\u00e7as, numa antecipa\u00e7\u00e3o do hor\u00e1rio da folia para 15h nos seguintes dias e locais:<\/p>\n\n\n\n<p>. 1\u00ba de mar\u00e7o (s\u00e1bado) &#8211; Jardim Catarina e Santa Catarina<\/p>\n\n\n\n<p>. 2 de mar\u00e7o (domingo) &#8211; Trindade e Ita\u00fana<\/p>\n\n\n\n<p>. 3 de mar\u00e7o (segunda) &#8211; Jardim Alc\u00e2ntara e Porto da Pedra<\/p>\n\n\n\n<p>. 4 de mar\u00e7o (ter\u00e7a) &#8211; Pacheco.<\/p>\n\n\n\n<p><strong><em>S\u00e3o Gon\u00e7alo vai mudar: Not\u00edcias de S\u00e3o Gon\u00e7alo e toda regi\u00e3o.<\/em><\/strong><\/p>\n\n\n\n<figure class=\"wp-block-image size-full\"><img decoding=\"async\" width=\"317\" height=\"110\" src=\"https:\/\/sgvaimudar.com.br\/wp-content\/uploads\/2023\/08\/cropped-Logo-Provisoria-2-2.png\" alt=\"\" class=\"wp-image-2782\" srcset=\"https:\/\/sgvaimudar.com.br\/wp-content\/uploads\/2023\/08\/cropped-Logo-Provisoria-2-2.png 317w, https:\/\/sgvaimudar.com.br\/wp-content\/uploads\/2023\/08\/cropped-Logo-Provisoria-2-2-300x104.png 300w\" sizes=\"(max-width: 317px) 100vw, 317px\" \/><\/figure>\n","protected":false},"excerpt":{"rendered":"<p>Programa\u00e7\u00e3o com matin\u00eas vai agitar tamb\u00e9m a crian\u00e7ada\u00a0 O munic\u00edpio de S\u00e3o Gon\u00e7alo vai viver uma grande festa de carnaval&hellip;<\/p>\n","protected":false},"author":5,"featured_media":19646,"comment_status":"open","ping_status":"open","sticky":false,"template":"","format":"standard","meta":{"fifu_image_url":"","fifu_image_alt":"","footnotes":""},"categories":[3],"tags":[47,75],"class_list":["post-19644","post","type-post","status-publish","format-standard","has-post-thumbnail","hentry","category-sao-goncalo","tag-rj","tag-sao-goncalo"],"_links":{"self":[{"href":"https:\/\/sgvaimudar.com.br\/index.php\/wp-json\/wp\/v2\/posts\/19644","targetHints":{"allow":["GET"]}}],"collection":[{"href":"https:\/\/sgvaimudar.com.br\/index.php\/wp-json\/wp\/v2\/posts"}],"about":[{"href":"https:\/\/sgvaimudar.com.br\/index.php\/wp-json\/wp\/v2\/types\/post"}],"author":[{"embeddable":true,"href":"https:\/\/sgvaimudar.com.br\/index.php\/wp-json\/wp\/v2\/users\/5"}],"replies":[{"embeddable":true,"href":"https:\/\/sgvaimudar.com.br\/index.php\/wp-json\/wp\/v2\/comments?post=19644"}],"version-history":[{"count":1,"href":"https:\/\/sgvaimudar.com.br\/index.php\/wp-json\/wp\/v2\/posts\/19644\/revisions"}],"predecessor-version":[{"id":19647,"href":"https:\/\/sgvaimudar.com.br\/index.php\/wp-json\/wp\/v2\/posts\/19644\/revisions\/19647"}],"wp:featuredmedia":[{"embeddable":true,"href":"https:\/\/sgvaimudar.com.br\/index.php\/wp-json\/wp\/v2\/media\/19646"}],"wp:attachment":[{"href":"https:\/\/sgvaimudar.com.br\/index.php\/wp-json\/wp\/v2\/media?parent=19644"}],"wp:term":[{"taxonomy":"category","embeddable":true,"href":"https:\/\/sgvaimudar.com.br\/index.php\/wp-json\/wp\/v2\/categories?post=19644"},{"taxonomy":"post_tag","embeddable":true,"href":"https:\/\/sgvaimudar.com.br\/index.php\/wp-json\/wp\/v2\/tags?post=19644"}],"curies":[{"name":"wp","href":"https:\/\/api.w.org\/{rel}","templated":true}]}}