{"id":19583,"date":"2025-02-01T15:00:00","date_gmt":"2025-02-01T18:00:00","guid":{"rendered":"https:\/\/sgvaimudar.com.br\/?p=19583"},"modified":"2025-02-01T08:20:01","modified_gmt":"2025-02-01T11:20:01","slug":"prefeitura-de-itaborai-abre-inscricoes-para-curso-gratuito-de-libras","status":"publish","type":"post","link":"https:\/\/sgvaimudar.com.br\/index.php\/2025\/02\/01\/prefeitura-de-itaborai-abre-inscricoes-para-curso-gratuito-de-libras\/","title":{"rendered":"Prefeitura de Itabora\u00ed abre inscri\u00e7\u00f5es para curso gratuito de Libras"},"content":{"rendered":"\n<p><em> As inscri\u00e7\u00f5es estar\u00e3o dispon\u00edveis do dia 5 \u00e0s 8h at\u00e9 6 de fevereiro \u00e0s 17h<\/em><\/p>\n\n\n\n<p>A Prefeitura de Itabora\u00ed, por meio da Secretaria Municipal de Educa\u00e7\u00e3o (Semed), abre inscri\u00e7\u00f5es para o curso gratuito de Libras (L\u00edngua Brasileira de Sinais) oferecido pelo Espa\u00e7o de Atendimento Multidisciplinar em Educa\u00e7\u00e3o e Sa\u00fade (AMES). As vagas devem ser preenchidas de forma online, atrav\u00e9s do site\u00a0<a rel=\"noreferrer noopener\" href=\"http:\/\/matricula.itaborai.rj.gov.br\/ames\" target=\"_blank\">matricula.itaborai.rj.gov.br\/ames<\/a>.<\/p>\n\n\n\n<figure class=\"wp-block-image size-large\"><img fetchpriority=\"high\" decoding=\"async\" width=\"818\" height=\"1024\" src=\"https:\/\/sgvaimudar.com.br\/wp-content\/uploads\/2025\/02\/Prefeitura-de-Itaborai-abre-inscricoes-para-curso-gratuito-de-Libras-818x1024.jpeg\" alt=\"\" class=\"wp-image-19584\" srcset=\"https:\/\/sgvaimudar.com.br\/wp-content\/uploads\/2025\/02\/Prefeitura-de-Itaborai-abre-inscricoes-para-curso-gratuito-de-Libras-818x1024.jpeg 818w, https:\/\/sgvaimudar.com.br\/wp-content\/uploads\/2025\/02\/Prefeitura-de-Itaborai-abre-inscricoes-para-curso-gratuito-de-Libras-240x300.jpeg 240w, https:\/\/sgvaimudar.com.br\/wp-content\/uploads\/2025\/02\/Prefeitura-de-Itaborai-abre-inscricoes-para-curso-gratuito-de-Libras-768x962.jpeg 768w, https:\/\/sgvaimudar.com.br\/wp-content\/uploads\/2025\/02\/Prefeitura-de-Itaborai-abre-inscricoes-para-curso-gratuito-de-Libras.jpeg 820w\" sizes=\"(max-width: 818px) 100vw, 818px\" \/><\/figure>\n\n\n\n<p>O curso ser\u00e1 realizado presencialmente e abordar\u00e1 temas como a estrutura da l\u00edngua sinalizada, escrita e leitura de sinais, datilologia (alfabeto em Libras), al\u00e9m de gram\u00e1tica e cultura surda. A forma\u00e7\u00e3o \u00e9 voltada tanto para pessoas ouvintes quanto para a comunidade surda, promovendo a inclus\u00e3o e ampliando a acessibilidade na comunica\u00e7\u00e3o.<\/p>\n\n\n\n<p>Reconhecida como uma l\u00edngua oficial no Brasil, a Libras possui uma estrutura pr\u00f3pria, diferente do portugu\u00eas, e \u00e9 fundamental para garantir a autonomia e integra\u00e7\u00e3o das pessoas surdas na sociedade.<\/p>\n\n\n\n<p>As aulas acontecer\u00e3o no Espa\u00e7o AMES, localizado na Rua Pedro Azeredo Coutinho, lote 4, no Centro de Itabora\u00ed.<\/p>\n\n\n\n<p><strong><em>S\u00e3o Gon\u00e7alo vai mudar: Not\u00edcias de S\u00e3o Gon\u00e7alo e toda regi\u00e3o.<\/em><\/strong><\/p>\n\n\n\n<figure class=\"wp-block-image size-full\"><img decoding=\"async\" width=\"317\" height=\"110\" src=\"https:\/\/sgvaimudar.com.br\/wp-content\/uploads\/2023\/08\/cropped-Logo-Provisoria-2-2.png\" alt=\"\" class=\"wp-image-2782\" srcset=\"https:\/\/sgvaimudar.com.br\/wp-content\/uploads\/2023\/08\/cropped-Logo-Provisoria-2-2.png 317w, https:\/\/sgvaimudar.com.br\/wp-content\/uploads\/2023\/08\/cropped-Logo-Provisoria-2-2-300x104.png 300w\" sizes=\"(max-width: 317px) 100vw, 317px\" \/><\/figure>\n","protected":false},"excerpt":{"rendered":"<p>As inscri\u00e7\u00f5es estar\u00e3o dispon\u00edveis do dia 5 \u00e0s 8h at\u00e9 6 de fevereiro \u00e0s 17h A Prefeitura de Itabora\u00ed, por&hellip;<\/p>\n","protected":false},"author":5,"featured_media":18660,"comment_status":"open","ping_status":"open","sticky":false,"template":"","format":"standard","meta":{"fifu_image_url":"","fifu_image_alt":"","footnotes":""},"categories":[36],"tags":[],"class_list":["post-19583","post","type-post","status-publish","format-standard","has-post-thumbnail","hentry","category-bem-estar"],"_links":{"self":[{"href":"https:\/\/sgvaimudar.com.br\/index.php\/wp-json\/wp\/v2\/posts\/19583","targetHints":{"allow":["GET"]}}],"collection":[{"href":"https:\/\/sgvaimudar.com.br\/index.php\/wp-json\/wp\/v2\/posts"}],"about":[{"href":"https:\/\/sgvaimudar.com.br\/index.php\/wp-json\/wp\/v2\/types\/post"}],"author":[{"embeddable":true,"href":"https:\/\/sgvaimudar.com.br\/index.php\/wp-json\/wp\/v2\/users\/5"}],"replies":[{"embeddable":true,"href":"https:\/\/sgvaimudar.com.br\/index.php\/wp-json\/wp\/v2\/comments?post=19583"}],"version-history":[{"count":1,"href":"https:\/\/sgvaimudar.com.br\/index.php\/wp-json\/wp\/v2\/posts\/19583\/revisions"}],"predecessor-version":[{"id":19585,"href":"https:\/\/sgvaimudar.com.br\/index.php\/wp-json\/wp\/v2\/posts\/19583\/revisions\/19585"}],"wp:featuredmedia":[{"embeddable":true,"href":"https:\/\/sgvaimudar.com.br\/index.php\/wp-json\/wp\/v2\/media\/18660"}],"wp:attachment":[{"href":"https:\/\/sgvaimudar.com.br\/index.php\/wp-json\/wp\/v2\/media?parent=19583"}],"wp:term":[{"taxonomy":"category","embeddable":true,"href":"https:\/\/sgvaimudar.com.br\/index.php\/wp-json\/wp\/v2\/categories?post=19583"},{"taxonomy":"post_tag","embeddable":true,"href":"https:\/\/sgvaimudar.com.br\/index.php\/wp-json\/wp\/v2\/tags?post=19583"}],"curies":[{"name":"wp","href":"https:\/\/api.w.org\/{rel}","templated":true}]}}