{"id":19572,"date":"2025-02-01T12:00:00","date_gmt":"2025-02-01T15:00:00","guid":{"rendered":"https:\/\/sgvaimudar.com.br\/?p=19572"},"modified":"2025-02-01T08:06:24","modified_gmt":"2025-02-01T11:06:24","slug":"sessao-de-cinema-encerra-campanha-janeiro-branco-em-itaborai","status":"publish","type":"post","link":"https:\/\/sgvaimudar.com.br\/index.php\/2025\/02\/01\/sessao-de-cinema-encerra-campanha-janeiro-branco-em-itaborai\/","title":{"rendered":"Sess\u00e3o de cinema encerra campanha Janeiro Branco em Itabora\u00ed"},"content":{"rendered":"\n<p><em>O evento foi realizado no audit\u00f3rio do Instituto Federal Fluminense (IFF) \u2013 Campus Itabora\u00ed<\/em><\/p>\n\n\n\n<p>A Secretaria Municipal de Sa\u00fade (Semsa) de Itabora\u00ed, para refor\u00e7ar a import\u00e2ncia da sa\u00fade mental e do bem-estar emocional, promoveu nesta sexta-feira (31\/01) uma sess\u00e3o especial do filme Divertidamente 2. A a\u00e7\u00e3o marcou o encerramento da campanha Janeiro Branco, reunindo crian\u00e7as, jovens e adultos em um momento de integra\u00e7\u00e3o e conscientiza\u00e7\u00e3o.<\/p>\n\n\n\n<p>A campanha Janeiro Branco \u00e9 um movimento nacional que busca conscientizar a sociedade sobre a import\u00e2ncia do cuidado emocional, promovendo a\u00e7\u00f5es educativas e de apoio. <\/p>\n\n\n\n<figure class=\"wp-block-image size-large\"><img fetchpriority=\"high\" decoding=\"async\" width=\"1024\" height=\"769\" src=\"https:\/\/sgvaimudar.com.br\/wp-content\/uploads\/2025\/02\/Sessao-de-cinema-encerra-campanha-Janeiro-Branco-em-Itaborai-1-1024x769.jpeg\" alt=\"\" class=\"wp-image-19574\" srcset=\"https:\/\/sgvaimudar.com.br\/wp-content\/uploads\/2025\/02\/Sessao-de-cinema-encerra-campanha-Janeiro-Branco-em-Itaborai-1-1024x769.jpeg 1024w, https:\/\/sgvaimudar.com.br\/wp-content\/uploads\/2025\/02\/Sessao-de-cinema-encerra-campanha-Janeiro-Branco-em-Itaborai-1-300x225.jpeg 300w, https:\/\/sgvaimudar.com.br\/wp-content\/uploads\/2025\/02\/Sessao-de-cinema-encerra-campanha-Janeiro-Branco-em-Itaborai-1-768x576.jpeg 768w, https:\/\/sgvaimudar.com.br\/wp-content\/uploads\/2025\/02\/Sessao-de-cinema-encerra-campanha-Janeiro-Branco-em-Itaborai-1-1536x1153.jpeg 1536w, https:\/\/sgvaimudar.com.br\/wp-content\/uploads\/2025\/02\/Sessao-de-cinema-encerra-campanha-Janeiro-Branco-em-Itaborai-1.jpeg 1600w\" sizes=\"(max-width: 1024px) 100vw, 1024px\" \/><\/figure>\n\n\n\n<p>A exibi\u00e7\u00e3o do filme proporcionou uma abordagem leve e acess\u00edvel sobre emo\u00e7\u00f5es e sa\u00fade mental, contando com a presen\u00e7a de representantes das unidades de refer\u00eancia no atendimento psicossocial, como o Centro de Aten\u00e7\u00e3o Psicossocial III (CAPS) Celeste Maria Campos (unidade de atendimento 24h), CAPS II Ilma das Flores, Centro de Aten\u00e7\u00e3o Psicossocial Infanto Juvenil Marineia Barreto (CAPSi), CAPS AD Lima Barreto (voltado para dependentes qu\u00edmicos), CAPS Manilha e Centro POP (especializado no atendimento a pessoas em situa\u00e7\u00e3o de rua).<\/p>\n\n\n\n<p>Antes da sess\u00e3o, os participantes foram recepcionados com uma apresenta\u00e7\u00e3o musical do artista Renato Prim\u00e3o, que animou o p\u00fablico ao som do acordeon. Profissionais da sa\u00fade tamb\u00e9m estiveram dispon\u00edveis para esclarecer d\u00favidas sobre os servi\u00e7os psicol\u00f3gicos oferecidos no munic\u00edpio e refor\u00e7ar a import\u00e2ncia do cuidado com a sa\u00fade mental.<\/p>\n\n\n\n<p>O secret\u00e1rio municipal de Sa\u00fade, H\u00e9dio Mataruna, esteve presente no evento e ressaltou a relev\u00e2ncia de a\u00e7\u00f5es como essa para ampliar o debate sobre sa\u00fade mental e garantir apoio cont\u00ednuo \u00e0 popula\u00e7\u00e3o.<\/p>\n\n\n\n<p>\u201cTenho o prazer de estar aqui nesse dia, celebrando que Itabora\u00ed \u00e9 um dos munic\u00edpios do estado do Rio de Janeiro que mais investe em sa\u00fade mental. Tenho um prazer enorme em ter chegado at\u00e9 aqui e ter contribu\u00eddo com o crescimento, n\u00e3o s\u00f3 do programa de sa\u00fade mental, mas de toda a sa\u00fade de Itabora\u00ed\u201d, declarou o secret\u00e1rio.<\/p>\n\n\n\n<p>O evento n\u00e3o apenas proporcionou um momento de lazer e reflex\u00e3o, mas tamb\u00e9m fortaleceu os la\u00e7os entre a comunidade e os profissionais de sa\u00fade, mostrando que o cuidado emocional deve ser uma prioridade de todos.<\/p>\n\n\n\n<p><strong><em>S\u00e3o Gon\u00e7alo vai mudar: Not\u00edcias de S\u00e3o Gon\u00e7alo e toda regi\u00e3o.<\/em><\/strong><\/p>\n\n\n\n<figure class=\"wp-block-image size-full\"><img decoding=\"async\" width=\"317\" height=\"110\" src=\"https:\/\/sgvaimudar.com.br\/wp-content\/uploads\/2023\/08\/cropped-Logo-Provisoria-2-2.png\" alt=\"\" class=\"wp-image-2782\" srcset=\"https:\/\/sgvaimudar.com.br\/wp-content\/uploads\/2023\/08\/cropped-Logo-Provisoria-2-2.png 317w, https:\/\/sgvaimudar.com.br\/wp-content\/uploads\/2023\/08\/cropped-Logo-Provisoria-2-2-300x104.png 300w\" sizes=\"(max-width: 317px) 100vw, 317px\" \/><\/figure>\n","protected":false},"excerpt":{"rendered":"<p>O evento foi realizado no audit\u00f3rio do Instituto Federal Fluminense (IFF) \u2013 Campus Itabora\u00ed A Secretaria Municipal de Sa\u00fade (Semsa)&hellip;<\/p>\n","protected":false},"author":5,"featured_media":19573,"comment_status":"open","ping_status":"open","sticky":false,"template":"","format":"standard","meta":{"fifu_image_url":"","fifu_image_alt":"","footnotes":""},"categories":[7],"tags":[],"class_list":["post-19572","post","type-post","status-publish","format-standard","has-post-thumbnail","hentry","category-saude"],"_links":{"self":[{"href":"https:\/\/sgvaimudar.com.br\/index.php\/wp-json\/wp\/v2\/posts\/19572","targetHints":{"allow":["GET"]}}],"collection":[{"href":"https:\/\/sgvaimudar.com.br\/index.php\/wp-json\/wp\/v2\/posts"}],"about":[{"href":"https:\/\/sgvaimudar.com.br\/index.php\/wp-json\/wp\/v2\/types\/post"}],"author":[{"embeddable":true,"href":"https:\/\/sgvaimudar.com.br\/index.php\/wp-json\/wp\/v2\/users\/5"}],"replies":[{"embeddable":true,"href":"https:\/\/sgvaimudar.com.br\/index.php\/wp-json\/wp\/v2\/comments?post=19572"}],"version-history":[{"count":1,"href":"https:\/\/sgvaimudar.com.br\/index.php\/wp-json\/wp\/v2\/posts\/19572\/revisions"}],"predecessor-version":[{"id":19575,"href":"https:\/\/sgvaimudar.com.br\/index.php\/wp-json\/wp\/v2\/posts\/19572\/revisions\/19575"}],"wp:featuredmedia":[{"embeddable":true,"href":"https:\/\/sgvaimudar.com.br\/index.php\/wp-json\/wp\/v2\/media\/19573"}],"wp:attachment":[{"href":"https:\/\/sgvaimudar.com.br\/index.php\/wp-json\/wp\/v2\/media?parent=19572"}],"wp:term":[{"taxonomy":"category","embeddable":true,"href":"https:\/\/sgvaimudar.com.br\/index.php\/wp-json\/wp\/v2\/categories?post=19572"},{"taxonomy":"post_tag","embeddable":true,"href":"https:\/\/sgvaimudar.com.br\/index.php\/wp-json\/wp\/v2\/tags?post=19572"}],"curies":[{"name":"wp","href":"https:\/\/api.w.org\/{rel}","templated":true}]}}