{"id":19561,"date":"2025-02-01T10:00:00","date_gmt":"2025-02-01T13:00:00","guid":{"rendered":"https:\/\/sgvaimudar.com.br\/?p=19561"},"modified":"2025-02-01T07:45:53","modified_gmt":"2025-02-01T10:45:53","slug":"goncalenses-participam-de-mais-uma-edicao-do-oportunidades","status":"publish","type":"post","link":"https:\/\/sgvaimudar.com.br\/index.php\/2025\/02\/01\/goncalenses-participam-de-mais-uma-edicao-do-oportunidades\/","title":{"rendered":"Gon\u00e7alenses participam de mais uma edi\u00e7\u00e3o do Oportunidades"},"content":{"rendered":"\n<p><em>Programa ofereceu mais de 140 vagas de emprego nesta sexta (31)<\/em><\/p>\n\n\n\n<p>Os gon\u00e7alenses participaram de mais uma edi\u00e7\u00e3o do Programa Oportunidades, que ocorreu das 10h \u00e0s 16h, no Partage Shopping, nesta sexta-feira (31). Desta vez, mais de 140 vagas de emprego foram disponibilizadas pela Secretaria de Desenvolvimento Econ\u00f4mico da Prefeitura de S\u00e3o Gon\u00e7alo, atrav\u00e9s da Subsecretaria de Trabalho, em parceria com o Sistema Nacional de Emprego (Sine).<\/p>\n\n\n\n<p>Esta \u00e9 a segunda edi\u00e7\u00e3o do Oportunidades desenvolvida neste m\u00eas de janeiro. A primeira aconteceu no dia 17 e, nela, foram disponibilizadas mais de 100 vagas. O secret\u00e1rio de Desenvolvimento Econ\u00f4mico, Evanildo Barreto, informou que seu objetivo \u00e9 desenvolver cada vez mais a m\u00e3o de obra gon\u00e7alense.<\/p>\n\n\n\n<figure class=\"wp-block-image size-full\"><img fetchpriority=\"high\" decoding=\"async\" width=\"1024\" height=\"683\" src=\"https:\/\/sgvaimudar.com.br\/wp-content\/uploads\/2025\/02\/unnamed-6.jpg\" alt=\"\" class=\"wp-image-19562\" srcset=\"https:\/\/sgvaimudar.com.br\/wp-content\/uploads\/2025\/02\/unnamed-6.jpg 1024w, https:\/\/sgvaimudar.com.br\/wp-content\/uploads\/2025\/02\/unnamed-6-300x200.jpg 300w, https:\/\/sgvaimudar.com.br\/wp-content\/uploads\/2025\/02\/unnamed-6-768x512.jpg 768w\" sizes=\"(max-width: 1024px) 100vw, 1024px\" \/><\/figure>\n\n\n\n<p>&#8220;As edi\u00e7\u00f5es do Oportunidade geralmente s\u00e3o mensais para facilitar a procura por vagas. Neste m\u00eas de janeiro, por exce\u00e7\u00e3o, tivemos uma demanda maior tanto de vagas quanto de pessoas procurando emprego e, por isso, fizemos duas edi\u00e7\u00f5es distintas. \u00c9 uma orienta\u00e7\u00e3o do nosso prefeito Capit\u00e3o Nelson que a gente ofere\u00e7a vagas de trabalho em empresas localizadas na cidade mesmo para os mais diversos mun\u00edcipes. E, vale destacar, o gon\u00e7alense tem atendido a esse chamado. Um dos nossos objetivos \u00e9 fornecer mais qualifica\u00e7\u00e3o ainda para as pessoas do nosso munic\u00edpio&#8221;, afirmou Barreto.<\/p>\n\n\n\n<p>No Oportunidades, os interessados t\u00eam a chance de receber cartas de encaminhamentos, caso o perfil se enquadre nas vagas disponibilizadas, para participar de entrevistas para os cargos oferecidos.<\/p>\n\n\n\n<p>Dois dos participantes receberam carta de encaminhamento para as vagas de estoquista. Um deles foi Wendel de Castro Nunes, de 50 anos, morador de Vista Alegre. Ele soube do Oportunidade atrav\u00e9s de amigos e n\u00e3o perdeu tempo em tentar uma vaga de emprego.<\/p>\n\n\n\n<p>&#8220;Estou desempregado desde 2019, fui inspetor escolar, veio a pandemia, fiquei trabalhando como motorista de aplicativo e agora quero voltar pro mercado de trabalho, com carteira assinada. A vaga que aparecer, estou dispon\u00edvel. Hoje, consegui uma carta de encaminhamento para uma entrevista e saio daqui esperan\u00e7oso por essa vaga&#8221;, afirmou Nunes.<\/p>\n\n\n\n<p>Matheus Souza Farias, de 25 anos, \u00e9 morador do bairro Amendoeira. Ele tamb\u00e9m est\u00e1 em busca de uma chance no mercado do trabalho e resolveu participar do Oportunidades.<\/p>\n\n\n\n<p>&#8220;Vi na internet que teria essa edi\u00e7\u00e3o do Oportunidades e resolvi vir logo aqui. Eu estou desempregado h\u00e1 15 anos e j\u00e1 estou em busca de uma nova chance. Consegui uma carta de encaminhamento para a vaga de estoquista e estou empolgado. Agora, vou para a entrevista de emprego e espero conseguir a vaga&#8221;, disse Farias.<\/p>\n\n\n\n<p>Al\u00e9m de encaminhar gon\u00e7alenses para vagas de emprego, o Oportunidades tamb\u00e9m tem como objetivo facilitar o acesso da popula\u00e7\u00e3o aos servi\u00e7os da Casa do Empreendedor e do Sistema Nacional de Emprego (Sine). Durante a realiza\u00e7\u00e3o do programa ser\u00e3o feitos encaminhamentos de vagas de emprego, atrav\u00e9s de equipes do Sine, al\u00e9m de servi\u00e7os para quem \u00e9 Microempreendedor Individual (MEI), como regulariza\u00e7\u00e3o de d\u00e9bitos, inscri\u00e7\u00e3o municipal e cadastros.<\/p>\n\n\n\n<p><em>Fotos: Fabio Guimar\u00e3es<\/em><\/p>\n\n\n\n<p><strong><em>S\u00e3o Gon\u00e7alo vai mudar: Not\u00edcias de S\u00e3o Gon\u00e7alo e toda regi\u00e3o.<\/em><\/strong><\/p>\n\n\n\n<figure class=\"wp-block-image size-full\"><img decoding=\"async\" width=\"317\" height=\"110\" src=\"https:\/\/sgvaimudar.com.br\/wp-content\/uploads\/2023\/08\/cropped-Logo-Provisoria-2-2.png\" alt=\"\" class=\"wp-image-2782\" srcset=\"https:\/\/sgvaimudar.com.br\/wp-content\/uploads\/2023\/08\/cropped-Logo-Provisoria-2-2.png 317w, https:\/\/sgvaimudar.com.br\/wp-content\/uploads\/2023\/08\/cropped-Logo-Provisoria-2-2-300x104.png 300w\" sizes=\"(max-width: 317px) 100vw, 317px\" \/><\/figure>\n","protected":false},"excerpt":{"rendered":"<p>Programa ofereceu mais de 140 vagas de emprego nesta sexta (31) Os gon\u00e7alenses participaram de mais uma edi\u00e7\u00e3o do Programa&hellip;<\/p>\n","protected":false},"author":5,"featured_media":19563,"comment_status":"open","ping_status":"open","sticky":false,"template":"","format":"standard","meta":{"fifu_image_url":"","fifu_image_alt":"","footnotes":""},"categories":[3],"tags":[47,75],"class_list":["post-19561","post","type-post","status-publish","format-standard","has-post-thumbnail","hentry","category-sao-goncalo","tag-rj","tag-sao-goncalo"],"_links":{"self":[{"href":"https:\/\/sgvaimudar.com.br\/index.php\/wp-json\/wp\/v2\/posts\/19561","targetHints":{"allow":["GET"]}}],"collection":[{"href":"https:\/\/sgvaimudar.com.br\/index.php\/wp-json\/wp\/v2\/posts"}],"about":[{"href":"https:\/\/sgvaimudar.com.br\/index.php\/wp-json\/wp\/v2\/types\/post"}],"author":[{"embeddable":true,"href":"https:\/\/sgvaimudar.com.br\/index.php\/wp-json\/wp\/v2\/users\/5"}],"replies":[{"embeddable":true,"href":"https:\/\/sgvaimudar.com.br\/index.php\/wp-json\/wp\/v2\/comments?post=19561"}],"version-history":[{"count":1,"href":"https:\/\/sgvaimudar.com.br\/index.php\/wp-json\/wp\/v2\/posts\/19561\/revisions"}],"predecessor-version":[{"id":19564,"href":"https:\/\/sgvaimudar.com.br\/index.php\/wp-json\/wp\/v2\/posts\/19561\/revisions\/19564"}],"wp:featuredmedia":[{"embeddable":true,"href":"https:\/\/sgvaimudar.com.br\/index.php\/wp-json\/wp\/v2\/media\/19563"}],"wp:attachment":[{"href":"https:\/\/sgvaimudar.com.br\/index.php\/wp-json\/wp\/v2\/media?parent=19561"}],"wp:term":[{"taxonomy":"category","embeddable":true,"href":"https:\/\/sgvaimudar.com.br\/index.php\/wp-json\/wp\/v2\/categories?post=19561"},{"taxonomy":"post_tag","embeddable":true,"href":"https:\/\/sgvaimudar.com.br\/index.php\/wp-json\/wp\/v2\/tags?post=19561"}],"curies":[{"name":"wp","href":"https:\/\/api.w.org\/{rel}","templated":true}]}}