{"id":19557,"date":"2025-02-01T09:59:00","date_gmt":"2025-02-01T12:59:00","guid":{"rendered":"https:\/\/sgvaimudar.com.br\/?p=19557"},"modified":"2025-02-01T07:41:13","modified_gmt":"2025-02-01T10:41:13","slug":"big-brother-da-seguranca-guarda-municipal-prende-casal-que-tentou-furtar-cabos-no-alcantara","status":"publish","type":"post","link":"https:\/\/sgvaimudar.com.br\/index.php\/2025\/02\/01\/big-brother-da-seguranca-guarda-municipal-prende-casal-que-tentou-furtar-cabos-no-alcantara\/","title":{"rendered":"Big Brother da Seguran\u00e7a: Guarda Municipal prende casal que tentou furtar cabos no Alc\u00e2ntara"},"content":{"rendered":"\n<p><em>Nesta semana, outras pessoas foram flagradas pelas c\u00e2meras de seguran\u00e7a<\/em><\/p>\n\n\n\n<p>Agentes da Guarda Municipal de S\u00e3o Gon\u00e7alo prenderam um homem e uma mulher, no fim da noite desta segunda-feira (30), ap\u00f3s ambos furtarem cabos na Rua Jo\u00e3o Caetano, no Alc\u00e2ntara. Com os suspeitos, foram encontrados diversos rolos de cabos e duas facas de serra no momento da pris\u00e3o.<\/p>\n\n\n\n<p>Os agentes estavam em patrulhamento quando foram acionados, via Central de Seguran\u00e7a de S\u00e3o Gon\u00e7alo (CSSG) para deter os suspeitos no endere\u00e7o mencionado. Ambos os suspeitos haviam sido flagrados pelas c\u00e2meras de seguran\u00e7a do munic\u00edpio cometendo os crimes. No local, os guardas localizaram os suspeitos tentando fugir. O casal foi detido, algemado, e o produto do furto foi apreendido.<\/p>\n\n\n\n<figure class=\"wp-block-image size-large\"><img fetchpriority=\"high\" decoding=\"async\" width=\"1024\" height=\"768\" src=\"https:\/\/sgvaimudar.com.br\/wp-content\/uploads\/2025\/02\/unnamed-4-1024x768.jpg\" alt=\"\" class=\"wp-image-19558\" srcset=\"https:\/\/sgvaimudar.com.br\/wp-content\/uploads\/2025\/02\/unnamed-4-1024x768.jpg 1024w, https:\/\/sgvaimudar.com.br\/wp-content\/uploads\/2025\/02\/unnamed-4-300x225.jpg 300w, https:\/\/sgvaimudar.com.br\/wp-content\/uploads\/2025\/02\/unnamed-4-768x576.jpg 768w, https:\/\/sgvaimudar.com.br\/wp-content\/uploads\/2025\/02\/unnamed-4-1536x1152.jpg 1536w, https:\/\/sgvaimudar.com.br\/wp-content\/uploads\/2025\/02\/unnamed-4.jpg 1600w\" sizes=\"(max-width: 1024px) 100vw, 1024px\" \/><\/figure>\n\n\n\n<p>Os dois suspeitos foram, ent\u00e3o, levados para a 74\u00aa DP (Alc\u00e2ntara), sendo encaminhados em seguida para a 73\u00aa DP (Neves), onde o homem permaneceu preso. J\u00e1 a mulher, retornou para a 74\u00aa DP (Alc\u00e2ntara), onde permanece presa.<\/p>\n\n\n\n<p><strong>Outras pris\u00f5es<\/strong>&nbsp;&#8211; Outras cinco pris\u00f5es ocorreram no Alc\u00e2ntara e no Galo Branco, na madrugada de ter\u00e7a-feira (28). Um homem foi preso pelas equipes depois que tentou furtar um poste de ferro na Arena S\u00e3o Gon\u00e7alo; outro foi detido ap\u00f3s pichar com\u00e9rcios em outra parte da via e mais tr\u00eas foram presos furtando cabos, em outra ocorr\u00eancia.<\/p>\n\n\n\n<p>Mais dois homens foram presos na madrugada de quinta-feira (30) ao furtarem quatro metros de cabos de energia na esquina das ruas Jovelino de Oliveira Viana e Nair de Andrade, no Alc\u00e2ntara.<\/p>\n\n\n\n<p><strong><em>S\u00e3o Gon\u00e7alo vai mudar: Not\u00edcias de S\u00e3o Gon\u00e7alo e toda regi\u00e3o.<\/em><\/strong><\/p>\n\n\n\n<figure class=\"wp-block-image size-large\"><img decoding=\"async\" width=\"1024\" height=\"357\" src=\"https:\/\/sgvaimudar.com.br\/wp-content\/uploads\/2023\/08\/Logo-Provisoria-2-1-1024x357.png\" alt=\"\" class=\"wp-image-2779\" srcset=\"https:\/\/sgvaimudar.com.br\/wp-content\/uploads\/2023\/08\/Logo-Provisoria-2-1-1024x357.png 1024w, https:\/\/sgvaimudar.com.br\/wp-content\/uploads\/2023\/08\/Logo-Provisoria-2-1-300x105.png 300w, https:\/\/sgvaimudar.com.br\/wp-content\/uploads\/2023\/08\/Logo-Provisoria-2-1-768x268.png 768w, https:\/\/sgvaimudar.com.br\/wp-content\/uploads\/2023\/08\/Logo-Provisoria-2-1.png 1470w\" sizes=\"(max-width: 1024px) 100vw, 1024px\" \/><\/figure>\n","protected":false},"excerpt":{"rendered":"<p>Nesta semana, outras pessoas foram flagradas pelas c\u00e2meras de seguran\u00e7a Agentes da Guarda Municipal de S\u00e3o Gon\u00e7alo prenderam um homem&hellip;<\/p>\n","protected":false},"author":5,"featured_media":19559,"comment_status":"open","ping_status":"open","sticky":false,"template":"","format":"standard","meta":{"fifu_image_url":"","fifu_image_alt":"","footnotes":""},"categories":[32],"tags":[39,75],"class_list":["post-19557","post","type-post","status-publish","format-standard","has-post-thumbnail","hentry","category-casos-de-policia","tag-ataque","tag-sao-goncalo"],"_links":{"self":[{"href":"https:\/\/sgvaimudar.com.br\/index.php\/wp-json\/wp\/v2\/posts\/19557","targetHints":{"allow":["GET"]}}],"collection":[{"href":"https:\/\/sgvaimudar.com.br\/index.php\/wp-json\/wp\/v2\/posts"}],"about":[{"href":"https:\/\/sgvaimudar.com.br\/index.php\/wp-json\/wp\/v2\/types\/post"}],"author":[{"embeddable":true,"href":"https:\/\/sgvaimudar.com.br\/index.php\/wp-json\/wp\/v2\/users\/5"}],"replies":[{"embeddable":true,"href":"https:\/\/sgvaimudar.com.br\/index.php\/wp-json\/wp\/v2\/comments?post=19557"}],"version-history":[{"count":1,"href":"https:\/\/sgvaimudar.com.br\/index.php\/wp-json\/wp\/v2\/posts\/19557\/revisions"}],"predecessor-version":[{"id":19560,"href":"https:\/\/sgvaimudar.com.br\/index.php\/wp-json\/wp\/v2\/posts\/19557\/revisions\/19560"}],"wp:featuredmedia":[{"embeddable":true,"href":"https:\/\/sgvaimudar.com.br\/index.php\/wp-json\/wp\/v2\/media\/19559"}],"wp:attachment":[{"href":"https:\/\/sgvaimudar.com.br\/index.php\/wp-json\/wp\/v2\/media?parent=19557"}],"wp:term":[{"taxonomy":"category","embeddable":true,"href":"https:\/\/sgvaimudar.com.br\/index.php\/wp-json\/wp\/v2\/categories?post=19557"},{"taxonomy":"post_tag","embeddable":true,"href":"https:\/\/sgvaimudar.com.br\/index.php\/wp-json\/wp\/v2\/tags?post=19557"}],"curies":[{"name":"wp","href":"https:\/\/api.w.org\/{rel}","templated":true}]}}