{"id":19523,"date":"2025-01-31T15:00:00","date_gmt":"2025-01-31T18:00:00","guid":{"rendered":"https:\/\/sgvaimudar.com.br\/?p=19523"},"modified":"2025-01-31T10:53:16","modified_gmt":"2025-01-31T13:53:16","slug":"valorizacao-e-garantia-de-bem-estar-governo-do-estado-conclui-50-das-obras-do-muvi","status":"publish","type":"post","link":"https:\/\/sgvaimudar.com.br\/index.php\/2025\/01\/31\/valorizacao-e-garantia-de-bem-estar-governo-do-estado-conclui-50-das-obras-do-muvi\/","title":{"rendered":"Valoriza\u00e7\u00e3o e garantia de bem-estar: Governo do Estado conclui 50% das obras do Muvi"},"content":{"rendered":"\n<p><em>Cinco dos seis trechos da maior obra de mobilidade urbana na cidade est\u00e3o em andamento; moradores reconhecem benef\u00edcios da iniciativa<\/em><\/p>\n\n\n\n<p>Os moradores de S\u00e3o Gon\u00e7alo j\u00e1 reconhecem os benef\u00edcios das obras de Mobilidade Urbana Verde Integrada (Muvi), realizadas pelo Governo do Estado em parceria com a prefeitura. As interven\u00e7\u00f5es seguem aceleradas e metade dos servi\u00e7os foram conclu\u00eddos, com pouco mais de 50% dos das obras f\u00edsicas finalizados.<\/p>\n\n\n\n<figure class=\"wp-block-image size-large\"><img fetchpriority=\"high\" decoding=\"async\" width=\"1024\" height=\"683\" src=\"https:\/\/sgvaimudar.com.br\/wp-content\/uploads\/2025\/01\/DSCF1320_2-1024x683.jpg\" alt=\"\" class=\"wp-image-19525\" srcset=\"https:\/\/sgvaimudar.com.br\/wp-content\/uploads\/2025\/01\/DSCF1320_2-1024x683.jpg 1024w, https:\/\/sgvaimudar.com.br\/wp-content\/uploads\/2025\/01\/DSCF1320_2-300x200.jpg 300w, https:\/\/sgvaimudar.com.br\/wp-content\/uploads\/2025\/01\/DSCF1320_2-768x512.jpg 768w, https:\/\/sgvaimudar.com.br\/wp-content\/uploads\/2025\/01\/DSCF1320_2-1536x1024.jpg 1536w, https:\/\/sgvaimudar.com.br\/wp-content\/uploads\/2025\/01\/DSCF1320_2-2048x1365.jpg 2048w\" sizes=\"(max-width: 1024px) 100vw, 1024px\" \/><\/figure>\n\n\n\n<p>O corredor vi\u00e1rio expresso, executado pela Secretaria de Estado das Cidades, liga Guaxindiba a Neves, \u00e9 o maior em mobilidade urbana da hist\u00f3ria do munic\u00edpio e dar\u00e1 mais seguran\u00e7a ao tr\u00e2nsito dos 13 bairros cortados pela obra.<\/p>\n\n\n\n<p>Os tr\u00eas primeiros trechos, com trajeto de Neves at\u00e9 o Centro, j\u00e1 est\u00e3o na fase de ajustes finais nos servi\u00e7os de urbanismo e pavimenta\u00e7\u00e3o. O projeto tamb\u00e9m prev\u00ea a instala\u00e7\u00e3o de 18 quil\u00f4metros de ciclovia. Desse total, 8,2 quil\u00f4metros j\u00e1 foram conclu\u00eddos.<\/p>\n\n\n\n<p>\u2013 Essas obras v\u00e3o transformar a vida da popula\u00e7\u00e3o de S\u00e3o Gon\u00e7alo. Com o corredor vi\u00e1rio expresso, ser\u00e1 gerada maior mobilidade, o tr\u00e2nsito fluir\u00e1 melhor, e garantiremos qualidade de vida, conforto e seguran\u00e7a aos moradores do Estado do Rio de Janeiro \u2013 destacou o governador Cl\u00e1udio Castro.<\/p>\n\n\n\n<figure class=\"wp-block-image size-large\"><img decoding=\"async\" width=\"1024\" height=\"683\" src=\"https:\/\/sgvaimudar.com.br\/wp-content\/uploads\/2025\/01\/DSCF1726-1024x683.jpg\" alt=\"\" class=\"wp-image-19527\" srcset=\"https:\/\/sgvaimudar.com.br\/wp-content\/uploads\/2025\/01\/DSCF1726-1024x683.jpg 1024w, https:\/\/sgvaimudar.com.br\/wp-content\/uploads\/2025\/01\/DSCF1726-300x200.jpg 300w, https:\/\/sgvaimudar.com.br\/wp-content\/uploads\/2025\/01\/DSCF1726-768x512.jpg 768w, https:\/\/sgvaimudar.com.br\/wp-content\/uploads\/2025\/01\/DSCF1726-1536x1024.jpg 1536w, https:\/\/sgvaimudar.com.br\/wp-content\/uploads\/2025\/01\/DSCF1726-2048x1365.jpg 2048w\" sizes=\"(max-width: 1024px) 100vw, 1024px\" \/><\/figure>\n\n\n\n<p>O trecho que liga a Regi\u00e3o Central \u00e0 Trindade, pr\u00f3ximo ao 7\u00ba Batalh\u00e3o de Pol\u00edcia Militar, est\u00e1 recebendo drenagem, meio-fios e cal\u00e7adas. J\u00e1 no trecho 5, que abre caminho de Alc\u00e2ntara at\u00e9 o Jardim Catarina, est\u00e3o sendo instaladas estacas para construir uma ponte para ve\u00edculos no Rio Alc\u00e2ntara.<\/p>\n\n\n\n<p>\u2013 Na Secretaria das Cidades, nosso principal objetivo \u00e9 melhorar a qualidade de vida da nossa popula\u00e7\u00e3o. Estamos trabalhando em conjunto com as equipes da Superintend\u00eancia de Gest\u00e3o de Impacto Social, que orientam as pessoas que moram ao redor das obras, e estamos muito orgulhosos do andamento desse projeto \u2013 destacou o secret\u00e1rio Douglas Ruas.<\/p>\n\n\n\n<figure class=\"wp-block-image size-large\"><img decoding=\"async\" width=\"1024\" height=\"653\" src=\"https:\/\/sgvaimudar.com.br\/wp-content\/uploads\/2025\/01\/DSCF1461_2-1024x653.jpg\" alt=\"\" class=\"wp-image-19526\" srcset=\"https:\/\/sgvaimudar.com.br\/wp-content\/uploads\/2025\/01\/DSCF1461_2-1024x653.jpg 1024w, https:\/\/sgvaimudar.com.br\/wp-content\/uploads\/2025\/01\/DSCF1461_2-300x191.jpg 300w, https:\/\/sgvaimudar.com.br\/wp-content\/uploads\/2025\/01\/DSCF1461_2-768x490.jpg 768w, https:\/\/sgvaimudar.com.br\/wp-content\/uploads\/2025\/01\/DSCF1461_2-1536x979.jpg 1536w, https:\/\/sgvaimudar.com.br\/wp-content\/uploads\/2025\/01\/DSCF1461_2-2048x1306.jpg 2048w\" sizes=\"(max-width: 1024px) 100vw, 1024px\" \/><\/figure>\n\n\n\n<p><strong>Moradores aprovam a iniciativa<\/strong><\/p>\n\n\n\n<p>Morador da regi\u00e3o h\u00e1 20 anos, Marco Ant\u00f4nio Alc\u00e2ntara, de 66 anos, contou que esta \u00e9 a primeira vez que uma obra desta dimens\u00e3o \u00e9 promovida em S\u00e3o Gon\u00e7alo.<\/p>\n\n\n\n<p>\u2013 Estou me sentindo valorizado. Com essa revitaliza\u00e7\u00e3o, hoje temos uma pra\u00e7a para passar o tempo, conversar com os vizinhos. Nossa regi\u00e3o vai ser valorizada, vamos ter gosto de investir em nossas casas \u2013 relatou.<\/p>\n\n\n\n<p>Para a coordenadora de projetos sociais Mary Claro, de 46 anos, as obras representam um resgate da dignidade do povo do munic\u00edpio.<\/p>\n\n\n\n<p>\u2013 Essas obras resgatam a dignidade do gon\u00e7alense. H\u00e1 muito tempo n\u00e3o havia um olhar sens\u00edvel para o nosso munic\u00edpio. Agora, quando andamos por aqui, v\u00e1rios espa\u00e7os j\u00e1 foram redesenhados. Quem ganha somos n\u00f3s, gon\u00e7alenses, pois as ruas est\u00e3o mais bonitas, a cidade est\u00e1 mais vi\u00e1vel \u2013 elogiou.<\/p>\n\n\n\n<p><strong><em>S\u00e3o Gon\u00e7alo vai mudar: Not\u00edcias de S\u00e3o Gon\u00e7alo e toda regi\u00e3o.<\/em><\/strong><\/p>\n\n\n\n<figure class=\"wp-block-image size-full\"><img loading=\"lazy\" decoding=\"async\" width=\"317\" height=\"110\" src=\"https:\/\/sgvaimudar.com.br\/wp-content\/uploads\/2023\/08\/cropped-Logo-Provisoria-2-2.png\" alt=\"\" class=\"wp-image-2782\" srcset=\"https:\/\/sgvaimudar.com.br\/wp-content\/uploads\/2023\/08\/cropped-Logo-Provisoria-2-2.png 317w, https:\/\/sgvaimudar.com.br\/wp-content\/uploads\/2023\/08\/cropped-Logo-Provisoria-2-2-300x104.png 300w\" sizes=\"(max-width: 317px) 100vw, 317px\" \/><\/figure>\n","protected":false},"excerpt":{"rendered":"<p>Cinco dos seis trechos da maior obra de mobilidade urbana na cidade est\u00e3o em andamento; moradores reconhecem benef\u00edcios da iniciativa&hellip;<\/p>\n","protected":false},"author":5,"featured_media":19524,"comment_status":"open","ping_status":"open","sticky":false,"template":"","format":"standard","meta":{"fifu_image_url":"","fifu_image_alt":"","footnotes":""},"categories":[3],"tags":[75],"class_list":["post-19523","post","type-post","status-publish","format-standard","has-post-thumbnail","hentry","category-sao-goncalo","tag-sao-goncalo"],"_links":{"self":[{"href":"https:\/\/sgvaimudar.com.br\/index.php\/wp-json\/wp\/v2\/posts\/19523","targetHints":{"allow":["GET"]}}],"collection":[{"href":"https:\/\/sgvaimudar.com.br\/index.php\/wp-json\/wp\/v2\/posts"}],"about":[{"href":"https:\/\/sgvaimudar.com.br\/index.php\/wp-json\/wp\/v2\/types\/post"}],"author":[{"embeddable":true,"href":"https:\/\/sgvaimudar.com.br\/index.php\/wp-json\/wp\/v2\/users\/5"}],"replies":[{"embeddable":true,"href":"https:\/\/sgvaimudar.com.br\/index.php\/wp-json\/wp\/v2\/comments?post=19523"}],"version-history":[{"count":1,"href":"https:\/\/sgvaimudar.com.br\/index.php\/wp-json\/wp\/v2\/posts\/19523\/revisions"}],"predecessor-version":[{"id":19528,"href":"https:\/\/sgvaimudar.com.br\/index.php\/wp-json\/wp\/v2\/posts\/19523\/revisions\/19528"}],"wp:featuredmedia":[{"embeddable":true,"href":"https:\/\/sgvaimudar.com.br\/index.php\/wp-json\/wp\/v2\/media\/19524"}],"wp:attachment":[{"href":"https:\/\/sgvaimudar.com.br\/index.php\/wp-json\/wp\/v2\/media?parent=19523"}],"wp:term":[{"taxonomy":"category","embeddable":true,"href":"https:\/\/sgvaimudar.com.br\/index.php\/wp-json\/wp\/v2\/categories?post=19523"},{"taxonomy":"post_tag","embeddable":true,"href":"https:\/\/sgvaimudar.com.br\/index.php\/wp-json\/wp\/v2\/tags?post=19523"}],"curies":[{"name":"wp","href":"https:\/\/api.w.org\/{rel}","templated":true}]}}