{"id":19512,"date":"2025-01-31T12:59:00","date_gmt":"2025-01-31T15:59:00","guid":{"rendered":"https:\/\/sgvaimudar.com.br\/?p=19512"},"modified":"2025-01-31T10:20:52","modified_gmt":"2025-01-31T13:20:52","slug":"policia-descobre-esquema-de-furto-e-revenda-de-maquinas-do-servico-de-obras-de-marica","status":"publish","type":"post","link":"https:\/\/sgvaimudar.com.br\/index.php\/2025\/01\/31\/policia-descobre-esquema-de-furto-e-revenda-de-maquinas-do-servico-de-obras-de-marica\/","title":{"rendered":"Pol\u00edcia descobre esquema de furto e revenda de m\u00e1quinas do servi\u00e7o de obras de Maric\u00e1"},"content":{"rendered":"\n<p><em>Dono de galp\u00e3o \u00e9 preso em flagrante por recepta\u00e7\u00e3o; outros suspeitos s\u00e3o ouvidos na 82\u00b0DP<\/em><\/p>\n\n\n\n<p>Os policiais da 82\u00aa DP, coordenados pelo delegado titular Cl\u00e1udio Vieira e com o apoio da Secretaria de Seguran\u00e7a Cidad\u00e3 de Maric\u00e1, desmantelaram, um esquema de furto e revenda ilegal de m\u00e1quinas pertencentes \u00e0 autarquia Servi\u00e7o de Obras de Maric\u00e1 (Somar), na tarde desta \u00a0quinta-feira (30\/01), em um galp\u00e3o no munic\u00edpio de Itabora\u00ed.<\/p>\n\n\n\n<p>Segundo a pol\u00edcia, a a\u00e7\u00e3o se deu ap\u00f3s uma investiga\u00e7\u00e3o minuciosa quando as autoridades identificaram os respons\u00e1veis pelo desvio dos equipamentos, que eram furtados e comercializados ilegalmente. Durante a opera\u00e7\u00e3o, o dono do galp\u00e3o onde parte das m\u00e1quinas foi encontrada foi identificado e conduzido \u00e0 Delegacia de Maric\u00e1 para prestar depoimento. <\/p>\n\n\n\n<figure class=\"wp-block-image size-large\"><img fetchpriority=\"high\" decoding=\"async\" width=\"768\" height=\"1024\" src=\"https:\/\/sgvaimudar.com.br\/wp-content\/uploads\/2025\/01\/WhatsApp-Image-2025-01-30-at-21.29.01-1-768x1024.jpeg\" alt=\"\" class=\"wp-image-19513\" srcset=\"https:\/\/sgvaimudar.com.br\/wp-content\/uploads\/2025\/01\/WhatsApp-Image-2025-01-30-at-21.29.01-1-768x1024.jpeg 768w, https:\/\/sgvaimudar.com.br\/wp-content\/uploads\/2025\/01\/WhatsApp-Image-2025-01-30-at-21.29.01-1-225x300.jpeg 225w, https:\/\/sgvaimudar.com.br\/wp-content\/uploads\/2025\/01\/WhatsApp-Image-2025-01-30-at-21.29.01-1-1152x1536.jpeg 1152w, https:\/\/sgvaimudar.com.br\/wp-content\/uploads\/2025\/01\/WhatsApp-Image-2025-01-30-at-21.29.01-1.jpeg 1200w\" sizes=\"(max-width: 768px) 100vw, 768px\" \/><\/figure>\n\n\n\n<p>Ele acabou preso em flagrante pelo crime de recepta\u00e7\u00e3o de material roubado. Al\u00e9m disso, outros homens foram encaminhados \u00e0 unidade policial, onde est\u00e3o sendo ouvidos para esclarecer o esquema criminoso.<\/p>\n\n\n\n<p>No local, foram encontrados, al\u00e9m de retroescavadeiras e cavadeiras, outros materiais da Somar, incluindo sucatas e pe\u00e7as de equipamentos pesados. A per\u00edcia t\u00e9cnica j\u00e1 foi acionada para analisar os itens.<\/p>\n\n\n\n<p>O secret\u00e1rio J\u00falio Veras enfatizou que a gest\u00e3o municipal segue comprometida com a transpar\u00eancia e a integridade, garantindo que casos como esse sejam rigorosamente investigados e os culpados responsabilizados.<\/p>\n\n\n\n<p>&#8220;N\u00e3o vamos tolerar qualquer tipo de desvio ou corrup\u00e7\u00e3o que prejudique os servi\u00e7os prestados \u00e0 popula\u00e7\u00e3o. Essa a\u00e7\u00e3o demonstra que a integra\u00e7\u00e3o entre os \u00f3rg\u00e3os gera bons resultados e que nossa atua\u00e7\u00e3o ser\u00e1 sempre firme para garantir que os bens p\u00fablicos sejam protegidos e utilizados corretamente\u201d, afirmou Veras.<\/p>\n\n\n\n<p>As investiga\u00e7\u00f5es seguem em andamento para identificar poss\u00edveis outros envolvidos no esquema.<\/p>\n\n\n\n<p><em>FOTOS: PMM<\/em><\/p>\n\n\n\n<p><strong><em>S\u00e3o Gon\u00e7alo vai mudar: Not\u00edcias de S\u00e3o Gon\u00e7alo e toda regi\u00e3o.<\/em><\/strong><\/p>\n\n\n\n<figure class=\"wp-block-image size-full\"><img decoding=\"async\" width=\"317\" height=\"110\" src=\"https:\/\/sgvaimudar.com.br\/wp-content\/uploads\/2023\/08\/cropped-Logo-Provisoria-2-2.png\" alt=\"\" class=\"wp-image-2782\" srcset=\"https:\/\/sgvaimudar.com.br\/wp-content\/uploads\/2023\/08\/cropped-Logo-Provisoria-2-2.png 317w, https:\/\/sgvaimudar.com.br\/wp-content\/uploads\/2023\/08\/cropped-Logo-Provisoria-2-2-300x104.png 300w\" sizes=\"(max-width: 317px) 100vw, 317px\" \/><\/figure>\n","protected":false},"excerpt":{"rendered":"<p>Dono de galp\u00e3o \u00e9 preso em flagrante por recepta\u00e7\u00e3o; outros suspeitos s\u00e3o ouvidos na 82\u00b0DP Os policiais da 82\u00aa DP,&hellip;<\/p>\n","protected":false},"author":5,"featured_media":19514,"comment_status":"open","ping_status":"open","sticky":false,"template":"","format":"standard","meta":{"fifu_image_url":"","fifu_image_alt":"","footnotes":""},"categories":[32],"tags":[47],"class_list":["post-19512","post","type-post","status-publish","format-standard","has-post-thumbnail","hentry","category-casos-de-policia","tag-rj"],"_links":{"self":[{"href":"https:\/\/sgvaimudar.com.br\/index.php\/wp-json\/wp\/v2\/posts\/19512","targetHints":{"allow":["GET"]}}],"collection":[{"href":"https:\/\/sgvaimudar.com.br\/index.php\/wp-json\/wp\/v2\/posts"}],"about":[{"href":"https:\/\/sgvaimudar.com.br\/index.php\/wp-json\/wp\/v2\/types\/post"}],"author":[{"embeddable":true,"href":"https:\/\/sgvaimudar.com.br\/index.php\/wp-json\/wp\/v2\/users\/5"}],"replies":[{"embeddable":true,"href":"https:\/\/sgvaimudar.com.br\/index.php\/wp-json\/wp\/v2\/comments?post=19512"}],"version-history":[{"count":1,"href":"https:\/\/sgvaimudar.com.br\/index.php\/wp-json\/wp\/v2\/posts\/19512\/revisions"}],"predecessor-version":[{"id":19515,"href":"https:\/\/sgvaimudar.com.br\/index.php\/wp-json\/wp\/v2\/posts\/19512\/revisions\/19515"}],"wp:featuredmedia":[{"embeddable":true,"href":"https:\/\/sgvaimudar.com.br\/index.php\/wp-json\/wp\/v2\/media\/19514"}],"wp:attachment":[{"href":"https:\/\/sgvaimudar.com.br\/index.php\/wp-json\/wp\/v2\/media?parent=19512"}],"wp:term":[{"taxonomy":"category","embeddable":true,"href":"https:\/\/sgvaimudar.com.br\/index.php\/wp-json\/wp\/v2\/categories?post=19512"},{"taxonomy":"post_tag","embeddable":true,"href":"https:\/\/sgvaimudar.com.br\/index.php\/wp-json\/wp\/v2\/tags?post=19512"}],"curies":[{"name":"wp","href":"https:\/\/api.w.org\/{rel}","templated":true}]}}