{"id":19509,"date":"2025-01-31T12:00:00","date_gmt":"2025-01-31T15:00:00","guid":{"rendered":"https:\/\/sgvaimudar.com.br\/?p=19509"},"modified":"2025-01-31T10:12:14","modified_gmt":"2025-01-31T13:12:14","slug":"processo-de-arborizacao-urbana-e-iniciado-em-itaborai-como-medida-compensatoria","status":"publish","type":"post","link":"https:\/\/sgvaimudar.com.br\/index.php\/2025\/01\/31\/processo-de-arborizacao-urbana-e-iniciado-em-itaborai-como-medida-compensatoria\/","title":{"rendered":"Processo de Arboriza\u00e7\u00e3o Urbana \u00e9 iniciado em Itabora\u00ed como medida compensat\u00f3ria"},"content":{"rendered":"\n<p><em>O prefeito Marcelo Delaroli acompanhou de perto o in\u00edcio da a\u00e7\u00e3o<\/em><\/p>\n\n\n\n<p>Como medida compensat\u00f3ria aos cortes de \u00e1rvores realizados na cidade devido \u00e0s obras de reurbaniza\u00e7\u00e3o da Avenida 22 de Maio, que est\u00e3o em andamento, a Prefeitura de Itabora\u00ed, por meio da Secretaria Municipal de Meio Ambiente e Urbanismo, fiscalizou na tarde desta quarta-feira (29\/01) o in\u00edcio do processo de arboriza\u00e7\u00e3o urbana.\u00a0<\/p>\n\n\n\n<p>O processo teve in\u00edcio na Avenida S\u00e3o Miguel e contou com a presen\u00e7a de diversas autoridades, incluindo o prefeito, Marcelo Delaroli; o vice-prefeito, Elber Corr\u00eaa; a secret\u00e1ria municipal de Meio Ambiente e Urbanismo,&nbsp;Alyne Saldanha; o presidente da C\u00e2mara dos Vereadores de Itabora\u00ed, Jo\u00e3o Delaroli e o deputado estadual Guilherme Delaroli. Al\u00e9m de outras lideran\u00e7as do munic\u00edpio.<\/p>\n\n\n\n<p>O prefeito Marcelo Delaroli realizou o plantio de uma muda de \u00e1rvore no local. Durante a atividade, ele ressaltou a import\u00e2ncia da arboriza\u00e7\u00e3o para o meio ambiente e para a qualidade de vida da popula\u00e7\u00e3o itaboraiense.<\/p>\n\n\n\n<p>\u201cN\u00f3s cobramos a compensa\u00e7\u00e3o de algumas \u00e1rvores que foram retiradas e s\u00f3 na S\u00e3o Miguel ser\u00e3o mais de 300 \u00e1rvores replantadas. Al\u00e9m disso, outras mil mudas v\u00e3o ser plantadas na nossa cidade para compensar o que foi retirado. Estamos seguindo com a obra na nossa cidade, indo sempre para a frente, e avan\u00e7ando cada vez mais com a transforma\u00e7\u00e3o em cada cantinho de Itabora\u00ed. Bora para cima, que a transforma\u00e7\u00e3o vai continuar\u201d, afirmou Marcelo Delaroli.<\/p>\n\n\n\n<p>Vale destacar que mais de 1.300 mudas de \u00e1rvores ser\u00e3o plantadas em Itabora\u00ed, com 315 delas sendo colocadas ao longo da Avenida S\u00e3o Miguel. As demais ser\u00e3o distribu\u00eddas por diversos pontos da cidade, incluindo pra\u00e7as e o Parque Municipal Paleontol\u00f3gico S\u00e3o Jos\u00e9 de Itabora\u00ed.<\/p>\n\n\n\n<p>A secret\u00e1ria municipal de Meio Ambiente e Urbanismo, Alyne Saldanha, tamb\u00e9m participou da a\u00e7\u00e3o e comentou sobre a import\u00e2ncia do projeto para o equil\u00edbrio ecol\u00f3gico da cidade.<\/p>\n\n\n\n<p>\u201cN\u00f3s sabemos que a arboriza\u00e7\u00e3o urbana tem um papel fundamental na melhoria do microclima da cidade e na preserva\u00e7\u00e3o da biodiversidade. Al\u00e9m disso, as \u00e1rvores trazem benef\u00edcios diretos \u00e0 sa\u00fade da popula\u00e7\u00e3o, como a redu\u00e7\u00e3o do calor e a melhora da qualidade do ar. Estamos muito satisfeitos com o in\u00edcio desse processo, e o trabalho ser\u00e1 cont\u00ednuo\u201d, destacou a secret\u00e1ria.<\/p>\n\n\n\n<p>As \u00e1rvores plantadas incluem esp\u00e9cies como Algodoeiro de Praia, Ip\u00ea Amarelo, Aroeira Vermelha, Oiti e Pata de Vaca, todas escolhidas por suas caracter\u00edsticas adequadas ao clima e ao solo da regi\u00e3o.<\/p>\n\n\n\n<p>O deputado estadual Guilherme Delaroli tamb\u00e9m enfatizou a import\u00e2ncia da a\u00e7\u00e3o.<\/p>\n\n\n\n<p>\u201cEst\u00e3o sendo plantadas, s\u00f3 na Avenida S\u00e3o Miguel, 315 mudas de \u00e1rvores, e ser\u00e3o plantadas mais de 1.300 mudas em Itabora\u00ed. Essa a\u00e7\u00e3o \u00e9 uma compensa\u00e7\u00e3o pelas \u00e1rvores que foram cortadas na cidade durante as obras da Avenida 22 de Maio. Agrade\u00e7o ao nosso governador, Cl\u00e1udio Castro pela transforma\u00e7\u00e3o em nossa cidade, que sofreu por tantos anos\u201d, afirmou o deputado.<\/p>\n\n\n\n<p>A Prefeitura de Itabora\u00ed reafirma seu compromisso com o meio ambiente e com a melhoria cont\u00ednua da infraestrutura urbana, buscando solu\u00e7\u00f5es que beneficiem a todos.<\/p>\n\n\n\n<p><strong><em>S\u00e3o Gon\u00e7alo vai mudar: Not\u00edcias de S\u00e3o Gon\u00e7alo e toda regi\u00e3o.<\/em><\/strong><\/p>\n\n\n\n<figure class=\"wp-block-image size-full\"><img decoding=\"async\" width=\"317\" height=\"110\" src=\"https:\/\/sgvaimudar.com.br\/wp-content\/uploads\/2023\/08\/cropped-Logo-Provisoria-2-2.png\" alt=\"\" class=\"wp-image-2782\" srcset=\"https:\/\/sgvaimudar.com.br\/wp-content\/uploads\/2023\/08\/cropped-Logo-Provisoria-2-2.png 317w, https:\/\/sgvaimudar.com.br\/wp-content\/uploads\/2023\/08\/cropped-Logo-Provisoria-2-2-300x104.png 300w\" sizes=\"(max-width: 317px) 100vw, 317px\" \/><\/figure>\n","protected":false},"excerpt":{"rendered":"<p>O prefeito Marcelo Delaroli acompanhou de perto o in\u00edcio da a\u00e7\u00e3o Como medida compensat\u00f3ria aos cortes de \u00e1rvores realizados na&hellip;<\/p>\n","protected":false},"author":5,"featured_media":19510,"comment_status":"open","ping_status":"open","sticky":false,"template":"","format":"standard","meta":{"fifu_image_url":"","fifu_image_alt":"","footnotes":""},"categories":[36],"tags":[],"class_list":["post-19509","post","type-post","status-publish","format-standard","has-post-thumbnail","hentry","category-bem-estar"],"_links":{"self":[{"href":"https:\/\/sgvaimudar.com.br\/index.php\/wp-json\/wp\/v2\/posts\/19509","targetHints":{"allow":["GET"]}}],"collection":[{"href":"https:\/\/sgvaimudar.com.br\/index.php\/wp-json\/wp\/v2\/posts"}],"about":[{"href":"https:\/\/sgvaimudar.com.br\/index.php\/wp-json\/wp\/v2\/types\/post"}],"author":[{"embeddable":true,"href":"https:\/\/sgvaimudar.com.br\/index.php\/wp-json\/wp\/v2\/users\/5"}],"replies":[{"embeddable":true,"href":"https:\/\/sgvaimudar.com.br\/index.php\/wp-json\/wp\/v2\/comments?post=19509"}],"version-history":[{"count":1,"href":"https:\/\/sgvaimudar.com.br\/index.php\/wp-json\/wp\/v2\/posts\/19509\/revisions"}],"predecessor-version":[{"id":19511,"href":"https:\/\/sgvaimudar.com.br\/index.php\/wp-json\/wp\/v2\/posts\/19509\/revisions\/19511"}],"wp:featuredmedia":[{"embeddable":true,"href":"https:\/\/sgvaimudar.com.br\/index.php\/wp-json\/wp\/v2\/media\/19510"}],"wp:attachment":[{"href":"https:\/\/sgvaimudar.com.br\/index.php\/wp-json\/wp\/v2\/media?parent=19509"}],"wp:term":[{"taxonomy":"category","embeddable":true,"href":"https:\/\/sgvaimudar.com.br\/index.php\/wp-json\/wp\/v2\/categories?post=19509"},{"taxonomy":"post_tag","embeddable":true,"href":"https:\/\/sgvaimudar.com.br\/index.php\/wp-json\/wp\/v2\/tags?post=19509"}],"curies":[{"name":"wp","href":"https:\/\/api.w.org\/{rel}","templated":true}]}}