{"id":19471,"date":"2025-01-31T07:59:00","date_gmt":"2025-01-31T10:59:00","guid":{"rendered":"https:\/\/sgvaimudar.com.br\/?p=19471"},"modified":"2025-01-31T07:01:43","modified_gmt":"2025-01-31T10:01:43","slug":"guarda-municipal-prende-dupla-que-tentou-furtar-cabos-no-alcantara","status":"publish","type":"post","link":"https:\/\/sgvaimudar.com.br\/index.php\/2025\/01\/31\/guarda-municipal-prende-dupla-que-tentou-furtar-cabos-no-alcantara\/","title":{"rendered":"Guarda Municipal prende dupla que tentou furtar cabos no Alc\u00e2ntara"},"content":{"rendered":"\n<p><em>Suspeitos ainda tentaram fugir, mas foram capturados&nbsp;<\/em><\/p>\n\n\n\n<p>A Guarda Municipal de S\u00e3o Gon\u00e7alo n\u00e3o para e prendeu, nesta madrugada de quinta-feira (30), dois homens, um de 20 anos e outro de 29, ap\u00f3s eles tentarem furtar quatro metros de cabos de energia na esquina das ruas Jovelino de Oliveira Viana e Nair de Andrade, no Alc\u00e2ntara. A dupla ainda tentou fugir ao perceber a aproxima\u00e7\u00e3o dos agentes, mas foi detida ap\u00f3s um cerco t\u00e1tico.<\/p>\n\n\n\n<p>Por volta das 2h da manh\u00e3, uma equipe da Guarda que estava em patrulhamento foi acionada pelos respons\u00e1veis pela Central de Seguran\u00e7a de S\u00e3o Gon\u00e7alo (CSSG) para deter dois suspeitos que foram flagrados pelas c\u00e2meras tentando furtar cabos de energia no Alc\u00e2ntara. Os homens tentaram se separar e fugir quando a viatura chegou, mas os agentes conseguiram montar um cerco t\u00e1tico e prender a dupla.<\/p>\n\n\n\n<p>Os dois homens foram, ent\u00e3o, algemados e os agentes confirmaram com os respons\u00e1veis pela CSSG que eles eram os suspeitos que foram flagrados pelas c\u00e2meras cometendo o furto de fios. Antes de serem detidos pelos guardas, os suspeitos ainda tentaram se livrar do produto do furto, mas os quatro metros de fio e uma faca de serra de cozinha foram localizados nas proximidades.<\/p>\n\n\n\n<p>Os dois suspeitos foram, ent\u00e3o, encaminhados para a 74\u00aa DP (Alc\u00e2ntara), sendo levados em seguida para a 73\u00aa DP (Neves), onde permanecem presos.<\/p>\n\n\n\n<p><strong>Outras pris\u00f5es<\/strong>&nbsp;&#8211; Al\u00e9m deste caso, os agentes da Guarda Municipal realizaram seis pris\u00f5es diferentes nesta semana. Um motorista de aplicativo que utilizava um cadastro falso foi preso pelos agentes durante uma a\u00e7\u00e3o de fiscaliza\u00e7\u00e3o de ve\u00edculos em conjunto com os agentes do 7\u00b0 BPM (Pol\u00edcia Militar), nesta segunda-feira (27). A foto utilizada na conta do aplicativo era do suspeito, no entanto, os dados do cadastro dele e da moto eram divergentes, com informa\u00e7\u00f5es de outras pessoas. O caso foi enquadrado como falsidade ideol\u00f3gica.<\/p>\n\n\n\n<p>Outras cinco pris\u00f5es ocorreram no Alc\u00e2ntara e no Galo Branco, na madrugada de ter\u00e7a-feira (28). Um homem foi preso pelas equipes depois que tentou furtar um poste de ferro na Arena S\u00e3o Gon\u00e7alo; outro foi detido ap\u00f3s pichar com\u00e9rcios em outra parte da via e mais tr\u00eas foram presos furtando cabos, em outra ocorr\u00eancia.<\/p>\n\n\n\n<p><strong><em>S\u00e3o Gon\u00e7alo vai mudar: Not\u00edcias de S\u00e3o Gon\u00e7alo e toda regi\u00e3o.<\/em><\/strong><\/p>\n\n\n\n<figure class=\"wp-block-image size-large\"><img fetchpriority=\"high\" decoding=\"async\" width=\"1024\" height=\"357\" src=\"https:\/\/sgvaimudar.com.br\/wp-content\/uploads\/2023\/08\/Logo-Provisoria-2-1-1024x357.png\" alt=\"\" class=\"wp-image-2779\" srcset=\"https:\/\/sgvaimudar.com.br\/wp-content\/uploads\/2023\/08\/Logo-Provisoria-2-1-1024x357.png 1024w, https:\/\/sgvaimudar.com.br\/wp-content\/uploads\/2023\/08\/Logo-Provisoria-2-1-300x105.png 300w, https:\/\/sgvaimudar.com.br\/wp-content\/uploads\/2023\/08\/Logo-Provisoria-2-1-768x268.png 768w, https:\/\/sgvaimudar.com.br\/wp-content\/uploads\/2023\/08\/Logo-Provisoria-2-1.png 1470w\" sizes=\"(max-width: 1024px) 100vw, 1024px\" \/><\/figure>\n","protected":false},"excerpt":{"rendered":"<p>Suspeitos ainda tentaram fugir, mas foram capturados&nbsp; A Guarda Municipal de S\u00e3o Gon\u00e7alo n\u00e3o para e prendeu, nesta madrugada de&hellip;<\/p>\n","protected":false},"author":5,"featured_media":19472,"comment_status":"open","ping_status":"open","sticky":false,"template":"","format":"standard","meta":{"fifu_image_url":"","fifu_image_alt":"","footnotes":""},"categories":[32],"tags":[75],"class_list":["post-19471","post","type-post","status-publish","format-standard","has-post-thumbnail","hentry","category-casos-de-policia","tag-sao-goncalo"],"_links":{"self":[{"href":"https:\/\/sgvaimudar.com.br\/index.php\/wp-json\/wp\/v2\/posts\/19471","targetHints":{"allow":["GET"]}}],"collection":[{"href":"https:\/\/sgvaimudar.com.br\/index.php\/wp-json\/wp\/v2\/posts"}],"about":[{"href":"https:\/\/sgvaimudar.com.br\/index.php\/wp-json\/wp\/v2\/types\/post"}],"author":[{"embeddable":true,"href":"https:\/\/sgvaimudar.com.br\/index.php\/wp-json\/wp\/v2\/users\/5"}],"replies":[{"embeddable":true,"href":"https:\/\/sgvaimudar.com.br\/index.php\/wp-json\/wp\/v2\/comments?post=19471"}],"version-history":[{"count":1,"href":"https:\/\/sgvaimudar.com.br\/index.php\/wp-json\/wp\/v2\/posts\/19471\/revisions"}],"predecessor-version":[{"id":19473,"href":"https:\/\/sgvaimudar.com.br\/index.php\/wp-json\/wp\/v2\/posts\/19471\/revisions\/19473"}],"wp:featuredmedia":[{"embeddable":true,"href":"https:\/\/sgvaimudar.com.br\/index.php\/wp-json\/wp\/v2\/media\/19472"}],"wp:attachment":[{"href":"https:\/\/sgvaimudar.com.br\/index.php\/wp-json\/wp\/v2\/media?parent=19471"}],"wp:term":[{"taxonomy":"category","embeddable":true,"href":"https:\/\/sgvaimudar.com.br\/index.php\/wp-json\/wp\/v2\/categories?post=19471"},{"taxonomy":"post_tag","embeddable":true,"href":"https:\/\/sgvaimudar.com.br\/index.php\/wp-json\/wp\/v2\/tags?post=19471"}],"curies":[{"name":"wp","href":"https:\/\/api.w.org\/{rel}","templated":true}]}}