{"id":19421,"date":"2025-01-30T11:00:00","date_gmt":"2025-01-30T14:00:00","guid":{"rendered":"https:\/\/sgvaimudar.com.br\/?p=19421"},"modified":"2025-01-30T09:05:45","modified_gmt":"2025-01-30T12:05:45","slug":"secretaria-de-educacao-municipal-inicia-matricula-para-eja","status":"publish","type":"post","link":"https:\/\/sgvaimudar.com.br\/index.php\/2025\/01\/30\/secretaria-de-educacao-municipal-inicia-matricula-para-eja\/","title":{"rendered":"Secretaria de Educa\u00e7\u00e3o Municipal inicia matr\u00edcula para EJA"},"content":{"rendered":"\n<p><em>Dezenove unidades de ensino oferecem a modalidade<\/em><\/p>\n\n\n\n<p>Para quem deseja voltar a estudar, a matr\u00edcula para o primeiro semestre de 2025 da modalidade de ensino Educa\u00e7\u00e3o de Jovens e Adultos (EJA) do munic\u00edpio de S\u00e3o Gon\u00e7alo come\u00e7a nesta quarta-feira (29) e vai at\u00e9 o dia 4 de fevereiro, direto nas 19 unidades escolares que atendem ao segmento, com aulas que iniciam no dia 5 de fevereiro.<\/p>\n\n\n\n<p>O jovem ou adulto que deseja se matricular deve levar os seguintes documentos diretamente na escola que deseja estudar: Certid\u00e3o de nascimento ou casamento; Identidade; Comprovante de Resid\u00eancia; Foto 3\u00d74; Hist\u00f3rico Escolar (caso tenha). Se o jovem ainda for menor de idade, \u00e9 necess\u00e1rio levar os documentos do respons\u00e1vel.<\/p>\n\n\n\n<p>As unidades que atendem EJA s\u00e3o:<\/p>\n\n\n\n<p>Col\u00e9gio Municipal Presidente Castello Branco\u00a0\u2013 Boa\u00e7u; Col\u00e9gio Municipal Ernani Faria \u2013 Neves; Col\u00e9gio Municipal Esteph\u00e2nia de Carvalho \u2013 Laranjal; Escola Municipal Almirante Alfredo Carlos Soares Dutra \u2013 Alc\u00e2ntara; Col\u00e9gio Municipal Amaral Peixoto \u2013 Lindo Parque; Escola Municipal Irene Barbosa Ornellas \u2013 Jardim Catarina; Escola Municipal Jos\u00e9 Manna J\u00fanior \u2013 Nova Cidade; Escola Municipal Leonor Corr\u00eaa \u2013 Trindade.<\/p>\n\n\n\n<p>Escola Municipal Luiz Gonzaga- Antonina; Escola Municipal Prefeito Nicanor Ferreira Nunes \u2013 Jardim Catarina; Escola Municipal Aurelina Dias Cavalcanti \u2013 Amendoeira; Escola Municipal\u00a0Maria Eul\u00e1lia Concei\u00e7\u00e3o de Oliveira Maciel \u2013 Raul Veiga; Escola Municipal Visconde de Sepetiba \u2013 Nova Cidade.<\/p>\n\n\n\n<p>Escola Municipal Professora Marlene Salgado de Oliveira \u2013 Guaxindiba; Escola Municipal Mario Quintana \u2013 Engenho Pequeno; Escola Municipal An\u00edsio Sp\u00ednola Teixeira \u2013 Santa Luzia; Escola Municipal Jo\u00e3o Cabral de Mello Netto \u2013 Vista Alegre; Escola Municipal C\u00e9lia Pereira da Rosa \u2013 Santa Izabel; Escola Municipal Pastor Haroldo Gomes \u2013 Ita\u00fana.<\/p>\n\n\n\n<p><em>Foto: Fabio Guimar\u00e3es<\/em><\/p>\n\n\n\n<p><strong><em>S\u00e3o Gon\u00e7alo vai mudar: Not\u00edcias de S\u00e3o Gon\u00e7alo e toda regi\u00e3o.<\/em><\/strong><\/p>\n\n\n\n<figure class=\"wp-block-image size-large\"><img fetchpriority=\"high\" decoding=\"async\" width=\"1024\" height=\"321\" src=\"https:\/\/sgvaimudar.com.br\/wp-content\/uploads\/2023\/08\/Logo-Provisoria-2-1024x321.png\" alt=\"\" class=\"wp-image-2777\" srcset=\"https:\/\/sgvaimudar.com.br\/wp-content\/uploads\/2023\/08\/Logo-Provisoria-2-1024x321.png 1024w, https:\/\/sgvaimudar.com.br\/wp-content\/uploads\/2023\/08\/Logo-Provisoria-2-300x94.png 300w, https:\/\/sgvaimudar.com.br\/wp-content\/uploads\/2023\/08\/Logo-Provisoria-2-768x241.png 768w, https:\/\/sgvaimudar.com.br\/wp-content\/uploads\/2023\/08\/Logo-Provisoria-2-1536x482.png 1536w, https:\/\/sgvaimudar.com.br\/wp-content\/uploads\/2023\/08\/Logo-Provisoria-2-2048x642.png 2048w\" sizes=\"(max-width: 1024px) 100vw, 1024px\" \/><\/figure>\n","protected":false},"excerpt":{"rendered":"<p>Dezenove unidades de ensino oferecem a modalidade Para quem deseja voltar a estudar, a matr\u00edcula para o primeiro semestre de&hellip;<\/p>\n","protected":false},"author":5,"featured_media":19424,"comment_status":"open","ping_status":"open","sticky":false,"template":"","format":"standard","meta":{"fifu_image_url":"","fifu_image_alt":"","footnotes":""},"categories":[3],"tags":[75],"class_list":["post-19421","post","type-post","status-publish","format-standard","has-post-thumbnail","hentry","category-sao-goncalo","tag-sao-goncalo"],"_links":{"self":[{"href":"https:\/\/sgvaimudar.com.br\/index.php\/wp-json\/wp\/v2\/posts\/19421","targetHints":{"allow":["GET"]}}],"collection":[{"href":"https:\/\/sgvaimudar.com.br\/index.php\/wp-json\/wp\/v2\/posts"}],"about":[{"href":"https:\/\/sgvaimudar.com.br\/index.php\/wp-json\/wp\/v2\/types\/post"}],"author":[{"embeddable":true,"href":"https:\/\/sgvaimudar.com.br\/index.php\/wp-json\/wp\/v2\/users\/5"}],"replies":[{"embeddable":true,"href":"https:\/\/sgvaimudar.com.br\/index.php\/wp-json\/wp\/v2\/comments?post=19421"}],"version-history":[{"count":2,"href":"https:\/\/sgvaimudar.com.br\/index.php\/wp-json\/wp\/v2\/posts\/19421\/revisions"}],"predecessor-version":[{"id":19425,"href":"https:\/\/sgvaimudar.com.br\/index.php\/wp-json\/wp\/v2\/posts\/19421\/revisions\/19425"}],"wp:featuredmedia":[{"embeddable":true,"href":"https:\/\/sgvaimudar.com.br\/index.php\/wp-json\/wp\/v2\/media\/19424"}],"wp:attachment":[{"href":"https:\/\/sgvaimudar.com.br\/index.php\/wp-json\/wp\/v2\/media?parent=19421"}],"wp:term":[{"taxonomy":"category","embeddable":true,"href":"https:\/\/sgvaimudar.com.br\/index.php\/wp-json\/wp\/v2\/categories?post=19421"},{"taxonomy":"post_tag","embeddable":true,"href":"https:\/\/sgvaimudar.com.br\/index.php\/wp-json\/wp\/v2\/tags?post=19421"}],"curies":[{"name":"wp","href":"https:\/\/api.w.org\/{rel}","templated":true}]}}