{"id":19414,"date":"2025-01-30T10:00:00","date_gmt":"2025-01-30T13:00:00","guid":{"rendered":"https:\/\/sgvaimudar.com.br\/?p=19414"},"modified":"2025-01-30T08:18:41","modified_gmt":"2025-01-30T11:18:41","slug":"vem-ai-esquema-especial-de-transito-para-ensaio-da-porto-da-pedra","status":"publish","type":"post","link":"https:\/\/sgvaimudar.com.br\/index.php\/2025\/01\/30\/vem-ai-esquema-especial-de-transito-para-ensaio-da-porto-da-pedra\/","title":{"rendered":"Vem a\u00ed: esquema especial de tr\u00e2nsito para ensaio da Porto da Pedra"},"content":{"rendered":"\n<p><em>Eventos ocorrer\u00e3o nos dias 8 e 22 de fevereiro<\/em>&nbsp;no Centro de S\u00e3o Gon\u00e7alo<\/p>\n\n\n\n<p>A Secretaria de Transportes da Prefeitura de S\u00e3o Gon\u00e7alo preparou um esquema especial de tr\u00e2nsito para os dias de ensaio da Unidos do Porto da Pedra, no Centro de S\u00e3o Gon\u00e7alo. Os ensaios ocorrer\u00e3o nos dias 8 e 22 de fevereiro e as interdi\u00e7\u00f5es ter\u00e3o in\u00edcio nestes dias a partir das 20h, seguindo exclusivamente at\u00e9 o t\u00e9rmino dos eventos. Essas altera\u00e7\u00f5es moment\u00e2neas no tr\u00e2nsito foram publicadas no Di\u00e1rio Oficial desta ter\u00e7a-feira (28).<\/p>\n\n\n\n<p>Segundo a pasta, as ruas Dr. Feliciano Sodr\u00e9 e Dr. Nilo Pe\u00e7anha ficar\u00e3o interditadas no trecho compreendido entre as ruas Salvatori e General Ant\u00f4nio Rodrigues. Durante a interdi\u00e7\u00e3o, o tr\u00e2nsito de carros que seguir\u00e3o no sentido Centro e Estrela do Norte ser\u00e1 desviado para a Rua Salvatori, seguindo pela Rua Alu\u00edsio Neiva e pela Rua General Ant\u00f4nio Rodrigues. As ruas Alu\u00edsio Neiva e General Ant\u00f4nio Rodrigues ter\u00e3o sentido \u00fanico de circula\u00e7\u00e3o (para o Centro e Estrela do Norte) nas datas mencionadas.<\/p>\n\n\n\n<p>J\u00e1 as ruas Coronel Rodrigues, Jo\u00e3o de Souza, Eduardo Vieira de Souza, Travessa Jorge Soares e Ant\u00f4nio Santos Figueiredo ter\u00e3o interdi\u00e7\u00e3o no cruzamento com a Rua Dr. Nilo Pe\u00e7anha e operar\u00e3o em regime de sentido duplo de circula\u00e7\u00e3o.<\/p>\n\n\n\n<p>&#8220;Ser\u00e1 proibido o estacionamento de ve\u00edculos nas ruas Dr. Feliciano Sodr\u00e9, Dr. Nilo Pe\u00e7anha, Alu\u00edsio Neiva, General Ant\u00f4nio Rodrigues e Salvatori. Os ve\u00edculos que estiverem estacionados nessas vias estar\u00e3o sujeitos \u00e0 remo\u00e7\u00e3o, conforme previsto no artigo 181 do C\u00f3digo de Tr\u00e2nsito Brasileiro (CTB)&#8221;, informou a Prefeitura na nota.<\/p>\n\n\n\n<p><strong><em>S\u00e3o Gon\u00e7alo vai mudar: Not\u00edcias de S\u00e3o Gon\u00e7alo e toda regi\u00e3o.<\/em><\/strong><\/p>\n\n\n\n<figure class=\"wp-block-image size-large\"><img fetchpriority=\"high\" decoding=\"async\" width=\"1024\" height=\"321\" src=\"https:\/\/sgvaimudar.com.br\/wp-content\/uploads\/2023\/08\/Logo-Provisoria-2-1024x321.png\" alt=\"\" class=\"wp-image-2777\" srcset=\"https:\/\/sgvaimudar.com.br\/wp-content\/uploads\/2023\/08\/Logo-Provisoria-2-1024x321.png 1024w, https:\/\/sgvaimudar.com.br\/wp-content\/uploads\/2023\/08\/Logo-Provisoria-2-300x94.png 300w, https:\/\/sgvaimudar.com.br\/wp-content\/uploads\/2023\/08\/Logo-Provisoria-2-768x241.png 768w, https:\/\/sgvaimudar.com.br\/wp-content\/uploads\/2023\/08\/Logo-Provisoria-2-1536x482.png 1536w, https:\/\/sgvaimudar.com.br\/wp-content\/uploads\/2023\/08\/Logo-Provisoria-2-2048x642.png 2048w\" sizes=\"(max-width: 1024px) 100vw, 1024px\" \/><\/figure>\n","protected":false},"excerpt":{"rendered":"<p>Eventos ocorrer\u00e3o nos dias 8 e 22 de fevereiro&nbsp;no Centro de S\u00e3o Gon\u00e7alo A Secretaria de Transportes da Prefeitura de&hellip;<\/p>\n","protected":false},"author":5,"featured_media":19415,"comment_status":"open","ping_status":"open","sticky":false,"template":"","format":"standard","meta":{"fifu_image_url":"","fifu_image_alt":"","footnotes":""},"categories":[3],"tags":[75],"class_list":["post-19414","post","type-post","status-publish","format-standard","has-post-thumbnail","hentry","category-sao-goncalo","tag-sao-goncalo"],"_links":{"self":[{"href":"https:\/\/sgvaimudar.com.br\/index.php\/wp-json\/wp\/v2\/posts\/19414","targetHints":{"allow":["GET"]}}],"collection":[{"href":"https:\/\/sgvaimudar.com.br\/index.php\/wp-json\/wp\/v2\/posts"}],"about":[{"href":"https:\/\/sgvaimudar.com.br\/index.php\/wp-json\/wp\/v2\/types\/post"}],"author":[{"embeddable":true,"href":"https:\/\/sgvaimudar.com.br\/index.php\/wp-json\/wp\/v2\/users\/5"}],"replies":[{"embeddable":true,"href":"https:\/\/sgvaimudar.com.br\/index.php\/wp-json\/wp\/v2\/comments?post=19414"}],"version-history":[{"count":1,"href":"https:\/\/sgvaimudar.com.br\/index.php\/wp-json\/wp\/v2\/posts\/19414\/revisions"}],"predecessor-version":[{"id":19416,"href":"https:\/\/sgvaimudar.com.br\/index.php\/wp-json\/wp\/v2\/posts\/19414\/revisions\/19416"}],"wp:featuredmedia":[{"embeddable":true,"href":"https:\/\/sgvaimudar.com.br\/index.php\/wp-json\/wp\/v2\/media\/19415"}],"wp:attachment":[{"href":"https:\/\/sgvaimudar.com.br\/index.php\/wp-json\/wp\/v2\/media?parent=19414"}],"wp:term":[{"taxonomy":"category","embeddable":true,"href":"https:\/\/sgvaimudar.com.br\/index.php\/wp-json\/wp\/v2\/categories?post=19414"},{"taxonomy":"post_tag","embeddable":true,"href":"https:\/\/sgvaimudar.com.br\/index.php\/wp-json\/wp\/v2\/tags?post=19414"}],"curies":[{"name":"wp","href":"https:\/\/api.w.org\/{rel}","templated":true}]}}