{"id":19318,"date":"2025-01-28T14:00:00","date_gmt":"2025-01-28T17:00:00","guid":{"rendered":"https:\/\/sgvaimudar.com.br\/?p=19318"},"modified":"2025-01-28T09:51:32","modified_gmt":"2025-01-28T12:51:32","slug":"secretaria-investe-em-acoes-preventivas-e-em-vacinacao-contra-dengue","status":"publish","type":"post","link":"https:\/\/sgvaimudar.com.br\/index.php\/2025\/01\/28\/secretaria-investe-em-acoes-preventivas-e-em-vacinacao-contra-dengue\/","title":{"rendered":"Secretaria investe em a\u00e7\u00f5es preventivas e em vacina\u00e7\u00e3o contra dengue"},"content":{"rendered":"\n<p><em>Vigil\u00e2ncia Ambiental orienta popula\u00e7\u00e3o para eliminar focos do Aedes aegypti<\/em><\/p>\n\n\n\n<p>A Secretaria de Sa\u00fade e Defesa Civil da Prefeitura de S\u00e3o Gon\u00e7alo disse que realiza, diariamente, a preven\u00e7\u00e3o atrav\u00e9s da pulveriza\u00e7\u00e3o de inseticida com as motofogs e com outras a\u00e7\u00f5es do Departamento de Vigil\u00e2ncia em Sa\u00fade Ambiental e chamou a aten\u00e7\u00e3o dos gon\u00e7alenses para refor\u00e7arem os cuidados.<\/p>\n\n\n\n<figure class=\"wp-block-image size-large\"><img fetchpriority=\"high\" decoding=\"async\" width=\"1024\" height=\"683\" src=\"https:\/\/sgvaimudar.com.br\/wp-content\/uploads\/2024\/05\/Motofog-Covid-branco-Dengue-azul-6-1024x683.jpg\" alt=\"\" class=\"wp-image-5860\" srcset=\"https:\/\/sgvaimudar.com.br\/wp-content\/uploads\/2024\/05\/Motofog-Covid-branco-Dengue-azul-6-1024x683.jpg 1024w, https:\/\/sgvaimudar.com.br\/wp-content\/uploads\/2024\/05\/Motofog-Covid-branco-Dengue-azul-6-300x200.jpg 300w, https:\/\/sgvaimudar.com.br\/wp-content\/uploads\/2024\/05\/Motofog-Covid-branco-Dengue-azul-6-768x512.jpg 768w, https:\/\/sgvaimudar.com.br\/wp-content\/uploads\/2024\/05\/Motofog-Covid-branco-Dengue-azul-6.jpg 1200w\" sizes=\"(max-width: 1024px) 100vw, 1024px\" \/><\/figure>\n\n\n\n<p>&#8220;A eleva\u00e7\u00e3o da temperatura nesta \u00e9poca do ano, com chuva no fim do dia, \u00e9 a combina\u00e7\u00e3o perfeita para a prolifera\u00e7\u00e3o do mosquito Aedes aegypti \u2013 transmissor da dengue, zika e chikungunya e para manter a cidade longe dos vetores, a popula\u00e7\u00e3o deve colaborar com a manuten\u00e7\u00e3o dos quintais e casas sem qualquer tipo de \u00e1gua parada&#8221;, ressaltou a Prefeitura na nota.\u00a0<\/p>\n\n\n\n<p>A orienta\u00e7\u00e3o \u00e9 simples: use apenas dez minutos de cada semana para procurar e limpar os principais criadouros do mosquito Aedes aegypti, interferindo no desenvolvimento das larvas. A campanha conhecida como \u201cDez Minutos contra o Aedes\u201d j\u00e1 mostrou-se eficaz e tem base em conhecimento cient\u00edfico dos pesquisadores do Instituto Oswaldo Cruz (IOC\/Fiocruz).&nbsp;<\/p>\n\n\n\n<p>A subsecret\u00e1ria de Sa\u00fade Coletiva, Thain\u00e1 Fratane disse que o mosquito espalha os ovos por v\u00e1rios lugares. &#8220;E a melhor maneira de evitar a doen\u00e7a \u00e9 interferir no desenvolvimento do mosquito, acabando com os locais que acumulam \u00e1gua sem nenhuma prote\u00e7\u00e3o e eliminando os focos. O ciclo de vida do vetor \u2013 do ovo ao mosquito adulto \u2013 leva de 7 a 10 dias. Por isso, a import\u00e2ncia da vigil\u00e2ncia semanal para acabar com as larvas e pupas, impedindo que cheguem \u00e0 fase adulta\u201d, explicou a subsecret\u00e1ria.<\/p>\n\n\n\n<p>Nos primeiros 21 dias deste ano, a cidade contabilizou 30 notifica\u00e7\u00f5es de dengue e cinco casos foram confirmados. O primeiro Levantamento de \u00cdndice R\u00e1pido de Aedes aegypti (LIRaa) \u2013 que mede o risco de contamina\u00e7\u00e3o das doen\u00e7as, foi realizado entre os dias 6 e 10 de janeiro e o resultado deve ser divulgado nas pr\u00f3ximas semanas. <\/p>\n\n\n\n<p>No ano passado, a cidade manteve o LIRAa com baixo e m\u00e9dio risco de contamina\u00e7\u00e3o e n\u00e3o houve surto da doen\u00e7a na cidade. Ao todo foram 6.062 casos notificados com 2.838 confirma\u00e7\u00f5es de dengue.\u00a0\u00a0\u00a0<\/p>\n\n\n\n<p>Al\u00e9m do trabalho das motofogs, a Vigil\u00e2ncia em Sa\u00fade Ambiental realiza visitas domiciliares com os agentes de controle das arboviroses; h\u00e1 equipes que atuam em pontos estrat\u00e9gicos como dep\u00f3sitos, ferros-velhos, estaleiros e cemit\u00e9rios, eliminando os focos do mosquito. <\/p>\n\n\n\n<p>H\u00e1 tamb\u00e9m equipe que mobiliza, monitora e realiza o recolhimento de pneus pelas ruas da cidade. Todas as a\u00e7\u00f5es s\u00e3o constantes durante todo o ano com o objetivo de prevenir a prolifera\u00e7\u00e3o do mosquito.<\/p>\n\n\n\n<p>A Vigil\u00e2ncia em Sa\u00fade Ambiental tamb\u00e9m mant\u00e9m um trabalho de pronto-atendimento. Qualquer cidad\u00e3o pode ligar para o setor e pedir uma visita nos casos de infesta\u00e7\u00e3o de qualquer vetor. <\/p>\n\n\n\n<p>Nesses casos, os agentes averiguam a den\u00fancia e realizam a a\u00e7\u00e3o necess\u00e1ria para acabar com os vetores. As den\u00fancias podem ser feitas pelo telefone da Vigil\u00e2ncia Ambiental (21) 3195-5198, ramal 1008 ou ainda pelo aplicativo Colab.<\/p>\n\n\n\n<p><strong>Vacina\u00e7\u00e3o&nbsp;<\/strong><\/p>\n\n\n\n<p>Somando com as a\u00e7\u00f5es da Vigil\u00e2ncia em Sa\u00fade Ambiental, tamb\u00e9m est\u00e1 dispon\u00edvel na cidade a vacina\u00e7\u00e3o contra a dengue para as crian\u00e7as entre 10 e 14 anos. A Qdenga protege contra quatro tipos de v\u00edrus da dengue (Denv-1, Denv-2, Denv-3 e Denv-4). O imunizante \u00e9 aplicado em duas doses com intervalo de tr\u00eas meses entre elas.&nbsp;<\/p>\n\n\n\n<p>A vacina est\u00e1 dispon\u00edvel em 57 unidades de sa\u00fade de segunda a sexta, das 8h \u00e0s 17h. E nas duas cl\u00ednicas municipais Gon\u00e7alense do Mutondo e da Fam\u00edlia Dr. Zerbini, no Arsenal, durante a semana, das 8h \u00e0s 21h. Aos s\u00e1bados, a vacina\u00e7\u00e3o ocorre somente nas cl\u00ednicas, das 8h \u00e0s 12h.<\/p>\n\n\n\n<p>A vacina contra a dengue n\u00e3o pode ser aplicada, simultaneamente, com nenhum outro imunizante. E, se o adolescente teve dengue, \u00e9 recomendado aguardar seis meses para o in\u00edcio do esquema vacinal, de acordo com o Programa Nacional de Imuniza\u00e7\u00e3o (PNI).<\/p>\n\n\n\n<p>N\u00e3o podem tomar a vacina contra a dengue quem tem alergia grave a um dos componentes, imunocomprometidos e gestantes. Para tomar a vacina, o gon\u00e7alense deve levar caderneta de vacina\u00e7\u00e3o, cart\u00e3o do SUS e CPF.<\/p>\n\n\n\n<p>\u201cEssa \u00e9 mais uma vacina muito importante que entrou no calend\u00e1rio h\u00e1 quase um ano. Ela ajuda a prevenir a infec\u00e7\u00e3o pelos quatro v\u00edrus da dengue e, consequentemente, os casos mais graves, diminuindo as hospitaliza\u00e7\u00f5es. Normalmente, as rea\u00e7\u00f5es s\u00e3o leves e nada compar\u00e1veis aos sintomas da dengue, que pode levar \u00e0 morte\u201d, lembrou a secret\u00e1ria municipal de Sa\u00fade e Defesa Civil de S\u00e3o Gon\u00e7alo, Dra. Bianca Serour.&nbsp;<\/p>\n\n\n\n<p>Locais de vacina\u00e7\u00e3o:&nbsp;<\/p>\n\n\n\n<p>1 \u2013 Polo Sanit\u00e1rio Paulo Marques Rangel, Porto do Rosa&nbsp;<\/p>\n\n\n\n<p>2 \u2013 USF Jardim Catarina I&nbsp;<\/p>\n\n\n\n<p>3 \u2013 USF Jos\u00e9 Avelino de Souza, Tribob\u00f3&nbsp;<\/p>\n\n\n\n<p>4 \u2013 USF Agenor Jos\u00e9 da Silva, Jardim Catarina&nbsp;<\/p>\n\n\n\n<p>5 \u2013 USF Louis Pasteur, Guaxindiba&nbsp;<\/p>\n\n\n\n<p>6 \u2013 Cl\u00ednica Gon\u00e7alense do Barro Vermelho&nbsp;<\/p>\n\n\n\n<p>7 \u2013 Polo Sanit\u00e1rio Washington Luiz Lopes, Z\u00e9 Garoto&nbsp;<\/p>\n\n\n\n<p>8 \u2013 Polo Sanit\u00e1rio Jorge Teixeira de Lima, Jardim Catarina<\/p>\n\n\n\n<p>9 \u2013 USF David Capistrano, Ita\u00fana&nbsp;<\/p>\n\n\n\n<p>10 \u2013 USF Barbosa Lima Sobrinho, Boa Vista&nbsp;<\/p>\n\n\n\n<p>11 \u2013 Cl\u00ednica Gon\u00e7alense do Mutondo&nbsp;<\/p>\n\n\n\n<p>12 \u2013 USF Jos\u00e9 Bruno Neto, Boa Vista&nbsp;<\/p>\n\n\n\n<p>13 \u2013 USF Floren\u00e7a Pereira, Largo da Ideia&nbsp;<\/p>\n\n\n\n<p>14 \u2013 Polo Sanit\u00e1rio H\u00e9lio Cruz, Alc\u00e2ntara&nbsp;<\/p>\n\n\n\n<p>15 \u2013 USF Juarez Antunes, Laranjal&nbsp;<\/p>\n\n\n\n<p>16 \u2013 Polo Sanit\u00e1rio Rio do Ouro&nbsp;<\/p>\n\n\n\n<p>17 \u2013 USF Oswaldo Cruz, Amendoeira&nbsp;<\/p>\n\n\n\n<p>18 \u2013 USF Ana Nery, Gradim&nbsp;<\/p>\n\n\n\n<p>19 \u2013 Cl\u00ednica Municipal da Fam\u00edlia Dr. Zerbini, Arsenal<\/p>\n\n\n\n<p>20 \u2013 USF Bandeirantes&nbsp;<\/p>\n\n\n\n<p>21 \u2013 USF Bento da Cruz, Porto Novo&nbsp;<\/p>\n\n\n\n<p>22 \u2013 USF Altair da Silva, Mutu\u00e1&nbsp;<\/p>\n\n\n\n<p>23 \u2013 USF Madre Teresa de Calcut\u00e1, Estrela do Norte&nbsp;<\/p>\n\n\n\n<p>24 \u2013 USF Marilea Cardoso, J\u00f3quei&nbsp;<\/p>\n\n\n\n<p>25 \u2013 USF Fl\u00e1vio Henrique de Brito, J\u00f3quei&nbsp;<\/p>\n\n\n\n<p>26 \u2013 USF Jardel do Amaral, Venda da Cruz&nbsp;<\/p>\n\n\n\n<p>27 \u2013 USF Luiz Paulo Guimar\u00e3es, Laranjal&nbsp;<\/p>\n\n\n\n<p>28 \u2013 USF Gladys Rodrigues Ramos Freitas, Santa Isabel&nbsp;<\/p>\n\n\n\n<p>29 \u2013 USF Jo\u00e3o Goulart, Jardim Catarina&nbsp;<\/p>\n\n\n\n<p>30 \u2013 USF Em\u00edlio Ribas, Barrac\u00e3o&nbsp;<\/p>\n\n\n\n<p>31 \u2013 USF Ary Teixeira, Jardim Bom Retiro&nbsp;<\/p>\n\n\n\n<p>32 \u2013 USF Luiz Carlos Prestes, Santa Catarina&nbsp;<\/p>\n\n\n\n<p>33 \u2013 USF Badger Silveira, Tribob\u00f3&nbsp;<\/p>\n\n\n\n<p>34 \u2013 USF Haroldo Pereira Nunes, Porto Novo&nbsp;<\/p>\n\n\n\n<p>35 \u2013 Cl\u00ednica Municipal do Coluband\u00ea<\/p>\n\n\n\n<p>36 \u2013 USF Alexander Fleming, Boa\u00e7u&nbsp;<\/p>\n\n\n\n<p>37 \u2013 USF Elza Borges, Santa Luzia&nbsp;<\/p>\n\n\n\n<p>38 \u2013 USF Tancredo Neves, Luiz Ca\u00e7ador&nbsp;<\/p>\n\n\n\n<p>39 \u2013 USF Geremias de Mattos Fontes, Jardim Bom Retiro&nbsp;<\/p>\n\n\n\n<p>40 \u2013 USF Quinta Dom Ricardo&nbsp;<\/p>\n\n\n\n<p>41 \u2013 USF Wally Figueiras da Silva, Rocha&nbsp;<\/p>\n\n\n\n<p>42 \u2013 USF Hiparco Ferreira, Engenho do Ro\u00e7ado&nbsp;<\/p>\n\n\n\n<p>43 \u2013 USF Almerinda&nbsp;<\/p>\n\n\n\n<p>44 \u2013 USF Lu\u00edsa de Marilac, Novo M\u00e9xico&nbsp;<\/p>\n\n\n\n<p>45 \u2013 USF Apolo III<\/p>\n\n\n\n<p>46 \u2013 USF Neuza Goulart Brizola, Palmeiras&nbsp;<\/p>\n\n\n\n<p>47 \u2013 USF Dr. Robert Koch, Porto da Madama&nbsp;<\/p>\n\n\n\n<p>48 \u2013 USF Doutel de Andrade, Maria Paula&nbsp;<\/p>\n\n\n\n<p>49 \u2013 USF Santa Luzia&nbsp;<\/p>\n\n\n\n<p>50 \u2013 USF Get\u00falio Vargas, Boa Vista&nbsp;<\/p>\n\n\n\n<p>51 \u2013 USF Adolfo Lutz, Amendoeira&nbsp;<\/p>\n\n\n\n<p>52 \u2013 USF Port\u00e3o do Rosa&nbsp;<\/p>\n\n\n\n<p>53 \u2013 USF An\u00edbal Porto, Monjolos&nbsp;<\/p>\n\n\n\n<p>54 \u2013 USF Jos\u00e9 Jorge Cortes Freitas, Itaitindiba&nbsp;<\/p>\n\n\n\n<p>55 \u2013 USF Floriano Barbosa, Jardim Catarina&nbsp;<\/p>\n\n\n\n<p>56 \u2013 USF Marambaia&nbsp;<\/p>\n\n\n\n<p>57 \u2013 USF Irm\u00e3 Dulce, Trindade.<\/p>\n\n\n\n<p><strong><em>S\u00e3o Gon\u00e7alo vai mudar: Not\u00edcias de S\u00e3o Gon\u00e7alo e toda regi\u00e3o.<\/em><\/strong><\/p>\n\n\n\n<figure class=\"wp-block-image size-large\"><img decoding=\"async\" width=\"1024\" height=\"357\" src=\"https:\/\/sgvaimudar.com.br\/wp-content\/uploads\/2023\/08\/Logo-Provisoria-2-1-1024x357.png\" alt=\"\" class=\"wp-image-2779\" srcset=\"https:\/\/sgvaimudar.com.br\/wp-content\/uploads\/2023\/08\/Logo-Provisoria-2-1-1024x357.png 1024w, https:\/\/sgvaimudar.com.br\/wp-content\/uploads\/2023\/08\/Logo-Provisoria-2-1-300x105.png 300w, https:\/\/sgvaimudar.com.br\/wp-content\/uploads\/2023\/08\/Logo-Provisoria-2-1-768x268.png 768w, https:\/\/sgvaimudar.com.br\/wp-content\/uploads\/2023\/08\/Logo-Provisoria-2-1.png 1470w\" sizes=\"(max-width: 1024px) 100vw, 1024px\" \/><\/figure>\n","protected":false},"excerpt":{"rendered":"<p>Vigil\u00e2ncia Ambiental orienta popula\u00e7\u00e3o para eliminar focos do Aedes aegypti A Secretaria de Sa\u00fade e Defesa Civil da Prefeitura de&hellip;<\/p>\n","protected":false},"author":5,"featured_media":19319,"comment_status":"open","ping_status":"open","sticky":false,"template":"","format":"standard","meta":{"fifu_image_url":"","fifu_image_alt":"","footnotes":""},"categories":[7],"tags":[],"class_list":["post-19318","post","type-post","status-publish","format-standard","has-post-thumbnail","hentry","category-saude"],"_links":{"self":[{"href":"https:\/\/sgvaimudar.com.br\/index.php\/wp-json\/wp\/v2\/posts\/19318","targetHints":{"allow":["GET"]}}],"collection":[{"href":"https:\/\/sgvaimudar.com.br\/index.php\/wp-json\/wp\/v2\/posts"}],"about":[{"href":"https:\/\/sgvaimudar.com.br\/index.php\/wp-json\/wp\/v2\/types\/post"}],"author":[{"embeddable":true,"href":"https:\/\/sgvaimudar.com.br\/index.php\/wp-json\/wp\/v2\/users\/5"}],"replies":[{"embeddable":true,"href":"https:\/\/sgvaimudar.com.br\/index.php\/wp-json\/wp\/v2\/comments?post=19318"}],"version-history":[{"count":2,"href":"https:\/\/sgvaimudar.com.br\/index.php\/wp-json\/wp\/v2\/posts\/19318\/revisions"}],"predecessor-version":[{"id":19322,"href":"https:\/\/sgvaimudar.com.br\/index.php\/wp-json\/wp\/v2\/posts\/19318\/revisions\/19322"}],"wp:featuredmedia":[{"embeddable":true,"href":"https:\/\/sgvaimudar.com.br\/index.php\/wp-json\/wp\/v2\/media\/19319"}],"wp:attachment":[{"href":"https:\/\/sgvaimudar.com.br\/index.php\/wp-json\/wp\/v2\/media?parent=19318"}],"wp:term":[{"taxonomy":"category","embeddable":true,"href":"https:\/\/sgvaimudar.com.br\/index.php\/wp-json\/wp\/v2\/categories?post=19318"},{"taxonomy":"post_tag","embeddable":true,"href":"https:\/\/sgvaimudar.com.br\/index.php\/wp-json\/wp\/v2\/tags?post=19318"}],"curies":[{"name":"wp","href":"https:\/\/api.w.org\/{rel}","templated":true}]}}