{"id":19311,"date":"2025-01-28T12:00:00","date_gmt":"2025-01-28T15:00:00","guid":{"rendered":"https:\/\/sgvaimudar.com.br\/?p=19311"},"modified":"2025-01-28T09:20:30","modified_gmt":"2025-01-28T12:20:30","slug":"secretaria-municipal-de-assistencia-realiza-semana-de-acao-social-para-mulheres-no-patio-alcantara","status":"publish","type":"post","link":"https:\/\/sgvaimudar.com.br\/index.php\/2025\/01\/28\/secretaria-municipal-de-assistencia-realiza-semana-de-acao-social-para-mulheres-no-patio-alcantara\/","title":{"rendered":"Secretaria Municipal de Assist\u00eancia realiza Semana de A\u00e7\u00e3o Social para mulheres no P\u00e1tio Alc\u00e2ntara"},"content":{"rendered":"\n<p><em>Diversos servi\u00e7os gratuitos ser\u00e3o oferecidos at\u00e9 o dia 30<\/em><\/p>\n\n\n\n<p>A Semana de A\u00e7\u00e3o Social no P\u00e1tio Alc\u00e2ntara teve in\u00edcio nesta segunda-feira (27). O evento, realizado pela Secretaria de Assist\u00eancia Social, atrav\u00e9s da Subsecretaria de Pol\u00edticas P\u00fablicas para as Mulheres, acontece das 10h \u00e0s 13h e conta com diferentes a\u00e7\u00f5es em prol das mulheres.<\/p>\n\n\n\n<p>No local, o Comit\u00ea de Sub-registro realizou isen\u00e7\u00f5es para segunda via de documentos e para casamento; a Secretaria de Sa\u00fade ofereceu aferi\u00e7\u00e3o de press\u00e3o arterial, vacinas e orienta\u00e7\u00f5es em Sa\u00fade; a Subsecretaria de Prote\u00e7\u00e3o Social Especial orientou sobre direitos das mulheres e encaminhamentos \u00e0 rede de enfrentamento \u00e0 viol\u00eancia dom\u00e9stica. <\/p>\n\n\n\n<figure class=\"wp-block-image size-full\"><img fetchpriority=\"high\" decoding=\"async\" width=\"1024\" height=\"683\" src=\"https:\/\/sgvaimudar.com.br\/wp-content\/uploads\/2025\/01\/unnamed-2-21.jpg\" alt=\"\" class=\"wp-image-19312\" srcset=\"https:\/\/sgvaimudar.com.br\/wp-content\/uploads\/2025\/01\/unnamed-2-21.jpg 1024w, https:\/\/sgvaimudar.com.br\/wp-content\/uploads\/2025\/01\/unnamed-2-21-300x200.jpg 300w, https:\/\/sgvaimudar.com.br\/wp-content\/uploads\/2025\/01\/unnamed-2-21-768x512.jpg 768w\" sizes=\"(max-width: 1024px) 100vw, 1024px\" \/><\/figure>\n\n\n\n<p>A Universidade Est\u00e1cio de S\u00e1 tamb\u00e9m esteve presente oferecendo orienta\u00e7\u00e3o jur\u00eddica e nutricional.<\/p>\n\n\n\n<p>A subsecret\u00e1ria de Pol\u00edticas P\u00fablicas para as Mulheres, Ana Cristina da Silva, disse que promover a\u00e7\u00f5es como essa \u00e9 fundamental e deve ser uma pr\u00e1tica constante.<\/p>\n\n\n\n<p>&#8220;Sabemos que as informa\u00e7\u00f5es precisam alcan\u00e7ar a todos. O shopping, por ser um ponto estrat\u00e9gico de grande circula\u00e7\u00e3o de pessoas, \u00e9 o local ideal, oferecendo acesso a servi\u00e7os essenciais para aqueles que precisam. Al\u00e9m disso, \u00e9 um ambiente neutro, onde a mulher em situa\u00e7\u00e3o de viol\u00eancia pode buscar ajuda sem levantar suspeitas do agressor, podendo ser atendida por uma de nossas t\u00e9cnicas&#8221;, destacou a subsecret\u00e1ria.<\/p>\n\n\n\n<p>Um espa\u00e7o de atendimento e acolhimento tamb\u00e9m foi montado no shopping, para mulheres em situa\u00e7\u00e3o de viol\u00eancia, proporcionando acolhimento psicol\u00f3gico e apoio social. As participantes poder\u00e3o ser encaminhadas para o Ceom Zuzu Angel, a fim de conhecer programas como o Lidera Mulher e a Feira da Mulher Empreendedora.<\/p>\n\n\n\n<p>A moradora do bairro Jardim Catarina, Raimunda Cunha, de 51 anos, conta que ficou satisfeita com os servi\u00e7os oferecidos. &#8220;Precisava medir a glicose e a press\u00e3o, vim aqui e ainda tomei a vacina da gripe. Acho muito importante eventos como esse, o atendimento \u00e9 nota 10&#8221;, disse.<\/p>\n\n\n\n<p>Cabe refor\u00e7ar que, apesar de ser focado no atendimento \u00e0s mulheres, a semana oferece servi\u00e7os para os homens tamb\u00e9m. O secret\u00e1rio de Assist\u00eancia Social, Felippe Mattos, esteve presente e destacou a relev\u00e2ncia das atividades. <\/p>\n\n\n\n<p>&#8220;Estamos muito satisfeitos em realizar essa semana de a\u00e7\u00f5es gratuitas. \u00c9 de extrema import\u00e2ncia que a popula\u00e7\u00e3o gon\u00e7alense receba atendimentos de qualidade e que tenha acesso a servi\u00e7os jur\u00eddicos, orienta\u00e7\u00f5es de sa\u00fade e espa\u00e7os de acolhimento&#8221;, afirmou o secret\u00e1rio.<\/p>\n\n\n\n<p><strong>Confira a programa\u00e7\u00e3o da Semana de A\u00e7\u00e3o Social<\/strong>:<\/p>\n\n\n\n<p>-Ter\u00e7a-feira (28\/01):<\/p>\n\n\n\n<p>10h- Oficina de Biscuit com artes\u00e3 do Projeto Lidera Mulher<\/p>\n\n\n\n<p>10h \u00e0s 13h- Comit\u00ea de Sub-registro com isen\u00e7\u00f5es para segunda via de documentos e para casamento; Aferi\u00e7\u00e3o de press\u00e3o arterial e orienta\u00e7\u00f5es em Sa\u00fade; Subsecretaria da Mulher e seus servi\u00e7os; Est\u00e1cio de S\u00e1 com orienta\u00e7\u00e3o jur\u00eddica.<\/p>\n\n\n\n<p>10h \u00e0s 13h- Espa\u00e7o de acolhimento e atendimento \u00e0 mulher<\/p>\n\n\n\n<p>-Quarta-feira (29\/01):<\/p>\n\n\n\n<p>10h \u00e0s 13h- Comit\u00ea de Sub-registro com isen\u00e7\u00f5es para segunda via de documentos e para casamento; Aferi\u00e7\u00e3o de press\u00e3o arterial e orienta\u00e7\u00f5es em Sa\u00fade; Subsecretaria da Mulher e seus servi\u00e7os; Est\u00e1cio de S\u00e1 com orienta\u00e7\u00e3o jur\u00eddica.<\/p>\n\n\n\n<p>10h \u00e0s 13h- Espa\u00e7o de acolhimento e atendimento \u00e0 mulher<\/p>\n\n\n\n<p>-Quinta-feira (30\/01):<\/p>\n\n\n\n<p>10h- Oficina de La\u00e7os com Luciana Cardoso do Projeto Lidera Mulher<\/p>\n\n\n\n<p>10h \u00e0s 13h- Comit\u00ea de Sub-registro com isen\u00e7\u00f5es para segunda via de documentos e para casamento; Aferi\u00e7\u00e3o de press\u00e3o arterial e orienta\u00e7\u00f5es em Sa\u00fade; Subsecretaria da Mulher e seus servi\u00e7os; Est\u00e1cio de S\u00e1 com orienta\u00e7\u00e3o jur\u00eddica.<\/p>\n\n\n\n<p>10h \u00e0s 13h- Espa\u00e7o de acolhimento e atendimento \u00e0 mulher<\/p>\n\n\n\n<p>11h- Palestra com os funcion\u00e1rios do P\u00e1tio sobre Janeiro Branco, m\u00eas de valoriza\u00e7\u00e3o da sa\u00fade mental, com a psic\u00f3loga da Equipe T\u00e9cnica Rafaela Ferreira.<\/p>\n\n\n\n<p><em>Fotos: Fabio Guimar\u00e3es<\/em><\/p>\n\n\n\n<p><strong><em>S\u00e3o Gon\u00e7alo vai mudar: Not\u00edcias de S\u00e3o Gon\u00e7alo e toda regi\u00e3o.<\/em><\/strong><\/p>\n\n\n\n<figure class=\"wp-block-image size-full\"><img decoding=\"async\" width=\"317\" height=\"111\" src=\"https:\/\/sgvaimudar.com.br\/wp-content\/uploads\/2023\/08\/Logo-Provisoria-2-2.png\" alt=\"\" class=\"wp-image-2781\" srcset=\"https:\/\/sgvaimudar.com.br\/wp-content\/uploads\/2023\/08\/Logo-Provisoria-2-2.png 317w, https:\/\/sgvaimudar.com.br\/wp-content\/uploads\/2023\/08\/Logo-Provisoria-2-2-300x105.png 300w\" sizes=\"(max-width: 317px) 100vw, 317px\" \/><\/figure>\n","protected":false},"excerpt":{"rendered":"<p>Diversos servi\u00e7os gratuitos ser\u00e3o oferecidos at\u00e9 o dia 30 A Semana de A\u00e7\u00e3o Social no P\u00e1tio Alc\u00e2ntara teve in\u00edcio nesta&hellip;<\/p>\n","protected":false},"author":5,"featured_media":19313,"comment_status":"open","ping_status":"open","sticky":false,"template":"","format":"standard","meta":{"fifu_image_url":"","fifu_image_alt":"","footnotes":""},"categories":[3],"tags":[],"class_list":["post-19311","post","type-post","status-publish","format-standard","has-post-thumbnail","hentry","category-sao-goncalo"],"_links":{"self":[{"href":"https:\/\/sgvaimudar.com.br\/index.php\/wp-json\/wp\/v2\/posts\/19311","targetHints":{"allow":["GET"]}}],"collection":[{"href":"https:\/\/sgvaimudar.com.br\/index.php\/wp-json\/wp\/v2\/posts"}],"about":[{"href":"https:\/\/sgvaimudar.com.br\/index.php\/wp-json\/wp\/v2\/types\/post"}],"author":[{"embeddable":true,"href":"https:\/\/sgvaimudar.com.br\/index.php\/wp-json\/wp\/v2\/users\/5"}],"replies":[{"embeddable":true,"href":"https:\/\/sgvaimudar.com.br\/index.php\/wp-json\/wp\/v2\/comments?post=19311"}],"version-history":[{"count":1,"href":"https:\/\/sgvaimudar.com.br\/index.php\/wp-json\/wp\/v2\/posts\/19311\/revisions"}],"predecessor-version":[{"id":19314,"href":"https:\/\/sgvaimudar.com.br\/index.php\/wp-json\/wp\/v2\/posts\/19311\/revisions\/19314"}],"wp:featuredmedia":[{"embeddable":true,"href":"https:\/\/sgvaimudar.com.br\/index.php\/wp-json\/wp\/v2\/media\/19313"}],"wp:attachment":[{"href":"https:\/\/sgvaimudar.com.br\/index.php\/wp-json\/wp\/v2\/media?parent=19311"}],"wp:term":[{"taxonomy":"category","embeddable":true,"href":"https:\/\/sgvaimudar.com.br\/index.php\/wp-json\/wp\/v2\/categories?post=19311"},{"taxonomy":"post_tag","embeddable":true,"href":"https:\/\/sgvaimudar.com.br\/index.php\/wp-json\/wp\/v2\/tags?post=19311"}],"curies":[{"name":"wp","href":"https:\/\/api.w.org\/{rel}","templated":true}]}}