{"id":19263,"date":"2025-01-27T19:00:00","date_gmt":"2025-01-27T22:00:00","guid":{"rendered":"https:\/\/sgvaimudar.com.br\/?p=19263"},"modified":"2025-01-29T06:54:43","modified_gmt":"2025-01-29T09:54:43","slug":"aprovacao-do-governo-lula-cai-5-pontos-percentuais-e-vai-a-47-diz-quaest","status":"publish","type":"post","link":"https:\/\/sgvaimudar.com.br\/index.php\/2025\/01\/27\/aprovacao-do-governo-lula-cai-5-pontos-percentuais-e-vai-a-47-diz-quaest\/","title":{"rendered":"Aprova\u00e7\u00e3o do governo Lula cai 5 pontos percentuais e vai a 47%, diz Quaest"},"content":{"rendered":"\n<p><em>\u00cdndice de desaprova\u00e7\u00e3o supera aprova\u00e7\u00e3o pela primeira vez na s\u00e9rie hist\u00f3rica<\/em><\/p>\n\n\n\n<p>A aprova\u00e7\u00e3o do governo do presidente Luiz In\u00e1cio Lula da Silva (PT) caiu cinco pontos percentuais em janeiro deste ano, atingindo&nbsp;47%, de acordo com pesquisa Genial\/Quaest divulgada nesta segunda-feira (27).<\/p>\n\n\n\n<p>\u00c9 a primeira vez que o \u00edndice de desaprova\u00e7\u00e3o supera a aprova\u00e7\u00e3o na s\u00e9rie hist\u00f3rica (<em>confira abaixo<\/em>), iniciada em fevereiro de 2023.<\/p>\n\n\n\n<p>Foram ouvidas&nbsp;4.500&nbsp;pessoas presencialmente entre os dias 23 e 26 de janeiro. A margem de erro \u00e9 de&nbsp;um ponto percentual, para mais ou para menos, e o n\u00edvel de confian\u00e7a \u00e9 de&nbsp;95%.<\/p>\n\n\n\n<p>O levantamento tamb\u00e9m avaliou a percep\u00e7\u00e3o dos brasileiros quanto aos pre\u00e7os dos alimentos, combust\u00edveis e contas de \u00e1gua e luz.<strong>&nbsp;Veja os detalhes nos gr\u00e1ficos a seguir:<\/strong><\/p>\n\n\n\n<figure class=\"wp-block-image size-full\"><img fetchpriority=\"high\" decoding=\"async\" width=\"601\" height=\"454\" src=\"https:\/\/sgvaimudar.com.br\/wp-content\/uploads\/2025\/01\/lULA-1.jpg\" alt=\"\" class=\"wp-image-19264\" srcset=\"https:\/\/sgvaimudar.com.br\/wp-content\/uploads\/2025\/01\/lULA-1.jpg 601w, https:\/\/sgvaimudar.com.br\/wp-content\/uploads\/2025\/01\/lULA-1-300x227.jpg 300w\" sizes=\"(max-width: 601px) 100vw, 601px\" \/><\/figure>\n\n\n\n<figure class=\"wp-block-image size-full\"><img decoding=\"async\" width=\"599\" height=\"472\" src=\"https:\/\/sgvaimudar.com.br\/wp-content\/uploads\/2025\/01\/Alimentos.jpg\" alt=\"\" class=\"wp-image-19265\" srcset=\"https:\/\/sgvaimudar.com.br\/wp-content\/uploads\/2025\/01\/Alimentos.jpg 599w, https:\/\/sgvaimudar.com.br\/wp-content\/uploads\/2025\/01\/Alimentos-300x236.jpg 300w\" sizes=\"(max-width: 599px) 100vw, 599px\" \/><\/figure>\n\n\n\n<figure class=\"wp-block-image size-full\"><img decoding=\"async\" width=\"608\" height=\"481\" src=\"https:\/\/sgvaimudar.com.br\/wp-content\/uploads\/2025\/01\/combus.jpg\" alt=\"\" class=\"wp-image-19266\" srcset=\"https:\/\/sgvaimudar.com.br\/wp-content\/uploads\/2025\/01\/combus.jpg 608w, https:\/\/sgvaimudar.com.br\/wp-content\/uploads\/2025\/01\/combus-300x237.jpg 300w\" sizes=\"(max-width: 608px) 100vw, 608px\" \/><\/figure>\n\n\n\n<figure class=\"wp-block-image size-full\"><img loading=\"lazy\" decoding=\"async\" width=\"602\" height=\"484\" src=\"https:\/\/sgvaimudar.com.br\/wp-content\/uploads\/2025\/01\/agua.jpg\" alt=\"\" class=\"wp-image-19267\" srcset=\"https:\/\/sgvaimudar.com.br\/wp-content\/uploads\/2025\/01\/agua.jpg 602w, https:\/\/sgvaimudar.com.br\/wp-content\/uploads\/2025\/01\/agua-300x241.jpg 300w\" sizes=\"(max-width: 602px) 100vw, 602px\" \/><\/figure>\n\n\n\n<h2 class=\"wp-block-heading\">Pix<\/h2>\n\n\n\n<p>Ainda de acordo com a pesquisa, os brasileiros elegeram o caso Pix como a not\u00edcia mais negativa do governo.<\/p>\n\n\n\n<p>O resultado foi obtido de maneira espont\u00e2nea, ou seja, quando as alternativas de respostas n\u00e3o s\u00e3o pr\u00e9-definidas por uma lista elaborada pelo instituto respons\u00e1vel pela pesquisa e apresentadas aos entrevistados.&nbsp;<strong>Confira os detalhes:<\/strong><\/p>\n\n\n\n<h2 class=\"wp-block-heading\">Qual a not\u00edcia mais negativa que voc\u00ea ouviu do governo Lula?<\/h2>\n\n\n\n<ul class=\"wp-block-list\">\n<li>Regula\u00e7\u00e3o do Pix:&nbsp;<strong>11%<\/strong><\/li>\n\n\n\n<li>N\u00e3o faz o que promete\/\u00e9 corrupto:&nbsp;<strong>3%<\/strong><\/li>\n\n\n\n<li>Aumento de pre\u00e7os\/infla\u00e7\u00e3o:&nbsp;<strong>2%<\/strong><\/li>\n\n\n\n<li>Aumento dos impostos:&nbsp;<strong>2%<\/strong><\/li>\n\n\n\n<li>Aumento dos combust\u00edveis\/gasolina:&nbsp;<strong>1%<\/strong><\/li>\n\n\n\n<li>Declara\u00e7\u00f5es sobre Sergio Moro\/PCC:&nbsp;<strong>1%<\/strong><\/li>\n\n\n\n<li>Falhas no Bolsa Fam\u00edlia\/Aux\u00edlio Reclus\u00e3o:&nbsp;<strong>1%<\/strong><\/li>\n\n\n\n<li>Postura negativa do presidente:&nbsp;<strong>1%<\/strong><\/li>\n\n\n\n<li>Legaliza\u00e7\u00e3o do aborto:&nbsp;<strong>1%<\/strong><\/li>\n\n\n\n<li>Economia\/Juros\/Empr\u00e9stimos:&nbsp;<strong>1%<\/strong><\/li>\n\n\n\n<li>Desmatamento\/Meio ambiente:<strong>&nbsp;0%<\/strong><\/li>\n\n\n\n<li>Viaja demais\/que ele n\u00e3o para no Brasil:&nbsp;<strong>1%<\/strong><\/li>\n\n\n\n<li>Validade dos alimentos:&nbsp;<strong>1%<\/strong><\/li>\n\n\n\n<li>Outras:&nbsp;<strong>29%<\/strong><\/li>\n\n\n\n<li>N\u00e3o ouviu nenhuma not\u00edcia negativa:&nbsp;<strong>28%<\/strong><\/li>\n\n\n\n<li>N\u00e3o sabe\/N\u00e3o respondeu:&nbsp;<strong>17%<\/strong><\/li>\n<\/ul>\n\n\n\n<p>Fonte: CNN<\/p>\n\n\n\n<p><strong><em>S\u00e3o Gon\u00e7alo vai mudar: Not\u00edcias de S\u00e3o Gon\u00e7alo e toda regi\u00e3o.<\/em><\/strong><\/p>\n\n\n\n<figure class=\"wp-block-image size-large\"><img loading=\"lazy\" decoding=\"async\" width=\"1024\" height=\"378\" src=\"https:\/\/sgvaimudar.com.br\/wp-content\/uploads\/2023\/08\/cropped-Logo-Provisoria-2-1-1024x378.png\" alt=\"\" class=\"wp-image-2780\" srcset=\"https:\/\/sgvaimudar.com.br\/wp-content\/uploads\/2023\/08\/cropped-Logo-Provisoria-2-1-1024x378.png 1024w, https:\/\/sgvaimudar.com.br\/wp-content\/uploads\/2023\/08\/cropped-Logo-Provisoria-2-1-300x111.png 300w, https:\/\/sgvaimudar.com.br\/wp-content\/uploads\/2023\/08\/cropped-Logo-Provisoria-2-1-768x284.png 768w, https:\/\/sgvaimudar.com.br\/wp-content\/uploads\/2023\/08\/cropped-Logo-Provisoria-2-1.png 1386w\" sizes=\"(max-width: 1024px) 100vw, 1024px\" \/><\/figure>\n","protected":false},"excerpt":{"rendered":"<p>\u00cdndice de desaprova\u00e7\u00e3o supera aprova\u00e7\u00e3o pela primeira vez na s\u00e9rie hist\u00f3rica A aprova\u00e7\u00e3o do governo do presidente Luiz In\u00e1cio Lula&hellip;<\/p>\n","protected":false},"author":5,"featured_media":19269,"comment_status":"open","ping_status":"open","sticky":false,"template":"","format":"standard","meta":{"fifu_image_url":"","fifu_image_alt":"","footnotes":""},"categories":[4],"tags":[],"class_list":["post-19263","post","type-post","status-publish","format-standard","has-post-thumbnail","hentry","category-brasil"],"_links":{"self":[{"href":"https:\/\/sgvaimudar.com.br\/index.php\/wp-json\/wp\/v2\/posts\/19263","targetHints":{"allow":["GET"]}}],"collection":[{"href":"https:\/\/sgvaimudar.com.br\/index.php\/wp-json\/wp\/v2\/posts"}],"about":[{"href":"https:\/\/sgvaimudar.com.br\/index.php\/wp-json\/wp\/v2\/types\/post"}],"author":[{"embeddable":true,"href":"https:\/\/sgvaimudar.com.br\/index.php\/wp-json\/wp\/v2\/users\/5"}],"replies":[{"embeddable":true,"href":"https:\/\/sgvaimudar.com.br\/index.php\/wp-json\/wp\/v2\/comments?post=19263"}],"version-history":[{"count":2,"href":"https:\/\/sgvaimudar.com.br\/index.php\/wp-json\/wp\/v2\/posts\/19263\/revisions"}],"predecessor-version":[{"id":19270,"href":"https:\/\/sgvaimudar.com.br\/index.php\/wp-json\/wp\/v2\/posts\/19263\/revisions\/19270"}],"wp:featuredmedia":[{"embeddable":true,"href":"https:\/\/sgvaimudar.com.br\/index.php\/wp-json\/wp\/v2\/media\/19269"}],"wp:attachment":[{"href":"https:\/\/sgvaimudar.com.br\/index.php\/wp-json\/wp\/v2\/media?parent=19263"}],"wp:term":[{"taxonomy":"category","embeddable":true,"href":"https:\/\/sgvaimudar.com.br\/index.php\/wp-json\/wp\/v2\/categories?post=19263"},{"taxonomy":"post_tag","embeddable":true,"href":"https:\/\/sgvaimudar.com.br\/index.php\/wp-json\/wp\/v2\/tags?post=19263"}],"curies":[{"name":"wp","href":"https:\/\/api.w.org\/{rel}","templated":true}]}}