{"id":19192,"date":"2025-01-25T21:00:00","date_gmt":"2025-01-26T00:00:00","guid":{"rendered":"https:\/\/sgvaimudar.com.br\/?p=19192"},"modified":"2025-01-25T08:54:29","modified_gmt":"2025-01-25T11:54:29","slug":"escritora-roseana-murray-usa-protese-bionica-pela-primeira-vez-apos-perder-braco-direito-em-ataque-de-pitbulls","status":"publish","type":"post","link":"https:\/\/sgvaimudar.com.br\/index.php\/2025\/01\/25\/escritora-roseana-murray-usa-protese-bionica-pela-primeira-vez-apos-perder-braco-direito-em-ataque-de-pitbulls\/","title":{"rendered":"Escritora Roseana Murray usa pr\u00f3tese bi\u00f4nica pela primeira vez ap\u00f3s perder bra\u00e7o direito em ataque de pitbulls"},"content":{"rendered":"\n<p><em>Pr\u00f3tese ficou pronta nesta sexta-feira (24) e ser\u00e1 usada pela poetisa durante uma hora por dia no per\u00edodo de adapta\u00e7\u00e3o: &#8216;\u00c9 muito dif\u00edcil, \u00e9 um longo aprendizado&#8217;<\/em><\/p>\n\n\n\n<p>A escritora e poetisa Roseana Murray, de 73 anos, come\u00e7ou a usar uma pr\u00f3tese bi\u00f4nica nesta sexta-feira (24) ap\u00f3s perder o bra\u00e7o direito em um ataque de tr\u00eas pitbulls em abril do ano passado em Saquarema, na Regi\u00e3o dos Lagos do Rio.<\/p>\n\n\n\n<figure class=\"wp-block-image size-full is-resized\"><img fetchpriority=\"high\" decoding=\"async\" width=\"631\" height=\"331\" src=\"https:\/\/sgvaimudar.com.br\/wp-content\/uploads\/2025\/01\/pit.jpg\" alt=\"\" class=\"wp-image-19193\" style=\"aspect-ratio:1.906344410876133;width:691px;height:auto\" srcset=\"https:\/\/sgvaimudar.com.br\/wp-content\/uploads\/2025\/01\/pit.jpg 631w, https:\/\/sgvaimudar.com.br\/wp-content\/uploads\/2025\/01\/pit-300x157.jpg 300w\" sizes=\"(max-width: 631px) 100vw, 631px\" \/><\/figure>\n\n\n\n<p><strong>Os cachorros pitbulls que atacaram escritora em Saquarema \u2014 Foto: Reprodu\u00e7\u00e3o<\/strong><\/p>\n\n\n\n<p>A escritora explicou que agora come\u00e7a um per\u00edodo de adapta\u00e7\u00e3o, que \u00e9 muito dif\u00edcil e exige paci\u00eancia.<\/p>\n\n\n\n<p>&#8220;Sinto que \u00e9 um longo aprendizado, que a pr\u00f3tese vai me servir demais e que eu tenho que ter paci\u00eancia, muita paci\u00eancia e resili\u00eancia. Porque n\u00e3o \u00e9 algo f\u00e1cil a adapta\u00e7\u00e3o. Come\u00e7ou hoje!&#8221;, explicou Roseana.<\/p>\n\n\n\n<p>A ajuda chegou nove meses ap\u00f3s o ataque.\u00a0Foi a Justi\u00e7a do Rio que determinou que a Prefeitura e o governo fornecessem a pr\u00f3tese.<\/p>\n\n\n\n<p>A pr\u00f3tese bi\u00f4nica de ombro e m\u00e3o pode devolver \u00e0 escritora movimentos fundamentais para o seu dia e \u00e9 a mais indicada por especialistas. O equipamento, na \u00e9poca da decis\u00e3o da Justi\u00e7a, estava avaliado em R$ 894 mil.<\/p>\n\n\n\n<p>&#8220;\u00c9 muito cara mesmo uma pr\u00f3tese dessas. Estou feliz, num estado alterado de alegria. Mas n\u00e3o vou falar que vai ser f\u00e1cil n\u00e3o. Vai ser muito dif\u00edcil essa adapta\u00e7\u00e3o!&#8221;, contou.<\/p>\n\n\n\n<h2 class=\"wp-block-heading\">Sobre o ataque<\/h2>\n\n\n\n<p>No dia 5 de abril, a artista caminhava na orla da praia de Saquarema, onde mora, quando virou alvo dos c\u00e3es, que a deixaram em estado de sa\u00fade grav\u00edssimo.<\/p>\n\n\n\n<p>Na ocasi\u00e3o, tr\u00eas pessoas prestaram depoimento e uma delas foi presa.<\/p>\n\n\n\n<p>A\u00a0alta hospitalar ocorreu depois de ficar internada por 13 dias.\u00a0Ela chegou a\u00a0escrever um poema enquanto esteve internada no CTI. Ao chegar em casa,\u00a0Roseana usou a m\u00e3o esquerda para autografar a obras &#8220;Jardins&#8221; para presentear dois jornalistas. Com o livro &#8220;Jardins&#8221;, ela ganhou o &#8220;Pr\u00eamio Academia Brasileira de Letras&#8221;, em 2002.<\/p>\n\n\n\n<p>Em novembro do ano passado, a escritora perdeu o marido, o escritor espanhol Juan Arias, que tinha 92 anos.<\/p>\n\n\n\n<p><strong><em>S\u00e3o Gon\u00e7alo vai mudar: Not\u00edcias de S\u00e3o Gon\u00e7alo e toda regi\u00e3o.<\/em><\/strong><\/p>\n\n\n\n<figure class=\"wp-block-image size-large\"><img decoding=\"async\" width=\"1024\" height=\"357\" src=\"https:\/\/sgvaimudar.com.br\/wp-content\/uploads\/2023\/08\/Logo-Provisoria-2-1-1024x357.png\" alt=\"\" class=\"wp-image-2779\" srcset=\"https:\/\/sgvaimudar.com.br\/wp-content\/uploads\/2023\/08\/Logo-Provisoria-2-1-1024x357.png 1024w, https:\/\/sgvaimudar.com.br\/wp-content\/uploads\/2023\/08\/Logo-Provisoria-2-1-300x105.png 300w, https:\/\/sgvaimudar.com.br\/wp-content\/uploads\/2023\/08\/Logo-Provisoria-2-1-768x268.png 768w, https:\/\/sgvaimudar.com.br\/wp-content\/uploads\/2023\/08\/Logo-Provisoria-2-1.png 1470w\" sizes=\"(max-width: 1024px) 100vw, 1024px\" \/><\/figure>\n","protected":false},"excerpt":{"rendered":"<p>Pr\u00f3tese ficou pronta nesta sexta-feira (24) e ser\u00e1 usada pela poetisa durante uma hora por dia no per\u00edodo de adapta\u00e7\u00e3o:&hellip;<\/p>\n","protected":false},"author":5,"featured_media":19194,"comment_status":"open","ping_status":"open","sticky":false,"template":"","format":"standard","meta":{"fifu_image_url":"","fifu_image_alt":"","footnotes":""},"categories":[4,32,7],"tags":[],"class_list":["post-19192","post","type-post","status-publish","format-standard","has-post-thumbnail","hentry","category-brasil","category-casos-de-policia","category-saude"],"_links":{"self":[{"href":"https:\/\/sgvaimudar.com.br\/index.php\/wp-json\/wp\/v2\/posts\/19192","targetHints":{"allow":["GET"]}}],"collection":[{"href":"https:\/\/sgvaimudar.com.br\/index.php\/wp-json\/wp\/v2\/posts"}],"about":[{"href":"https:\/\/sgvaimudar.com.br\/index.php\/wp-json\/wp\/v2\/types\/post"}],"author":[{"embeddable":true,"href":"https:\/\/sgvaimudar.com.br\/index.php\/wp-json\/wp\/v2\/users\/5"}],"replies":[{"embeddable":true,"href":"https:\/\/sgvaimudar.com.br\/index.php\/wp-json\/wp\/v2\/comments?post=19192"}],"version-history":[{"count":2,"href":"https:\/\/sgvaimudar.com.br\/index.php\/wp-json\/wp\/v2\/posts\/19192\/revisions"}],"predecessor-version":[{"id":19196,"href":"https:\/\/sgvaimudar.com.br\/index.php\/wp-json\/wp\/v2\/posts\/19192\/revisions\/19196"}],"wp:featuredmedia":[{"embeddable":true,"href":"https:\/\/sgvaimudar.com.br\/index.php\/wp-json\/wp\/v2\/media\/19194"}],"wp:attachment":[{"href":"https:\/\/sgvaimudar.com.br\/index.php\/wp-json\/wp\/v2\/media?parent=19192"}],"wp:term":[{"taxonomy":"category","embeddable":true,"href":"https:\/\/sgvaimudar.com.br\/index.php\/wp-json\/wp\/v2\/categories?post=19192"},{"taxonomy":"post_tag","embeddable":true,"href":"https:\/\/sgvaimudar.com.br\/index.php\/wp-json\/wp\/v2\/tags?post=19192"}],"curies":[{"name":"wp","href":"https:\/\/api.w.org\/{rel}","templated":true}]}}