{"id":19178,"date":"2025-01-25T14:00:00","date_gmt":"2025-01-25T17:00:00","guid":{"rendered":"https:\/\/sgvaimudar.com.br\/?p=19178"},"modified":"2025-01-25T08:25:05","modified_gmt":"2025-01-25T11:25:05","slug":"itaborai-avanca-na-imunizacao-contra-a-covid-19","status":"publish","type":"post","link":"https:\/\/sgvaimudar.com.br\/index.php\/2025\/01\/25\/itaborai-avanca-na-imunizacao-contra-a-covid-19\/","title":{"rendered":"Itabora\u00ed avan\u00e7a na imuniza\u00e7\u00e3o contra a Covid-19"},"content":{"rendered":"\n<p><em>O objetivo \u00e9 garantir a prote\u00e7\u00e3o da popula\u00e7\u00e3o e manter os \u00edndices de imuniza\u00e7\u00e3o em alta, adaptando-se \u00e0 evolu\u00e7\u00e3o do v\u00edrus<\/em><\/p>\n\n\n\n<p>A Prefeitura de Itabora\u00ed, por meio da Secretaria Municipal de Sa\u00fade (SEMSA), anuncia as novas diretrizes para a vacina\u00e7\u00e3o contra a Covid-19 em 2025. No \u00faltimo ano, o munic\u00edpio registrou 418 casos da doen\u00e7a, refor\u00e7ando a necessidade de manter a imuniza\u00e7\u00e3o como prioridade. <\/p>\n\n\n\n<p>Entre as novidades, est\u00e1 a inclus\u00e3o da vacina contra a Covid-19 no Calend\u00e1rio Nacional de Vacina\u00e7\u00e3o para idosos e gestantes. Idosos dever\u00e3o receber uma dose de refor\u00e7o a cada seis meses, enquanto gestantes podem ser imunizadas em qualquer momento da gesta\u00e7\u00e3o e em cada nova gravidez. <\/p>\n\n\n\n<p>A vacina\u00e7\u00e3o de crian\u00e7as de 6 meses a 4 anos 11 meses e 29 dias, iniciada em 2023, tornou-se obrigat\u00f3ria no Calend\u00e1rio Nacional de Vacina\u00e7\u00e3o em 2024 e continua sendo prioridade em 2025. O esquema vacinal para este p\u00fablico consiste em duas ou tr\u00eas doses, dependendo da vacina dispon\u00edvel.<\/p>\n\n\n\n<p>Indiv\u00edduos acima de 5 anos com comorbidades ou condi\u00e7\u00f5es que aumentam o risco de desenvolver formas graves da doen\u00e7a tamb\u00e9m est\u00e3o inclu\u00eddos na nova estrat\u00e9gia. Entre os grupos priorit\u00e1rios est\u00e3o pessoas com diabetes, hipertens\u00e3o arterial sist\u00eamica, obesidade, doen\u00e7as cardiovasculares, doen\u00e7as respirat\u00f3rias cr\u00f4nicas, doen\u00e7as renais cr\u00f4nicas, doen\u00e7as hep\u00e1ticas, doen\u00e7as hematol\u00f3gicas, imunodefici\u00eancias, al\u00e9m de pessoas vivendo com HIV\/AIDS e transplantados. A frequ\u00eancia de vacina\u00e7\u00e3o para este grupo varia entre anual e a cada seis meses, dependendo da condi\u00e7\u00e3o espec\u00edfica.<\/p>\n\n\n\n<p>A diretora do Departamento de Imunobiol\u00f3gicos e Rede de Frio da SEMSA, Katiuscia Lessa, destacou a import\u00e2ncia da atualiza\u00e7\u00e3o constante dos imunizantes.<\/p>\n\n\n\n<p>\u201cAs vacinas contra a Covid-19 v\u00eam sendo atualizadas \u00e0 medida que a evolu\u00e7\u00e3o gen\u00e9tica e antig\u00eanica da prote\u00edna spike continua se distanciando do v\u00edrus original. O objetivo da atualiza\u00e7\u00e3o \u00e9 melhorar a resposta imunol\u00f3gica induzida pelas vacinas \u00e0s variantes circulantes do v\u00edrus, especialmente naqueles indiv\u00edduos com maior risco para as formas graves da doen\u00e7a, como idosos e imunocomprometidos\u201d, explicou a diretora.<\/p>\n\n\n\n<p>A vacina\u00e7\u00e3o est\u00e1 sendo realizada em todas as unidades de sa\u00fade do munic\u00edpio, de segunda a sexta-feira, das 8h \u00e0s 16h. \u00c9 importante informar que algumas unidades funcionam com dias e hor\u00e1rios diferenciados para realiza\u00e7\u00e3o dessa imuniza\u00e7\u00e3o. Confira abaixo:<\/p>\n\n\n\n<p>-Jardim Planalto: toda quarta-feira<br>-Helian\u00f3polis: toda quarta-feira<br>-S\u00e3o Joaquim: quartas-feiras quinzenais (15\/15 dias)<br>-Engenho Velho: quintas-feiras quinzenais (15\/15 dias)<br>-Picos: uma sexta-feira por m\u00eas<br>-Sambaetiba: uma quinta-feira por m\u00eas.<\/p>\n\n\n\n<p><strong><em>S\u00e3o Gon\u00e7alo vai mudar: Not\u00edcias de S\u00e3o Gon\u00e7alo e toda regi\u00e3o.<\/em><\/strong><\/p>\n\n\n\n<figure class=\"wp-block-image size-large\"><img fetchpriority=\"high\" decoding=\"async\" width=\"1024\" height=\"378\" src=\"https:\/\/sgvaimudar.com.br\/wp-content\/uploads\/2023\/08\/cropped-Logo-Provisoria-2-1-1024x378.png\" alt=\"\" class=\"wp-image-2780\" srcset=\"https:\/\/sgvaimudar.com.br\/wp-content\/uploads\/2023\/08\/cropped-Logo-Provisoria-2-1-1024x378.png 1024w, https:\/\/sgvaimudar.com.br\/wp-content\/uploads\/2023\/08\/cropped-Logo-Provisoria-2-1-300x111.png 300w, https:\/\/sgvaimudar.com.br\/wp-content\/uploads\/2023\/08\/cropped-Logo-Provisoria-2-1-768x284.png 768w, https:\/\/sgvaimudar.com.br\/wp-content\/uploads\/2023\/08\/cropped-Logo-Provisoria-2-1.png 1386w\" sizes=\"(max-width: 1024px) 100vw, 1024px\" \/><\/figure>\n","protected":false},"excerpt":{"rendered":"<p>O objetivo \u00e9 garantir a prote\u00e7\u00e3o da popula\u00e7\u00e3o e manter os \u00edndices de imuniza\u00e7\u00e3o em alta, adaptando-se \u00e0 evolu\u00e7\u00e3o do&hellip;<\/p>\n","protected":false},"author":5,"featured_media":19179,"comment_status":"open","ping_status":"open","sticky":false,"template":"","format":"standard","meta":{"fifu_image_url":"","fifu_image_alt":"","footnotes":""},"categories":[7],"tags":[],"class_list":["post-19178","post","type-post","status-publish","format-standard","has-post-thumbnail","hentry","category-saude"],"_links":{"self":[{"href":"https:\/\/sgvaimudar.com.br\/index.php\/wp-json\/wp\/v2\/posts\/19178","targetHints":{"allow":["GET"]}}],"collection":[{"href":"https:\/\/sgvaimudar.com.br\/index.php\/wp-json\/wp\/v2\/posts"}],"about":[{"href":"https:\/\/sgvaimudar.com.br\/index.php\/wp-json\/wp\/v2\/types\/post"}],"author":[{"embeddable":true,"href":"https:\/\/sgvaimudar.com.br\/index.php\/wp-json\/wp\/v2\/users\/5"}],"replies":[{"embeddable":true,"href":"https:\/\/sgvaimudar.com.br\/index.php\/wp-json\/wp\/v2\/comments?post=19178"}],"version-history":[{"count":1,"href":"https:\/\/sgvaimudar.com.br\/index.php\/wp-json\/wp\/v2\/posts\/19178\/revisions"}],"predecessor-version":[{"id":19180,"href":"https:\/\/sgvaimudar.com.br\/index.php\/wp-json\/wp\/v2\/posts\/19178\/revisions\/19180"}],"wp:featuredmedia":[{"embeddable":true,"href":"https:\/\/sgvaimudar.com.br\/index.php\/wp-json\/wp\/v2\/media\/19179"}],"wp:attachment":[{"href":"https:\/\/sgvaimudar.com.br\/index.php\/wp-json\/wp\/v2\/media?parent=19178"}],"wp:term":[{"taxonomy":"category","embeddable":true,"href":"https:\/\/sgvaimudar.com.br\/index.php\/wp-json\/wp\/v2\/categories?post=19178"},{"taxonomy":"post_tag","embeddable":true,"href":"https:\/\/sgvaimudar.com.br\/index.php\/wp-json\/wp\/v2\/tags?post=19178"}],"curies":[{"name":"wp","href":"https:\/\/api.w.org\/{rel}","templated":true}]}}