{"id":19170,"date":"2025-01-25T12:00:00","date_gmt":"2025-01-25T15:00:00","guid":{"rendered":"https:\/\/sgvaimudar.com.br\/?p=19170"},"modified":"2025-01-25T08:16:43","modified_gmt":"2025-01-25T11:16:43","slug":"asas-resgata-tamandua-e-chega-a-2-mil-animais-atendidos-desde-sua-inauguracao","status":"publish","type":"post","link":"https:\/\/sgvaimudar.com.br\/index.php\/2025\/01\/25\/asas-resgata-tamandua-e-chega-a-2-mil-animais-atendidos-desde-sua-inauguracao\/","title":{"rendered":"ASAS resgata tamandu\u00e1 e chega a 2 mil animais atendidos desde sua inaugura\u00e7\u00e3o\u00a0"},"content":{"rendered":"\n<p><em>\u00c1rea de soltura funciona na APA de Maria Paula<\/em><\/p>\n\n\n\n<p>A\u00a0\u00c1rea de Soltura de Animais Silvestres (ASAS), localizada na APA Est\u00e2ncias de Pendotiba, em Maria Paula, Gon\u00e7alo, celebrou um marco hist\u00f3rico: o atendimento de 2 mil animais desde sua inaugura\u00e7\u00e3o. <\/p>\n\n\n\n<figure class=\"wp-block-image size-large is-resized\"><img fetchpriority=\"high\" decoding=\"async\" width=\"768\" height=\"1024\" src=\"https:\/\/sgvaimudar.com.br\/wp-content\/uploads\/2025\/01\/unnamed-2-19-768x1024.jpg\" alt=\"\" class=\"wp-image-19171\" style=\"aspect-ratio:0.75;width:693px;height:auto\" srcset=\"https:\/\/sgvaimudar.com.br\/wp-content\/uploads\/2025\/01\/unnamed-2-19-768x1024.jpg 768w, https:\/\/sgvaimudar.com.br\/wp-content\/uploads\/2025\/01\/unnamed-2-19-225x300.jpg 225w, https:\/\/sgvaimudar.com.br\/wp-content\/uploads\/2025\/01\/unnamed-2-19-1152x1536.jpg 1152w, https:\/\/sgvaimudar.com.br\/wp-content\/uploads\/2025\/01\/unnamed-2-19-1536x2048.jpg 1536w, https:\/\/sgvaimudar.com.br\/wp-content\/uploads\/2025\/01\/unnamed-2-19-scaled.jpg 1920w\" sizes=\"(max-width: 768px) 100vw, 768px\" \/><\/figure>\n\n\n\n<p>A conquista foi destacada com a chegada de um tamandu\u00e1 resgatado em Itabora\u00ed pela equipe do Grupamento Especial de Prote\u00e7\u00e3o Ambiental (GePAM), refor\u00e7ando o papel essencial da unidade na preserva\u00e7\u00e3o da fauna silvestre da regi\u00e3o.<\/p>\n\n\n\n<p>Com foco na reabilita\u00e7\u00e3o e reintegra\u00e7\u00e3o de animais ao ambiente natural, a ASAS tem se consolidado como uma pe\u00e7a-chave na preserva\u00e7\u00e3o ambiental, recebendo uma diversidade de esp\u00e9cies que desempenham fun\u00e7\u00f5es ecol\u00f3gicas cruciais. O t\u00e9cnico em Saneamento e Meio Ambiente, bi\u00f3logo e coordenador da APA Est\u00e2ncias de Pendotiba, Fernando Medeiros, enfatizou a import\u00e2ncia do trabalho da unidade.<\/p>\n\n\n\n<p>\u201cA continuidade das atividades da ASAS \u00e9 crucial n\u00e3o apenas para a recupera\u00e7\u00e3o dos animais em tratamento, mas tamb\u00e9m para o fortalecimento da conscientiza\u00e7\u00e3o da comunidade local sobre a import\u00e2ncia da preserva\u00e7\u00e3o do meio ambiente\u201d, afirmou.<\/p>\n\n\n\n<p>Al\u00e9m dos resgates e reabilita\u00e7\u00f5es, a ASAS tem se destacado como um importante centro de refer\u00eancia em educa\u00e7\u00e3o ambiental, promovendo campanhas que incentivam a popula\u00e7\u00e3o a respeitar e proteger a fauna silvestre. As atividades desenvolvidas pela unidade ajudam a fomentar uma cultura de valoriza\u00e7\u00e3o da natureza e preserva\u00e7\u00e3o das diversas esp\u00e9cies da regi\u00e3o.<\/p>\n\n\n\n<p>O secret\u00e1rio de Meio Ambiente e Transportes, F\u00e1bio Lemos, tamb\u00e9m destacou o impacto das a\u00e7\u00f5es da \u00e1rea de soltura para a Regi\u00e3o Metropolitana do Rio.<\/p>\n\n\n\n<p>\u201cA marca de 2 mil animais atendidos representa mais do que um n\u00famero, \u00e9 a prova de que estamos avan\u00e7ando na prote\u00e7\u00e3o da biodiversidade. O papel da ASAS vai muito al\u00e9m do resgate e reabilita\u00e7\u00e3o de animais silvestres; ela fortalece a preserva\u00e7\u00e3o das esp\u00e9cies, promove o equil\u00edbrio ecol\u00f3gico e inspira uma cultura de respeito \u00e0 fauna. Essa unidade \u00e9 um exemplo de como as a\u00e7\u00f5es locais podem ter impacto regional, beneficiando os ecossistemas e conectando comunidades ao compromisso com a sustentabilidade\u201d, concluiu o secret\u00e1rio.<\/p>\n\n\n\n<p>\u00c9 importante ressaltar que a ASAS n\u00e3o acolhe animais dom\u00e9sticos v\u00edtimas de acidentes ou maus-tratos. A \u00e1rea de soltura \u00e9 destinada exclusivamente a animais silvestres, com foco em esp\u00e9cies nativas da Mata Atl\u00e2ntica que necessitam de resgate.<\/p>\n\n\n\n<p><strong>Contato para resgate de animais silvestres pela ASAS:<\/strong><\/p>\n\n\n\n<p>Telefone da ASAS: (21) 2199-6336<\/p>\n\n\n\n<p>Endere\u00e7o: Rua Rigel Pacca Corr\u00eaa, Maria Paula (APA das Est\u00e2ncias de Pendotiba)<\/p>\n\n\n\n<p>E-mail:&nbsp;<a href=\"mailto:asasambiental@pmsg.rj.gov.br\" rel=\"noreferrer noopener\" target=\"_blank\">asasambiental@pmsg.rj.gov.br<\/a><\/p>\n\n\n\n<p><strong>Comando de Pol\u00edcia Ambiental<\/strong><\/p>\n\n\n\n<p>Telefone: 0300 253 1177.<\/p>\n\n\n\n<p><strong><em>S\u00e3o Gon\u00e7alo vai mudar: Not\u00edcias de S\u00e3o Gon\u00e7alo e toda regi\u00e3o.<\/em><\/strong><\/p>\n\n\n\n<figure class=\"wp-block-image size-large\"><img decoding=\"async\" width=\"1024\" height=\"378\" src=\"https:\/\/sgvaimudar.com.br\/wp-content\/uploads\/2023\/08\/cropped-Logo-Provisoria-2-1-1024x378.png\" alt=\"\" class=\"wp-image-2780\" srcset=\"https:\/\/sgvaimudar.com.br\/wp-content\/uploads\/2023\/08\/cropped-Logo-Provisoria-2-1-1024x378.png 1024w, https:\/\/sgvaimudar.com.br\/wp-content\/uploads\/2023\/08\/cropped-Logo-Provisoria-2-1-300x111.png 300w, https:\/\/sgvaimudar.com.br\/wp-content\/uploads\/2023\/08\/cropped-Logo-Provisoria-2-1-768x284.png 768w, https:\/\/sgvaimudar.com.br\/wp-content\/uploads\/2023\/08\/cropped-Logo-Provisoria-2-1.png 1386w\" sizes=\"(max-width: 1024px) 100vw, 1024px\" \/><\/figure>\n","protected":false},"excerpt":{"rendered":"<p>\u00c1rea de soltura funciona na APA de Maria Paula A\u00a0\u00c1rea de Soltura de Animais Silvestres (ASAS), localizada na APA Est\u00e2ncias&hellip;<\/p>\n","protected":false},"author":5,"featured_media":19172,"comment_status":"open","ping_status":"open","sticky":false,"template":"","format":"standard","meta":{"fifu_image_url":"","fifu_image_alt":"","footnotes":""},"categories":[3],"tags":[],"class_list":["post-19170","post","type-post","status-publish","format-standard","has-post-thumbnail","hentry","category-sao-goncalo"],"_links":{"self":[{"href":"https:\/\/sgvaimudar.com.br\/index.php\/wp-json\/wp\/v2\/posts\/19170","targetHints":{"allow":["GET"]}}],"collection":[{"href":"https:\/\/sgvaimudar.com.br\/index.php\/wp-json\/wp\/v2\/posts"}],"about":[{"href":"https:\/\/sgvaimudar.com.br\/index.php\/wp-json\/wp\/v2\/types\/post"}],"author":[{"embeddable":true,"href":"https:\/\/sgvaimudar.com.br\/index.php\/wp-json\/wp\/v2\/users\/5"}],"replies":[{"embeddable":true,"href":"https:\/\/sgvaimudar.com.br\/index.php\/wp-json\/wp\/v2\/comments?post=19170"}],"version-history":[{"count":1,"href":"https:\/\/sgvaimudar.com.br\/index.php\/wp-json\/wp\/v2\/posts\/19170\/revisions"}],"predecessor-version":[{"id":19173,"href":"https:\/\/sgvaimudar.com.br\/index.php\/wp-json\/wp\/v2\/posts\/19170\/revisions\/19173"}],"wp:featuredmedia":[{"embeddable":true,"href":"https:\/\/sgvaimudar.com.br\/index.php\/wp-json\/wp\/v2\/media\/19172"}],"wp:attachment":[{"href":"https:\/\/sgvaimudar.com.br\/index.php\/wp-json\/wp\/v2\/media?parent=19170"}],"wp:term":[{"taxonomy":"category","embeddable":true,"href":"https:\/\/sgvaimudar.com.br\/index.php\/wp-json\/wp\/v2\/categories?post=19170"},{"taxonomy":"post_tag","embeddable":true,"href":"https:\/\/sgvaimudar.com.br\/index.php\/wp-json\/wp\/v2\/tags?post=19170"}],"curies":[{"name":"wp","href":"https:\/\/api.w.org\/{rel}","templated":true}]}}