{"id":19151,"date":"2025-01-25T07:40:22","date_gmt":"2025-01-25T10:40:22","guid":{"rendered":"https:\/\/sgvaimudar.com.br\/?p=19151"},"modified":"2025-01-25T07:40:22","modified_gmt":"2025-01-25T10:40:22","slug":"lula-assina-carta-de-garantias-para-confirmar-candidatura-de-rio-e-niteroi-para-o-pan-de-2031","status":"publish","type":"post","link":"https:\/\/sgvaimudar.com.br\/index.php\/2025\/01\/25\/lula-assina-carta-de-garantias-para-confirmar-candidatura-de-rio-e-niteroi-para-o-pan-de-2031\/","title":{"rendered":"Lula assina carta de garantias para confirmar candidatura de Rio e Niter\u00f3i para o Pan de 2031"},"content":{"rendered":"\n<p><em>Os munic\u00edpios de Rio e Niter\u00f3i s\u00e3o os \u00fanicos candidatos do Brasil para sediar o Pan<\/em><\/p>\n\n\n\n<p>O presidente Lula assinou a carta de garantias do governo federal para confirmar a candidatura das cidades de Rio e Niter\u00f3i para sediar os Jogos Pan-Americanos e Parapan-Americanos de 2031. Os prefeitos Eduardo Paes e Rodrigo Neves se reuniram com Lula nessa sexta-feira (24) no Pal\u00e1cio do Planalto. <\/p>\n\n\n\n<p>A carta assinada pelo presidente ser\u00e1 entregue \u00e0 Organiza\u00e7\u00e3o Desportiva Pan-Americana, a Panam Sports, caso as cidades sejam confirmadas pelo Comit\u00ea Ol\u00edmpico do Brasil, o COB, como a candidatura brasileira pela sede do Pan.<\/p>\n\n\n\n<p>Eduardo Paes brincou que Lula \u00e9 o &#8220;melhor cabo eleitoral&#8221; rumo \u00e0 vit\u00f3ria na disputa pelo pa\u00eds sede das competi\u00e7\u00f5es. &#8220;A gente, com o apoio do Presidente da Rep\u00fablica, s\u00f3 \u00e9 amplamente favorito para essa disputa. Essa elei\u00e7\u00e3o vai se dar em agosto, e a gente sabe que o presidente Lula \u00e9 o melhor cabra eleitoral que n\u00f3s temos para essa disputa&#8221;, disse Paes.<\/p>\n\n\n\n<p>A cidade de S\u00e3o Paulo, que tamb\u00e9m buscava uma vaga, desistiu de concorrer. No dia 16 de janeiro, as prefeituras entregaram um dossi\u00ea ao COB para formalizar a candidatura. <\/p>\n\n\n\n<p>Na pr\u00f3xima quarta-feira, ser\u00e1 feita a defesa da proposta perante o col\u00e9gio eleitoral do Comit\u00ea. A escolha da sede ser\u00e1 anunciada em agosto, em Assembleia Geral em Assun\u00e7\u00e3o, capital do Paraguai &#8211; \u00fanica cidade que tamb\u00e9m oficializou a candidatura.<\/p>\n\n\n\n<p>S\u00e3o Paulo e Rio foram as \u00fanicas cidades brasileiras a sediarem o evento at\u00e9 hoje, em 1963 e 2007.<\/p>\n\n\n\n<p><strong><em>S\u00e3o Gon\u00e7alo vai mudar: Not\u00edcias de S\u00e3o Gon\u00e7alo e toda regi\u00e3o.<\/em><\/strong><\/p>\n\n\n\n<figure class=\"wp-block-image size-large\"><img fetchpriority=\"high\" decoding=\"async\" width=\"1024\" height=\"357\" src=\"https:\/\/sgvaimudar.com.br\/wp-content\/uploads\/2023\/08\/Logo-Provisoria-2-1-1024x357.png\" alt=\"\" class=\"wp-image-2779\" srcset=\"https:\/\/sgvaimudar.com.br\/wp-content\/uploads\/2023\/08\/Logo-Provisoria-2-1-1024x357.png 1024w, https:\/\/sgvaimudar.com.br\/wp-content\/uploads\/2023\/08\/Logo-Provisoria-2-1-300x105.png 300w, https:\/\/sgvaimudar.com.br\/wp-content\/uploads\/2023\/08\/Logo-Provisoria-2-1-768x268.png 768w, https:\/\/sgvaimudar.com.br\/wp-content\/uploads\/2023\/08\/Logo-Provisoria-2-1.png 1470w\" sizes=\"(max-width: 1024px) 100vw, 1024px\" \/><\/figure>\n","protected":false},"excerpt":{"rendered":"<p>Os munic\u00edpios de Rio e Niter\u00f3i s\u00e3o os \u00fanicos candidatos do Brasil para sediar o Pan O presidente Lula assinou&hellip;<\/p>\n","protected":false},"author":5,"featured_media":19152,"comment_status":"open","ping_status":"open","sticky":false,"template":"","format":"standard","meta":{"fifu_image_url":"","fifu_image_alt":"","footnotes":""},"categories":[5],"tags":[],"class_list":["post-19151","post","type-post","status-publish","format-standard","has-post-thumbnail","hentry","category-esportes"],"_links":{"self":[{"href":"https:\/\/sgvaimudar.com.br\/index.php\/wp-json\/wp\/v2\/posts\/19151","targetHints":{"allow":["GET"]}}],"collection":[{"href":"https:\/\/sgvaimudar.com.br\/index.php\/wp-json\/wp\/v2\/posts"}],"about":[{"href":"https:\/\/sgvaimudar.com.br\/index.php\/wp-json\/wp\/v2\/types\/post"}],"author":[{"embeddable":true,"href":"https:\/\/sgvaimudar.com.br\/index.php\/wp-json\/wp\/v2\/users\/5"}],"replies":[{"embeddable":true,"href":"https:\/\/sgvaimudar.com.br\/index.php\/wp-json\/wp\/v2\/comments?post=19151"}],"version-history":[{"count":1,"href":"https:\/\/sgvaimudar.com.br\/index.php\/wp-json\/wp\/v2\/posts\/19151\/revisions"}],"predecessor-version":[{"id":19153,"href":"https:\/\/sgvaimudar.com.br\/index.php\/wp-json\/wp\/v2\/posts\/19151\/revisions\/19153"}],"wp:featuredmedia":[{"embeddable":true,"href":"https:\/\/sgvaimudar.com.br\/index.php\/wp-json\/wp\/v2\/media\/19152"}],"wp:attachment":[{"href":"https:\/\/sgvaimudar.com.br\/index.php\/wp-json\/wp\/v2\/media?parent=19151"}],"wp:term":[{"taxonomy":"category","embeddable":true,"href":"https:\/\/sgvaimudar.com.br\/index.php\/wp-json\/wp\/v2\/categories?post=19151"},{"taxonomy":"post_tag","embeddable":true,"href":"https:\/\/sgvaimudar.com.br\/index.php\/wp-json\/wp\/v2\/tags?post=19151"}],"curies":[{"name":"wp","href":"https:\/\/api.w.org\/{rel}","templated":true}]}}