{"id":19139,"date":"2025-01-24T14:00:00","date_gmt":"2025-01-24T17:00:00","guid":{"rendered":"https:\/\/sgvaimudar.com.br\/?p=19139"},"modified":"2025-01-24T09:57:26","modified_gmt":"2025-01-24T12:57:26","slug":"prefeitura-de-itaborai-e-ecoriominas-promovem-encontro-para-esclarecer-obras-na-br-493rj","status":"publish","type":"post","link":"https:\/\/sgvaimudar.com.br\/index.php\/2025\/01\/24\/prefeitura-de-itaborai-e-ecoriominas-promovem-encontro-para-esclarecer-obras-na-br-493rj\/","title":{"rendered":"Prefeitura de Itabora\u00ed e EcoRioMinas promovem encontro para esclarecer obras na BR-493RJ"},"content":{"rendered":"\n<p><em>O prefeito de Itabora\u00ed, Marcelo Delaroli, destacou a relev\u00e2ncia do projeto para o desenvolvimento do munic\u00edpio<\/em><\/p>\n\n\n\n<p>A Prefeitura de Itabora\u00ed e a concession\u00e1ria EcoRioMinas, na \u00faltima quarta-feira (22\/01),   realizaram uma reuni\u00e3o para discutir os principais pontos do Contrato de Concess\u00e3o Edital n\u00ba 01\/2022. O encontro aconteceu na sala de reuni\u00f5es do Enterprise City Center e teve como objetivo apresentar esclarecimentos sobre os impactos das obras de duplica\u00e7\u00e3o da BR-493\/RJ para o munic\u00edpio, al\u00e9m de abordar as medidas planejadas para diminuir os transtornos durante sua execu\u00e7\u00e3o.<\/p>\n\n\n\n<p>Tamb\u00e9m participaram da reuni\u00e3o, junto ao prefeito, Marcelo Delaroli e representantes da EcoRioMinas, o vice-prefeito, Elber Corr\u00eaa; o deputado Estadual Guilherme Delaroli; o presidente da C\u00e2mara de Vereadores de Itabora\u00ed, Jo\u00e3o Delaroli, secret\u00e1rios municipais e demais autoridades.<\/p>\n\n\n\n<p>As obras, iniciadas em dezembro de 2024, abrangem o trecho entre Mag\u00e9 e Itabora\u00ed e avan\u00e7am atualmente nos quil\u00f4metros 5, 6 e 7, em Itabora\u00ed. Um desvio de tr\u00e1fego foi implementado no km 6, redirecionando o fluxo de ve\u00edculos para as vias marginais. Esse desvio permanecer\u00e1 at\u00e9 julho de 2025, prazo estimado para a conclus\u00e3o das interven\u00e7\u00f5es nesse trecho.<\/p>\n\n\n\n<p>O prefeito de Itabora\u00ed, Marcelo Delaroli, disse que sua gest\u00e3o est\u00e1 comprometida em promover melhorias significativas na infraestrutura do munic\u00edpio. <\/p>\n\n\n\n<p>&#8220;Investimentos como esse refor\u00e7am nossa prioridade em assegurar mais mobilidade urbana, seguran\u00e7a vi\u00e1ria e qualidade de vida para a popula\u00e7\u00e3o. Vamos continuar lutando e cobrando para que olhem com carinho para essa quest\u00e3o, que j\u00e1 vem de muito tempo e que \u00e9 o sonho do povo de Itabora\u00ed&#8221;, disse Marcelo Delaroli.<\/p>\n\n\n\n<p>Entre as melhorias previstas pelo projeto est\u00e3o: 20 km de duplica\u00e7\u00e3o; 20 km de vias marginais; duas novas pontes; seis passagens inferiores; 33 acessos; 33 pontos de \u00f4nibus com abrigos; duas caixas de conten\u00e7\u00e3o para produtos perigosos; tr\u00eas novas passarelas; ilumina\u00e7\u00e3o inteligente e monitoramento em tempo real.<\/p>\n\n\n\n<p>O secret\u00e1rio municipal de Transporte, Marcelo dos Santos Figueiredo, falou sobre a import\u00e2ncia dessa obra para o avan\u00e7o de Itabora\u00ed.<\/p>\n\n\n\n<p>&#8220;Essa obra marca um avan\u00e7o significativo para o desenvolvimento de Itabora\u00ed, proporcionando melhorias essenciais para a mobilidade urbana e a qualidade de vida dos nossos moradores. Estamos comprometidos em colaborar de todas as formas necess\u00e1rias para acelerar o andamento dos trabalhos e garantir que os benef\u00edcios sejam entregues o mais breve poss\u00edvel \u00e0 nossa cidade&#8221;, afirmou o secret\u00e1rio.<\/p>\n\n\n\n<p>Al\u00e9m disso, h\u00e1 uma discuss\u00e3o em andamento sobre a constru\u00e7\u00e3o de uma al\u00e7a de acesso entre a BR-493 e a BR-101, que est\u00e1 temporariamente suspensa devido a tratativas junto ao Minist\u00e9rio dos Transportes.<\/p>\n\n\n\n<p>O diretor-superintendente da EcoRioMinas, Julio Amorim, refor\u00e7ou o compromisso com a seguran\u00e7a e a transpar\u00eancia durante a execu\u00e7\u00e3o das obras.<\/p>\n\n\n\n<p>&#8220;Estamos implementando desvios e sinaliza\u00e7\u00f5es tempor\u00e1rias para garantir a seguran\u00e7a dos motoristas e minimizar os impactos no tr\u00e1fego. Trabalhamos em parceria com a Prefeitura de Itabora\u00ed para alinhar cada etapa do projeto e realizar ajustes no cronograma, caso necess\u00e1rio. As obras est\u00e3o sendo executadas em etapas, e o desvio no km 6 permanecer\u00e1 at\u00e9 julho de 2025&#8221;, explicou Julio Amorim.<\/p>\n\n\n\n<p>A reuni\u00e3o destacou o esfor\u00e7o conjunto entre a Prefeitura de Itabora\u00ed e a concession\u00e1ria EcoRioMinas para garantir que as interven\u00e7\u00f5es tragam benef\u00edcios duradouros ao munic\u00edpio e \u00e0 regi\u00e3o, priorizando a transpar\u00eancia e a seguran\u00e7a durante todo o processo.<\/p>\n\n\n\n<p><strong><em>S\u00e3o Gon\u00e7alo vai mudar: Not\u00edcias de S\u00e3o Gon\u00e7alo e toda regi\u00e3o.<\/em><\/strong><\/p>\n\n\n\n<figure class=\"wp-block-image size-large\"><img fetchpriority=\"high\" decoding=\"async\" width=\"1024\" height=\"357\" src=\"https:\/\/sgvaimudar.com.br\/wp-content\/uploads\/2023\/08\/Logo-Provisoria-2-1-1024x357.png\" alt=\"\" class=\"wp-image-2779\" srcset=\"https:\/\/sgvaimudar.com.br\/wp-content\/uploads\/2023\/08\/Logo-Provisoria-2-1-1024x357.png 1024w, https:\/\/sgvaimudar.com.br\/wp-content\/uploads\/2023\/08\/Logo-Provisoria-2-1-300x105.png 300w, https:\/\/sgvaimudar.com.br\/wp-content\/uploads\/2023\/08\/Logo-Provisoria-2-1-768x268.png 768w, https:\/\/sgvaimudar.com.br\/wp-content\/uploads\/2023\/08\/Logo-Provisoria-2-1.png 1470w\" sizes=\"(max-width: 1024px) 100vw, 1024px\" \/><\/figure>\n","protected":false},"excerpt":{"rendered":"<p>O prefeito de Itabora\u00ed, Marcelo Delaroli, destacou a relev\u00e2ncia do projeto para o desenvolvimento do munic\u00edpio A Prefeitura de Itabora\u00ed&hellip;<\/p>\n","protected":false},"author":5,"featured_media":19140,"comment_status":"open","ping_status":"open","sticky":false,"template":"","format":"standard","meta":{"fifu_image_url":"","fifu_image_alt":"","footnotes":""},"categories":[3],"tags":[],"class_list":["post-19139","post","type-post","status-publish","format-standard","has-post-thumbnail","hentry","category-sao-goncalo"],"_links":{"self":[{"href":"https:\/\/sgvaimudar.com.br\/index.php\/wp-json\/wp\/v2\/posts\/19139","targetHints":{"allow":["GET"]}}],"collection":[{"href":"https:\/\/sgvaimudar.com.br\/index.php\/wp-json\/wp\/v2\/posts"}],"about":[{"href":"https:\/\/sgvaimudar.com.br\/index.php\/wp-json\/wp\/v2\/types\/post"}],"author":[{"embeddable":true,"href":"https:\/\/sgvaimudar.com.br\/index.php\/wp-json\/wp\/v2\/users\/5"}],"replies":[{"embeddable":true,"href":"https:\/\/sgvaimudar.com.br\/index.php\/wp-json\/wp\/v2\/comments?post=19139"}],"version-history":[{"count":1,"href":"https:\/\/sgvaimudar.com.br\/index.php\/wp-json\/wp\/v2\/posts\/19139\/revisions"}],"predecessor-version":[{"id":19141,"href":"https:\/\/sgvaimudar.com.br\/index.php\/wp-json\/wp\/v2\/posts\/19139\/revisions\/19141"}],"wp:featuredmedia":[{"embeddable":true,"href":"https:\/\/sgvaimudar.com.br\/index.php\/wp-json\/wp\/v2\/media\/19140"}],"wp:attachment":[{"href":"https:\/\/sgvaimudar.com.br\/index.php\/wp-json\/wp\/v2\/media?parent=19139"}],"wp:term":[{"taxonomy":"category","embeddable":true,"href":"https:\/\/sgvaimudar.com.br\/index.php\/wp-json\/wp\/v2\/categories?post=19139"},{"taxonomy":"post_tag","embeddable":true,"href":"https:\/\/sgvaimudar.com.br\/index.php\/wp-json\/wp\/v2\/tags?post=19139"}],"curies":[{"name":"wp","href":"https:\/\/api.w.org\/{rel}","templated":true}]}}