{"id":19134,"date":"2025-01-24T13:00:00","date_gmt":"2025-01-24T16:00:00","guid":{"rendered":"https:\/\/sgvaimudar.com.br\/?p=19134"},"modified":"2025-01-24T09:53:34","modified_gmt":"2025-01-24T12:53:34","slug":"fiscalizacao-da-sedcon-e-procon-rj-retira-carnes-e-alimentos-improprios-para-consumo-em-supermercados-de-marica","status":"publish","type":"post","link":"https:\/\/sgvaimudar.com.br\/index.php\/2025\/01\/24\/fiscalizacao-da-sedcon-e-procon-rj-retira-carnes-e-alimentos-improprios-para-consumo-em-supermercados-de-marica\/","title":{"rendered":"Fiscaliza\u00e7\u00e3o da Sedcon e Procon-RJ retira carnes e alimentos impr\u00f3prios para consumo em supermercados de Maric\u00e1"},"content":{"rendered":"\n<p><em>Apenas um dos tr\u00eas supermercados vistoriados estava em conformidade<\/em><\/p>\n\n\n\n<p>Mais de 90 quilos de carnes bovinas, su\u00ednas e de frango foram recolhidos de dois dos tr\u00eas a\u00e7ougues fiscalizados nos bairros S\u00e3o Jos\u00e9 de Imbassa\u00ed e no Centro de Maric\u00e1, na Regi\u00e3o da Costa do Sol. <\/p>\n\n\n\n<figure class=\"wp-block-image size-large\"><img fetchpriority=\"high\" decoding=\"async\" width=\"1024\" height=\"768\" src=\"https:\/\/sgvaimudar.com.br\/wp-content\/uploads\/2025\/01\/1a83d99b-4130-415c-a880-0ce384f8130b-1024x768.jpeg\" alt=\"\" class=\"wp-image-19135\" srcset=\"https:\/\/sgvaimudar.com.br\/wp-content\/uploads\/2025\/01\/1a83d99b-4130-415c-a880-0ce384f8130b-1024x768.jpeg 1024w, https:\/\/sgvaimudar.com.br\/wp-content\/uploads\/2025\/01\/1a83d99b-4130-415c-a880-0ce384f8130b-300x225.jpeg 300w, https:\/\/sgvaimudar.com.br\/wp-content\/uploads\/2025\/01\/1a83d99b-4130-415c-a880-0ce384f8130b-768x576.jpeg 768w, https:\/\/sgvaimudar.com.br\/wp-content\/uploads\/2025\/01\/1a83d99b-4130-415c-a880-0ce384f8130b-1536x1152.jpeg 1536w, https:\/\/sgvaimudar.com.br\/wp-content\/uploads\/2025\/01\/1a83d99b-4130-415c-a880-0ce384f8130b.jpeg 1600w\" sizes=\"(max-width: 1024px) 100vw, 1024px\" \/><\/figure>\n\n\n\n<p>Os produtos apresentavam diversas irregularidades, como prazo de validade vencido, armazenamento inadequado em c\u00e2maras frigor\u00edficas e, em alguns casos, aus\u00eancia de informa\u00e7\u00f5es obrigat\u00f3rias sobre datas de manipula\u00e7\u00e3o e validade. <\/p>\n\n\n\n<p>\u201cA vistoria foi desencadeada em um momento em que a popula\u00e7\u00e3o est\u00e1 inquieta ap\u00f3s o esc\u00e2ndalo envolvendo 800 toneladas de carnes estragadas vindas do Rio Grande do Sul e revendidas por uma empresa do Rio de Janeiro, colocando em risco a sa\u00fade dos consumidores. Recebemos novas den\u00fancias e organizamos uma a\u00e7\u00e3o conjunta entre a Sedcon e o Procon-RJ, reafirmando nosso compromisso com a defesa do consumidor&#8221;, destacou o secret\u00e1rio de Estado de Defesa do Consumidor, Gutemberg Fonseca.\u00a0<\/p>\n\n\n\n<figure class=\"wp-block-image size-large\"><img decoding=\"async\" width=\"768\" height=\"1024\" src=\"https:\/\/sgvaimudar.com.br\/wp-content\/uploads\/2025\/01\/3f807dab-9ffd-45df-8a6a-fc19812421ec-768x1024.jpeg\" alt=\"\" class=\"wp-image-19137\" srcset=\"https:\/\/sgvaimudar.com.br\/wp-content\/uploads\/2025\/01\/3f807dab-9ffd-45df-8a6a-fc19812421ec-768x1024.jpeg 768w, https:\/\/sgvaimudar.com.br\/wp-content\/uploads\/2025\/01\/3f807dab-9ffd-45df-8a6a-fc19812421ec-225x300.jpeg 225w, https:\/\/sgvaimudar.com.br\/wp-content\/uploads\/2025\/01\/3f807dab-9ffd-45df-8a6a-fc19812421ec-1152x1536.jpeg 1152w, https:\/\/sgvaimudar.com.br\/wp-content\/uploads\/2025\/01\/3f807dab-9ffd-45df-8a6a-fc19812421ec.jpeg 1200w\" sizes=\"(max-width: 768px) 100vw, 768px\" \/><\/figure>\n\n\n\n<p>Os fiscais identificaram problemas estruturais no primeiro supermercado vistoriado, como pisos rachados, ac\u00famulo de \u00e1gua e restos de carne espalhados pelo ch\u00e3o. Al\u00e9m disso, a c\u00e2mara frigor\u00edfica apresentava avarias na porta, comprometendo a refrigera\u00e7\u00e3o adequada e elevando o risco de deteriora\u00e7\u00e3o dos alimentos. No segundo supermercado, a fiscaliza\u00e7\u00e3o encontrou ainda mais irregularidades.\u00a0<\/p>\n\n\n\n<p>O piso da c\u00e2mara frigor\u00edfica estava parcialmente destru\u00eddo, e o refrigerador estava sem portas de acesso. Foram recolhidos: &#8211; 20 quilos de salsichas sem especifica\u00e7\u00e3o da data de acondicionamento; &#8211; 7,6 quilos de paletas su\u00ednas vencidas desde 18 de janeiro; &#8211; 28 quilos de frango temperado com vencimento em 22 de janeiro; &#8211; 20 quilos de chuletas bovinas e 17 quilos de p\u00e9s de galinha sem qualquer identifica\u00e7\u00e3o de validade.&nbsp;<\/p>\n\n\n\n<p>A \u00e1rea de preparo da padaria desse estabelecimento tamb\u00e9m foi alvo de autua\u00e7\u00e3o. Os fiscais constataram a aus\u00eancia de isolamento adequado da \u00e1rea de estoque e flagraram a manipula\u00e7\u00e3o de alimentos sem prote\u00e7\u00e3o contra insetos e poeira. <\/p>\n\n\n\n<p>Al\u00e9m disso, os funcion\u00e1rios utilizavam botij\u00f5es de g\u00e1s sem autoriza\u00e7\u00e3o do Corpo de Bombeiros do Estado do Rio de Janeiro. Como resultado, a produ\u00e7\u00e3o de p\u00e3es e derivados foi interditada, e o uso de g\u00e1s foi suspenso at\u00e9 a regulariza\u00e7\u00e3o.\u00a0<\/p>\n\n\n\n<p>Al\u00e9m das carnes, os fiscais recolheram, nos dois supermercados, mais 101 quilos de alimentos impr\u00f3prios para consumo, incluindo queijo minas, doces variados, azeitonas verdes inteiras e fatiadas, al\u00e9m de frios em geral. <\/p>\n\n\n\n<p>Todos os produtos foram retirados para destrui\u00e7\u00e3o, a fim de evitar sua comercializa\u00e7\u00e3o. Os propriet\u00e1rios dos supermercados foram autuados pelas irregularidades, que incluem falhas no armazenamento, instala\u00e7\u00f5es fora dos padr\u00f5es de higiene e acondicionamento inadequado de alimentos.<\/p>\n\n\n\n<p><strong><em>S\u00e3o Gon\u00e7alo vai mudar: Not\u00edcias de S\u00e3o Gon\u00e7alo e toda regi\u00e3o.<\/em><\/strong><\/p>\n\n\n\n<figure class=\"wp-block-image size-large\"><img decoding=\"async\" width=\"1024\" height=\"378\" src=\"https:\/\/sgvaimudar.com.br\/wp-content\/uploads\/2023\/08\/cropped-Logo-Provisoria-2-1-1024x378.png\" alt=\"\" class=\"wp-image-2780\" srcset=\"https:\/\/sgvaimudar.com.br\/wp-content\/uploads\/2023\/08\/cropped-Logo-Provisoria-2-1-1024x378.png 1024w, https:\/\/sgvaimudar.com.br\/wp-content\/uploads\/2023\/08\/cropped-Logo-Provisoria-2-1-300x111.png 300w, https:\/\/sgvaimudar.com.br\/wp-content\/uploads\/2023\/08\/cropped-Logo-Provisoria-2-1-768x284.png 768w, https:\/\/sgvaimudar.com.br\/wp-content\/uploads\/2023\/08\/cropped-Logo-Provisoria-2-1.png 1386w\" sizes=\"(max-width: 1024px) 100vw, 1024px\" \/><\/figure>\n","protected":false},"excerpt":{"rendered":"<p>Apenas um dos tr\u00eas supermercados vistoriados estava em conformidade Mais de 90 quilos de carnes bovinas, su\u00ednas e de frango&hellip;<\/p>\n","protected":false},"author":5,"featured_media":19136,"comment_status":"open","ping_status":"open","sticky":false,"template":"","format":"standard","meta":{"fifu_image_url":"","fifu_image_alt":"","footnotes":""},"categories":[32],"tags":[],"class_list":["post-19134","post","type-post","status-publish","format-standard","has-post-thumbnail","hentry","category-casos-de-policia"],"_links":{"self":[{"href":"https:\/\/sgvaimudar.com.br\/index.php\/wp-json\/wp\/v2\/posts\/19134","targetHints":{"allow":["GET"]}}],"collection":[{"href":"https:\/\/sgvaimudar.com.br\/index.php\/wp-json\/wp\/v2\/posts"}],"about":[{"href":"https:\/\/sgvaimudar.com.br\/index.php\/wp-json\/wp\/v2\/types\/post"}],"author":[{"embeddable":true,"href":"https:\/\/sgvaimudar.com.br\/index.php\/wp-json\/wp\/v2\/users\/5"}],"replies":[{"embeddable":true,"href":"https:\/\/sgvaimudar.com.br\/index.php\/wp-json\/wp\/v2\/comments?post=19134"}],"version-history":[{"count":1,"href":"https:\/\/sgvaimudar.com.br\/index.php\/wp-json\/wp\/v2\/posts\/19134\/revisions"}],"predecessor-version":[{"id":19138,"href":"https:\/\/sgvaimudar.com.br\/index.php\/wp-json\/wp\/v2\/posts\/19134\/revisions\/19138"}],"wp:featuredmedia":[{"embeddable":true,"href":"https:\/\/sgvaimudar.com.br\/index.php\/wp-json\/wp\/v2\/media\/19136"}],"wp:attachment":[{"href":"https:\/\/sgvaimudar.com.br\/index.php\/wp-json\/wp\/v2\/media?parent=19134"}],"wp:term":[{"taxonomy":"category","embeddable":true,"href":"https:\/\/sgvaimudar.com.br\/index.php\/wp-json\/wp\/v2\/categories?post=19134"},{"taxonomy":"post_tag","embeddable":true,"href":"https:\/\/sgvaimudar.com.br\/index.php\/wp-json\/wp\/v2\/tags?post=19134"}],"curies":[{"name":"wp","href":"https:\/\/api.w.org\/{rel}","templated":true}]}}