{"id":19131,"date":"2025-01-24T12:00:00","date_gmt":"2025-01-24T15:00:00","guid":{"rendered":"https:\/\/sgvaimudar.com.br\/?p=19131"},"modified":"2025-01-24T09:45:15","modified_gmt":"2025-01-24T12:45:15","slug":"polos-sanitarios-aplicam-vacina-antirrabica-em-humanos","status":"publish","type":"post","link":"https:\/\/sgvaimudar.com.br\/index.php\/2025\/01\/24\/polos-sanitarios-aplicam-vacina-antirrabica-em-humanos\/","title":{"rendered":"Polos sanit\u00e1rios aplicam vacina antirr\u00e1bica em humanos"},"content":{"rendered":"\n<p><em>Pessoas feridas por animais passam por avalia\u00e7\u00e3o de les\u00e3o<\/em><\/p>\n\n\n\n<p>A Secretaria de Sa\u00fade da Prefeitura de S\u00e3o Gon\u00e7alo, com o intuito de esclarecer sobre a vacina antirr\u00e1bica humana, est\u00e1 orientando a popula\u00e7\u00e3o a procurar um dos cinco polos sanit\u00e1rios em casos de acidentes (mordeduras e arranh\u00f5es) com animais dom\u00e9sticos desconhecidos ou silvestres.\u00a0<\/p>\n\n\n\n<p>A avalia\u00e7\u00e3o da les\u00e3o \u00e9 realizada em qualquer polo sanit\u00e1rio (veja rela\u00e7\u00e3o abaixo), sempre de segunda a sexta, das 8h \u00e0s 17h. Caso haja necessidade de aplica\u00e7\u00e3o da vacina, o paciente ter\u00e1 o servi\u00e7o nos polos Washington Luiz Lopes, no Z\u00e9 Garoto, \u00e0s segundas e quintas; e no H\u00e9lio Cruz, em Alc\u00e2ntara, \u00e0s ter\u00e7as e sextas, sempre das 8h \u00e0s 17h. Nos feriados, os polos abrem, exclusivamente, para vacina\u00e7\u00e3o antirr\u00e1bica, das 8h \u00e0s 12h.&nbsp;<\/p>\n\n\n\n<p>Quando necess\u00e1ria a aplica\u00e7\u00e3o do soro antirr\u00e1bico, o paciente \u00e9 encaminhado ao Pronto Socorro Central (PSC), no Z\u00e9 Garoto, que funciona 24h todos os dias. Nos casos de acidentes graves que necessitam de atendimento de urg\u00eancia ou emerg\u00eancia, fora do hor\u00e1rio de atendimento nos polos sanit\u00e1rios, o paciente tamb\u00e9m pode ir ao PSC para avalia\u00e7\u00e3o.&nbsp;<\/p>\n\n\n\n<p>\u201cAs mordeduras e arranh\u00f5es de animais infectados com a raiva animal podem levar os humanos \u00e0 morte. Por isso, o certo \u00e9 procurar um dos polos para a avalia\u00e7\u00e3o da les\u00e3o. O profissional ir\u00e1 saber se h\u00e1 necessidade ou n\u00e3o da vacina e\/ou soro antirr\u00e1bico, assim como a quantidade de doses. A raiva humana \u00e9 uma doen\u00e7a grave que atinge 100% de letalidade. Dessa forma, a vacina\u00e7\u00e3o \u00e9 imprescind\u00edvel para a preven\u00e7\u00e3o deste agravo\u201d, explicou a subsecret\u00e1ria de Sa\u00fade Coletiva, Thain\u00e1 Fratane.&nbsp;<\/p>\n\n\n\n<p>Normalmente, a vacina \u00e9 indicada para os acidentes com animais potencialmente transmissores da raiva e o soro ser\u00e1 utilizado com a vacina quando o acidente for com animal morto\/desaparecido e animal silvestre. Para as mordidas e arranh\u00f5es de animais dom\u00e9sticos vacinados e sem qualquer suspeita de raiva, a vacina que deve estar em dia \u00e9 a antitet\u00e2nica.&nbsp;<\/p>\n\n\n\n<p><strong>Antitet\u00e2nica<\/strong>&nbsp;\u2013 Pelo Programa Nacional de Imuniza\u00e7\u00e3o (PNI), a antitet\u00e2nica deve ser aplicada no primeiro ano de vida aos 2, 4 e 6 meses atrav\u00e9s da vacina Pentavalente com refor\u00e7os aos 15 meses e 4 anos. Ap\u00f3s essa idade, o recomendado \u00e9 uma dose de refor\u00e7o a cada 10 anos. O imunizante est\u00e1 dispon\u00edvel nos polos sanit\u00e1rios, unidades de sa\u00fade da fam\u00edlia (USFs), PAMs e cl\u00ednicas que t\u00eam salas de vacina.&nbsp;<\/p>\n\n\n\n<p>\u201cAs pessoas confundem muito quando s\u00e3o mordidas por gatos e cachorros dom\u00e9sticos e vacinados. Se voc\u00ea conhece o animal e sabe que a vacina\u00e7\u00e3o dele est\u00e1 em dia e ele n\u00e3o tem qualquer sintoma da raiva, a vacina\u00e7\u00e3o antitet\u00e2nica que deve estar em dia no humano. Caso n\u00e3o esteja, ele poder\u00e1 procurar uma unidade de sa\u00fade para realizar o refor\u00e7o. Caso desconhe\u00e7a o animal, a\u00ed sim \u00e9 recomendada a vacina antirr\u00e1bica humana\u201d, explicou a secret\u00e1ria municipal de Sa\u00fade, Bianca Serour.\u00a0<\/p>\n\n\n\n<p><strong>Animal&nbsp;<\/strong>\u2013 A vacina antirr\u00e1bica animal est\u00e1 dispon\u00edvel, durante todo o ano, nos dois centros de atendimento veterin\u00e1rio municipais (Cavems), que funcionam de segunda a sexta, das 8h \u00e0s 16h30. N\u00e3o h\u00e1 necessidade de agendamento para a aplica\u00e7\u00e3o da vacina. A unidade Mutu\u00e1 fica na Avenida Paula Lemos, 307, em frente ao Col\u00e9gio Santa M\u00f4nica. A unidade Alc\u00e2ntara fica na Rua Arthur Silva, 91, ao lado do Col\u00e9gio Nossa Senhora da Paz.&nbsp;&nbsp;<\/p>\n\n\n\n<p><strong>Locais de atendimento para avalia\u00e7\u00e3o da les\u00e3o<\/strong><\/p>\n\n\n\n<p>Polo Sanit\u00e1rio Washington Luiz Lopes, Z\u00e9 Garoto<\/p>\n\n\n\n<p>Polo Sanit\u00e1rio H\u00e9lio Cruz, Alc\u00e2ntara<\/p>\n\n\n\n<p>Polo Sanit\u00e1rio Augusto Senna, Rio do Ouro<\/p>\n\n\n\n<p>Polo Sanit\u00e1rio Paulo Marques Rangel, Porto do Rosa<\/p>\n\n\n\n<p>Polo Sanit\u00e1rio Jorge Teixeira de Lima, Jardim Catarina<\/p>\n\n\n\n<p><strong>Locais de aplica\u00e7\u00e3o da antirr\u00e1bica humana<\/strong><\/p>\n\n\n\n<p>Polo Sanit\u00e1rio Washington Luiz Lopes, Z\u00e9 Garoto<\/p>\n\n\n\n<p>Polo Sanit\u00e1rio H\u00e9lio Cruz, Alc\u00e2ntara<\/p>\n\n\n\n<p><strong>Local de aplica\u00e7\u00e3o do soro antirr\u00e1bico (s\u00f3 para casos mais graves)<\/strong><\/p>\n\n\n\n<p>Pronto Socorro central (PSC), Z\u00e9 Garoto.<\/p>\n\n\n\n<p><strong><em>S\u00e3o Gon\u00e7alo vai mudar: Not\u00edcias de S\u00e3o Gon\u00e7alo e toda regi\u00e3o.<\/em><\/strong><\/p>\n\n\n\n<figure class=\"wp-block-image size-large\"><img fetchpriority=\"high\" decoding=\"async\" width=\"1024\" height=\"357\" src=\"https:\/\/sgvaimudar.com.br\/wp-content\/uploads\/2023\/08\/Logo-Provisoria-2-1-1024x357.png\" alt=\"\" class=\"wp-image-2779\" srcset=\"https:\/\/sgvaimudar.com.br\/wp-content\/uploads\/2023\/08\/Logo-Provisoria-2-1-1024x357.png 1024w, https:\/\/sgvaimudar.com.br\/wp-content\/uploads\/2023\/08\/Logo-Provisoria-2-1-300x105.png 300w, https:\/\/sgvaimudar.com.br\/wp-content\/uploads\/2023\/08\/Logo-Provisoria-2-1-768x268.png 768w, https:\/\/sgvaimudar.com.br\/wp-content\/uploads\/2023\/08\/Logo-Provisoria-2-1.png 1470w\" sizes=\"(max-width: 1024px) 100vw, 1024px\" \/><\/figure>\n","protected":false},"excerpt":{"rendered":"<p>Pessoas feridas por animais passam por avalia\u00e7\u00e3o de les\u00e3o A Secretaria de Sa\u00fade da Prefeitura de S\u00e3o Gon\u00e7alo, com o&hellip;<\/p>\n","protected":false},"author":5,"featured_media":19132,"comment_status":"open","ping_status":"open","sticky":false,"template":"","format":"standard","meta":{"fifu_image_url":"","fifu_image_alt":"","footnotes":""},"categories":[7],"tags":[],"class_list":["post-19131","post","type-post","status-publish","format-standard","has-post-thumbnail","hentry","category-saude"],"_links":{"self":[{"href":"https:\/\/sgvaimudar.com.br\/index.php\/wp-json\/wp\/v2\/posts\/19131","targetHints":{"allow":["GET"]}}],"collection":[{"href":"https:\/\/sgvaimudar.com.br\/index.php\/wp-json\/wp\/v2\/posts"}],"about":[{"href":"https:\/\/sgvaimudar.com.br\/index.php\/wp-json\/wp\/v2\/types\/post"}],"author":[{"embeddable":true,"href":"https:\/\/sgvaimudar.com.br\/index.php\/wp-json\/wp\/v2\/users\/5"}],"replies":[{"embeddable":true,"href":"https:\/\/sgvaimudar.com.br\/index.php\/wp-json\/wp\/v2\/comments?post=19131"}],"version-history":[{"count":1,"href":"https:\/\/sgvaimudar.com.br\/index.php\/wp-json\/wp\/v2\/posts\/19131\/revisions"}],"predecessor-version":[{"id":19133,"href":"https:\/\/sgvaimudar.com.br\/index.php\/wp-json\/wp\/v2\/posts\/19131\/revisions\/19133"}],"wp:featuredmedia":[{"embeddable":true,"href":"https:\/\/sgvaimudar.com.br\/index.php\/wp-json\/wp\/v2\/media\/19132"}],"wp:attachment":[{"href":"https:\/\/sgvaimudar.com.br\/index.php\/wp-json\/wp\/v2\/media?parent=19131"}],"wp:term":[{"taxonomy":"category","embeddable":true,"href":"https:\/\/sgvaimudar.com.br\/index.php\/wp-json\/wp\/v2\/categories?post=19131"},{"taxonomy":"post_tag","embeddable":true,"href":"https:\/\/sgvaimudar.com.br\/index.php\/wp-json\/wp\/v2\/tags?post=19131"}],"curies":[{"name":"wp","href":"https:\/\/api.w.org\/{rel}","templated":true}]}}