{"id":19124,"date":"2025-01-24T11:00:00","date_gmt":"2025-01-24T14:00:00","guid":{"rendered":"https:\/\/sgvaimudar.com.br\/?p=19124"},"modified":"2025-01-24T09:24:46","modified_gmt":"2025-01-24T12:24:46","slug":"segunda-parte-da-obra-na-praia-das-pedrinhas-e-iniciada","status":"publish","type":"post","link":"https:\/\/sgvaimudar.com.br\/index.php\/2025\/01\/24\/segunda-parte-da-obra-na-praia-das-pedrinhas-e-iniciada\/","title":{"rendered":"Segunda parte da obra na Praia das Pedrinhas \u00e9 iniciada"},"content":{"rendered":"\n<p><em>Principal cart\u00e3o postal de S\u00e3o Gon\u00e7alo est\u00e1 sendo revitalizado<\/em><\/p>\n\n\n\n<p>O segundo trecho da obra da orla da Praia das Pedrinhas come\u00e7ou a receber interven\u00e7\u00f5es. Nesta quinta-feira (23), as equipes da Secretaria de Desenvolvimento Urbano da Prefeitura de S\u00e3o Gon\u00e7alo iniciaram o processo de crava\u00e7\u00e3o de ensecadeiras, que servem para que a mar\u00e9 alta n\u00e3o dificulte os pr\u00f3ximos passos da obra. <\/p>\n\n\n\n<figure class=\"wp-block-image size-full\"><img fetchpriority=\"high\" decoding=\"async\" width=\"1024\" height=\"683\" src=\"https:\/\/sgvaimudar.com.br\/wp-content\/uploads\/2025\/01\/unnamed-2-18.jpg\" alt=\"\" class=\"wp-image-19125\" srcset=\"https:\/\/sgvaimudar.com.br\/wp-content\/uploads\/2025\/01\/unnamed-2-18.jpg 1024w, https:\/\/sgvaimudar.com.br\/wp-content\/uploads\/2025\/01\/unnamed-2-18-300x200.jpg 300w, https:\/\/sgvaimudar.com.br\/wp-content\/uploads\/2025\/01\/unnamed-2-18-768x512.jpg 768w\" sizes=\"(max-width: 1024px) 100vw, 1024px\" \/><\/figure>\n\n\n\n<p>Outros componentes estruturais ser\u00e3o instalados, como estacas e funda\u00e7\u00f5es dos pergolados.<\/p>\n\n\n\n<p>A revitaliza\u00e7\u00e3o da segunda parte do cal\u00e7ad\u00e3o da Praia das Pedrinhas ter\u00e1 um muro de conten\u00e7\u00e3o, decks pergolados, tanque de areia elevado e uma arquibancada para contempla\u00e7\u00e3o para a ba\u00eda. Al\u00e9m disso, haver\u00e1 \u00e1reas intercaladas de paisagismo com \u00e1rvores de v\u00e1rias esp\u00e9cies.<\/p>\n\n\n\n<p>O prefeito Capit\u00e3o Nelson destaca a import\u00e2ncia das obras no local. &#8220;Estamos revitalizando esse espa\u00e7o de lazer, que j\u00e1 era muito querido pelos gon\u00e7alenses, por\u00e9m precisava de cuidados. A popula\u00e7\u00e3o ir\u00e1 aproveitar ainda mais de um lugar bonito e organizado&#8221;, afirmou.<\/p>\n\n\n\n<p>A primeira parte da orla, ao lado esquerdo, j\u00e1 recebeu asfalto, redes de drenagem, padroniza\u00e7\u00e3o das cal\u00e7adas, esgotamento sanit\u00e1rio e abastecimento de \u00e1gua, numa interven\u00e7\u00e3o simult\u00e2nea com a concession\u00e1ria \u00c1guas do Rio.<\/p>\n\n\n\n<p>Toda a orla est\u00e1 sendo revitalizada desde julho de 2024. A obra tem um investimento de quase R$ 5 milh\u00f5es e um prazo de conclus\u00e3o de 12 meses. A capta\u00e7\u00e3o de recursos para a realiza\u00e7\u00e3o do projeto foi feita pela Secretaria de Gest\u00e3o Integrada e Projetos Especiais (Semgipe) da Prefeitura de S\u00e3o Gon\u00e7alo, junto ao Governo Federal, por meio dos Minist\u00e9rios das Cidades e do Minist\u00e9rio do Turismo. O projeto de obras recebeu men\u00e7\u00e3o honrosa do Pr\u00eamio ABAP Roberto Burle Marx, na Modalidade Projeto, Categoria Espa\u00e7o P\u00fablico e Preserva\u00e7\u00e3o Hist\u00f3rico-Cultural.<\/p>\n\n\n\n<p><em>Fotos: Fabio Guimar\u00e3es<\/em><\/p>\n\n\n\n<p><strong><em>S\u00e3o Gon\u00e7alo vai mudar: Not\u00edcias de S\u00e3o Gon\u00e7alo e toda regi\u00e3o.<\/em><\/strong><\/p>\n\n\n\n<figure class=\"wp-block-image size-large\"><img decoding=\"async\" width=\"1024\" height=\"357\" src=\"https:\/\/sgvaimudar.com.br\/wp-content\/uploads\/2023\/08\/Logo-Provisoria-2-1-1024x357.png\" alt=\"\" class=\"wp-image-2779\" srcset=\"https:\/\/sgvaimudar.com.br\/wp-content\/uploads\/2023\/08\/Logo-Provisoria-2-1-1024x357.png 1024w, https:\/\/sgvaimudar.com.br\/wp-content\/uploads\/2023\/08\/Logo-Provisoria-2-1-300x105.png 300w, https:\/\/sgvaimudar.com.br\/wp-content\/uploads\/2023\/08\/Logo-Provisoria-2-1-768x268.png 768w, https:\/\/sgvaimudar.com.br\/wp-content\/uploads\/2023\/08\/Logo-Provisoria-2-1.png 1470w\" sizes=\"(max-width: 1024px) 100vw, 1024px\" \/><\/figure>\n","protected":false},"excerpt":{"rendered":"<p>Principal cart\u00e3o postal de S\u00e3o Gon\u00e7alo est\u00e1 sendo revitalizado O segundo trecho da obra da orla da Praia das Pedrinhas&hellip;<\/p>\n","protected":false},"author":5,"featured_media":19126,"comment_status":"open","ping_status":"open","sticky":false,"template":"","format":"standard","meta":{"fifu_image_url":"","fifu_image_alt":"","footnotes":""},"categories":[3],"tags":[],"class_list":["post-19124","post","type-post","status-publish","format-standard","has-post-thumbnail","hentry","category-sao-goncalo"],"_links":{"self":[{"href":"https:\/\/sgvaimudar.com.br\/index.php\/wp-json\/wp\/v2\/posts\/19124","targetHints":{"allow":["GET"]}}],"collection":[{"href":"https:\/\/sgvaimudar.com.br\/index.php\/wp-json\/wp\/v2\/posts"}],"about":[{"href":"https:\/\/sgvaimudar.com.br\/index.php\/wp-json\/wp\/v2\/types\/post"}],"author":[{"embeddable":true,"href":"https:\/\/sgvaimudar.com.br\/index.php\/wp-json\/wp\/v2\/users\/5"}],"replies":[{"embeddable":true,"href":"https:\/\/sgvaimudar.com.br\/index.php\/wp-json\/wp\/v2\/comments?post=19124"}],"version-history":[{"count":1,"href":"https:\/\/sgvaimudar.com.br\/index.php\/wp-json\/wp\/v2\/posts\/19124\/revisions"}],"predecessor-version":[{"id":19127,"href":"https:\/\/sgvaimudar.com.br\/index.php\/wp-json\/wp\/v2\/posts\/19124\/revisions\/19127"}],"wp:featuredmedia":[{"embeddable":true,"href":"https:\/\/sgvaimudar.com.br\/index.php\/wp-json\/wp\/v2\/media\/19126"}],"wp:attachment":[{"href":"https:\/\/sgvaimudar.com.br\/index.php\/wp-json\/wp\/v2\/media?parent=19124"}],"wp:term":[{"taxonomy":"category","embeddable":true,"href":"https:\/\/sgvaimudar.com.br\/index.php\/wp-json\/wp\/v2\/categories?post=19124"},{"taxonomy":"post_tag","embeddable":true,"href":"https:\/\/sgvaimudar.com.br\/index.php\/wp-json\/wp\/v2\/tags?post=19124"}],"curies":[{"name":"wp","href":"https:\/\/api.w.org\/{rel}","templated":true}]}}