{"id":19120,"date":"2025-01-24T17:00:00","date_gmt":"2025-01-24T20:00:00","guid":{"rendered":"https:\/\/sgvaimudar.com.br\/?p=19120"},"modified":"2025-01-24T09:04:07","modified_gmt":"2025-01-24T12:04:07","slug":"prefeitura-de-itaborai-reabre-retorno-na-avenida-22-de-maio-para-desafogar-transito-durante-obras","status":"publish","type":"post","link":"https:\/\/sgvaimudar.com.br\/index.php\/2025\/01\/24\/prefeitura-de-itaborai-reabre-retorno-na-avenida-22-de-maio-para-desafogar-transito-durante-obras\/","title":{"rendered":"Prefeitura de Itabora\u00ed reabre retorno na Avenida 22 de Maio para desafogar tr\u00e2nsito durante obras"},"content":{"rendered":"\n<p><em>O objetivo \u00e9 garantir a efici\u00eancia do tr\u00e2nsito diante do per\u00edodo de obras da principal avenida do munic\u00edpio<\/em><\/p>\n\n\n\n<p>A Prefeitura de Itabora\u00ed, em a\u00e7\u00e3o coordenada pela Secretaria Municipal de Transportes (Semtrans) reabriu um retorno na Avenida 22 de Maio, pr\u00f3ximo ao Centro, com o objetivo de minimizar os impactos no tr\u00e2nsito gerados pelas obras de revitaliza\u00e7\u00e3o da regi\u00e3o. A medida busca oferecer mais fluidez aos motoristas e reduzir os congestionamentos, especialmente na \u00e1rea do Rio V\u00e1rzea.<\/p>\n\n\n\n<figure class=\"wp-block-image size-large\"><img fetchpriority=\"high\" decoding=\"async\" width=\"1024\" height=\"684\" src=\"https:\/\/sgvaimudar.com.br\/wp-content\/uploads\/2025\/01\/Prefeitura-reabre-retorno-na-Avenida-22-de-Maio-para-desafogar-transito-durante-obras-3-1024x684.jpeg\" alt=\"\" class=\"wp-image-19121\" srcset=\"https:\/\/sgvaimudar.com.br\/wp-content\/uploads\/2025\/01\/Prefeitura-reabre-retorno-na-Avenida-22-de-Maio-para-desafogar-transito-durante-obras-3-1024x684.jpeg 1024w, https:\/\/sgvaimudar.com.br\/wp-content\/uploads\/2025\/01\/Prefeitura-reabre-retorno-na-Avenida-22-de-Maio-para-desafogar-transito-durante-obras-3-300x200.jpeg 300w, https:\/\/sgvaimudar.com.br\/wp-content\/uploads\/2025\/01\/Prefeitura-reabre-retorno-na-Avenida-22-de-Maio-para-desafogar-transito-durante-obras-3-768x513.jpeg 768w, https:\/\/sgvaimudar.com.br\/wp-content\/uploads\/2025\/01\/Prefeitura-reabre-retorno-na-Avenida-22-de-Maio-para-desafogar-transito-durante-obras-3-1536x1025.jpeg 1536w, https:\/\/sgvaimudar.com.br\/wp-content\/uploads\/2025\/01\/Prefeitura-reabre-retorno-na-Avenida-22-de-Maio-para-desafogar-transito-durante-obras-3.jpeg 1600w\" sizes=\"(max-width: 1024px) 100vw, 1024px\" \/><\/figure>\n\n\n\n<p>De acordo com o secret\u00e1rio de Transporte, Marcelo Figueiredo, essa reabertura do retorno na Avenida 22 de Maio foi planejada para trazer mais fluidez ao tr\u00e2nsito e minimizar os transtornos causados pelas obras em andamento. <\/p>\n\n\n\n<p>&#8220;Entendemos que os motoristas estavam enfrentando dificuldades, especialmente na regi\u00e3o do Rio V\u00e1rzea, e essa medida foi adotada para atender a essa demanda imediata. Nosso objetivo \u00e9 garantir alternativas que tornem o tr\u00e2nsito mais eficiente durante esse per\u00edodo de interven\u00e7\u00f5es. Assim que as obras forem conclu\u00eddas, o tr\u00e1fego ser\u00e1 reorganizado de forma definitiva, priorizando a mobilidade e a seguran\u00e7a de todos\u201d, explicou o secret\u00e1rio.<\/p>\n\n\n\n<p>O retorno \u00e9 tempor\u00e1rio e estar\u00e1 em funcionamento at\u00e9 a conclus\u00e3o das obras na Avenida 22 de Maio e em \u00e1reas adjacentes. Ap\u00f3s esse per\u00edodo, o tr\u00e1fego ser\u00e1 reorganizado de acordo com o novo plano de mobilidade urbana da cidade.<\/p>\n\n\n\n<p>A Prefeitura refor\u00e7a que a reabertura tem como principal objetivo melhorar a experi\u00eancia de quem transita pela regi\u00e3o e pede paci\u00eancia e colabora\u00e7\u00e3o dos motoristas durante a execu\u00e7\u00e3o das interven\u00e7\u00f5es.<\/p>\n\n\n\n<p><strong><em>S\u00e3o Gon\u00e7alo vai mudar: Not\u00edcias de S\u00e3o Gon\u00e7alo e toda regi\u00e3o.<\/em><\/strong><\/p>\n\n\n\n<figure class=\"wp-block-image size-large\"><img decoding=\"async\" width=\"1024\" height=\"357\" src=\"https:\/\/sgvaimudar.com.br\/wp-content\/uploads\/2023\/08\/Logo-Provisoria-2-1-1024x357.png\" alt=\"\" class=\"wp-image-2779\" srcset=\"https:\/\/sgvaimudar.com.br\/wp-content\/uploads\/2023\/08\/Logo-Provisoria-2-1-1024x357.png 1024w, https:\/\/sgvaimudar.com.br\/wp-content\/uploads\/2023\/08\/Logo-Provisoria-2-1-300x105.png 300w, https:\/\/sgvaimudar.com.br\/wp-content\/uploads\/2023\/08\/Logo-Provisoria-2-1-768x268.png 768w, https:\/\/sgvaimudar.com.br\/wp-content\/uploads\/2023\/08\/Logo-Provisoria-2-1.png 1470w\" sizes=\"(max-width: 1024px) 100vw, 1024px\" \/><\/figure>\n","protected":false},"excerpt":{"rendered":"<p>O objetivo \u00e9 garantir a efici\u00eancia do tr\u00e2nsito diante do per\u00edodo de obras da principal avenida do munic\u00edpio A Prefeitura&hellip;<\/p>\n","protected":false},"author":5,"featured_media":19122,"comment_status":"open","ping_status":"open","sticky":false,"template":"","format":"standard","meta":{"fifu_image_url":"","fifu_image_alt":"","footnotes":""},"categories":[3],"tags":[],"class_list":["post-19120","post","type-post","status-publish","format-standard","has-post-thumbnail","hentry","category-sao-goncalo"],"_links":{"self":[{"href":"https:\/\/sgvaimudar.com.br\/index.php\/wp-json\/wp\/v2\/posts\/19120","targetHints":{"allow":["GET"]}}],"collection":[{"href":"https:\/\/sgvaimudar.com.br\/index.php\/wp-json\/wp\/v2\/posts"}],"about":[{"href":"https:\/\/sgvaimudar.com.br\/index.php\/wp-json\/wp\/v2\/types\/post"}],"author":[{"embeddable":true,"href":"https:\/\/sgvaimudar.com.br\/index.php\/wp-json\/wp\/v2\/users\/5"}],"replies":[{"embeddable":true,"href":"https:\/\/sgvaimudar.com.br\/index.php\/wp-json\/wp\/v2\/comments?post=19120"}],"version-history":[{"count":1,"href":"https:\/\/sgvaimudar.com.br\/index.php\/wp-json\/wp\/v2\/posts\/19120\/revisions"}],"predecessor-version":[{"id":19123,"href":"https:\/\/sgvaimudar.com.br\/index.php\/wp-json\/wp\/v2\/posts\/19120\/revisions\/19123"}],"wp:featuredmedia":[{"embeddable":true,"href":"https:\/\/sgvaimudar.com.br\/index.php\/wp-json\/wp\/v2\/media\/19122"}],"wp:attachment":[{"href":"https:\/\/sgvaimudar.com.br\/index.php\/wp-json\/wp\/v2\/media?parent=19120"}],"wp:term":[{"taxonomy":"category","embeddable":true,"href":"https:\/\/sgvaimudar.com.br\/index.php\/wp-json\/wp\/v2\/categories?post=19120"},{"taxonomy":"post_tag","embeddable":true,"href":"https:\/\/sgvaimudar.com.br\/index.php\/wp-json\/wp\/v2\/tags?post=19120"}],"curies":[{"name":"wp","href":"https:\/\/api.w.org\/{rel}","templated":true}]}}