{"id":19094,"date":"2025-01-23T21:01:33","date_gmt":"2025-01-24T00:01:33","guid":{"rendered":"https:\/\/sgvaimudar.com.br\/?p=19094"},"modified":"2025-01-23T21:10:35","modified_gmt":"2025-01-24T00:10:35","slug":"morre-neilton-mulim-ex-prefeito-estava-com-62-anos","status":"publish","type":"post","link":"https:\/\/sgvaimudar.com.br\/index.php\/2025\/01\/23\/morre-neilton-mulim-ex-prefeito-estava-com-62-anos\/","title":{"rendered":"Morre Neilton Mulim, ex-prefeito estava com 62 anos"},"content":{"rendered":"\n<p><em>Al\u00e9m de professor e chefe do Executivo gon\u00e7alense, ele (filiado ao Partido Liberale ao PR), foi deputado federal por dois mandatos e prefeito de S\u00e3o Gon\u00e7alo entre 1\u00b0 de janeiro de 2013 e 31 de dezembro de 2016<\/em><\/p>\n\n\n\n<p>O ex-prefeito de S\u00e3o Gon\u00e7alo, Neilton Mulim, de 62 anos, morreu na tarde desta quinta-feira (23), em um hospital do Rio de Janeiro. Ele estava internado e lutava contra um c\u00e2ncer, apesar da fam\u00edlia n\u00e3o ter revelado a causa, segundo informou uma fonte pol\u00edtica ao <strong>S\u00e3o Gon\u00e7alo Vai Mudar.<\/strong><\/p>\n\n\n\n<figure class=\"wp-block-image size-large\"><img fetchpriority=\"high\" decoding=\"async\" width=\"825\" height=\"1024\" src=\"https:\/\/sgvaimudar.com.br\/wp-content\/uploads\/2025\/01\/WhatsApp-Image-2025-01-23-at-20.41.54-825x1024.jpeg\" alt=\"\" class=\"wp-image-19095\" srcset=\"https:\/\/sgvaimudar.com.br\/wp-content\/uploads\/2025\/01\/WhatsApp-Image-2025-01-23-at-20.41.54-825x1024.jpeg 825w, https:\/\/sgvaimudar.com.br\/wp-content\/uploads\/2025\/01\/WhatsApp-Image-2025-01-23-at-20.41.54-242x300.jpeg 242w, https:\/\/sgvaimudar.com.br\/wp-content\/uploads\/2025\/01\/WhatsApp-Image-2025-01-23-at-20.41.54-768x954.jpeg 768w, https:\/\/sgvaimudar.com.br\/wp-content\/uploads\/2025\/01\/WhatsApp-Image-2025-01-23-at-20.41.54.jpeg 1080w\" sizes=\"(max-width: 825px) 100vw, 825px\" \/><\/figure>\n\n\n\n<p>Ainda n\u00e3o se sabe quando ser\u00e1 o vel\u00f3rio. Segundo as informa\u00e7\u00f5es, ele come\u00e7ou a sentir mal no in\u00edcio deste m\u00eas e h\u00e1 uma semana foi internado para exames. Neilton Mulim foi vereador, deputado federal e prefeito de S\u00e3o Gon\u00e7alo, de 2013 a 2016. Era casado e tinha dois filhos.<\/p>\n\n\n\n<p>Nas redes sociais, no dia 6 de janeiro com a hashtag: #aindaestouporaqui ele fez uma postagem no Facebook elogiando as atua\u00e7\u00f5es das Fernandas Montenegro e Torres que brilharam no filme. &#8221; Arte, s\u00edmbolo maior da repara\u00e7\u00e3o, da hist\u00f3ria, da beleza poderosa do talento que, com sensibilidade atravessa o tempo. A arte perdura pela vida!&#8221;, escreveu Mulim.<\/p>\n\n\n\n<p><strong>#sgvaimudar<\/strong><\/p>\n\n\n\n<figure class=\"wp-block-image size-full\"><img decoding=\"async\" width=\"317\" height=\"110\" src=\"https:\/\/sgvaimudar.com.br\/wp-content\/uploads\/2023\/08\/cropped-Logo-Provisoria-2-2.png\" alt=\"\" class=\"wp-image-2782\" srcset=\"https:\/\/sgvaimudar.com.br\/wp-content\/uploads\/2023\/08\/cropped-Logo-Provisoria-2-2.png 317w, https:\/\/sgvaimudar.com.br\/wp-content\/uploads\/2023\/08\/cropped-Logo-Provisoria-2-2-300x104.png 300w\" sizes=\"(max-width: 317px) 100vw, 317px\" \/><\/figure>\n\n\n\n<p><div style=\"border: 0px;font-size: medium;line-height: inherit;, sans-serif;vertical-align: baseline\"><\/div><div class=\"content__signa-share mc-column\" style=\"margin: var(--glb-sp-col-mg-top,0) auto var(--glb-sp-col-mg-bottom,2rem) auto;padding-right: var(--glb-sp-col-padding-side,1rem);padding-left: var(--glb-sp-col-padding-side,1rem);border: 0px;font-size: medium;line-height: inherit;, sans-serif;vertical-align: baseline;float: none;max-width: var(--glb-sp-col-max-width,42.5rem);width: var(--glb-sp-col-width,70%);clear: none;--glb-sp-col-mg-top:var(--glb-sp-signashare-mg-top,var(--glb-sp-head-mg-v));--glb-sp-col-mg-bottom:var(--glb-sp-signashare-mg-bottom,var(--glb-sp-head-mg-v));--glb-sp-col-padding-side:var(--glb-sp-col-header-mg-side);--glb-sp-col-width:100%;--glb-sp-col-max-width:var(--glb-sp-col-header-max-width)\"><div class=\"content__signature\" style=\"border: 0px;font-style: inherit;font-variant: inherit;font-weight: inherit;font-size: inherit;line-height: inherit;font-family: var(--font-family-display),var(--font-family-display-fallback);vertical-align: baseline\"><div class=\"content-publication-data\" style=\"border: 0px;font: inherit;vertical-align: baseline;align-items: center\"><div class=\"content-publication-data__text\" style=\"border: 0px;font: inherit;vertical-align: baseline\"><\/div><\/div><\/div><\/div><\/p>\n","protected":false},"excerpt":{"rendered":"<p>Al\u00e9m de professor e chefe do Executivo gon\u00e7alense, ele (filiado ao Partido Liberale ao PR), foi deputado federal por dois&hellip;<\/p>\n","protected":false},"author":5,"featured_media":19098,"comment_status":"open","ping_status":"open","sticky":false,"template":"","format":"standard","meta":{"fifu_image_url":"","fifu_image_alt":"","footnotes":""},"categories":[3],"tags":[],"class_list":["post-19094","post","type-post","status-publish","format-standard","has-post-thumbnail","hentry","category-sao-goncalo"],"_links":{"self":[{"href":"https:\/\/sgvaimudar.com.br\/index.php\/wp-json\/wp\/v2\/posts\/19094","targetHints":{"allow":["GET"]}}],"collection":[{"href":"https:\/\/sgvaimudar.com.br\/index.php\/wp-json\/wp\/v2\/posts"}],"about":[{"href":"https:\/\/sgvaimudar.com.br\/index.php\/wp-json\/wp\/v2\/types\/post"}],"author":[{"embeddable":true,"href":"https:\/\/sgvaimudar.com.br\/index.php\/wp-json\/wp\/v2\/users\/5"}],"replies":[{"embeddable":true,"href":"https:\/\/sgvaimudar.com.br\/index.php\/wp-json\/wp\/v2\/comments?post=19094"}],"version-history":[{"count":4,"href":"https:\/\/sgvaimudar.com.br\/index.php\/wp-json\/wp\/v2\/posts\/19094\/revisions"}],"predecessor-version":[{"id":19102,"href":"https:\/\/sgvaimudar.com.br\/index.php\/wp-json\/wp\/v2\/posts\/19094\/revisions\/19102"}],"wp:featuredmedia":[{"embeddable":true,"href":"https:\/\/sgvaimudar.com.br\/index.php\/wp-json\/wp\/v2\/media\/19098"}],"wp:attachment":[{"href":"https:\/\/sgvaimudar.com.br\/index.php\/wp-json\/wp\/v2\/media?parent=19094"}],"wp:term":[{"taxonomy":"category","embeddable":true,"href":"https:\/\/sgvaimudar.com.br\/index.php\/wp-json\/wp\/v2\/categories?post=19094"},{"taxonomy":"post_tag","embeddable":true,"href":"https:\/\/sgvaimudar.com.br\/index.php\/wp-json\/wp\/v2\/tags?post=19094"}],"curies":[{"name":"wp","href":"https:\/\/api.w.org\/{rel}","templated":true}]}}