{"id":19090,"date":"2025-01-23T21:00:00","date_gmt":"2025-01-24T00:00:00","guid":{"rendered":"https:\/\/sgvaimudar.com.br\/?p=19090"},"modified":"2025-01-23T13:10:23","modified_gmt":"2025-01-23T16:10:23","slug":"filha-adotiva-de-flordelis-e-encontrada-morta-em-sao-goncalo-suspeita-de-feminicidio","status":"publish","type":"post","link":"https:\/\/sgvaimudar.com.br\/index.php\/2025\/01\/23\/filha-adotiva-de-flordelis-e-encontrada-morta-em-sao-goncalo-suspeita-de-feminicidio\/","title":{"rendered":"Filha adotiva de Flordelis \u00e9 encontrada morta em S\u00e3o Gon\u00e7alo; suspeita de feminic\u00eddio"},"content":{"rendered":"\n<p><em>Segundo o Corpo de Bombeiros, Gabriella teria sido encontrada desacordada na Estrada do Pacheco<\/em><\/p>\n\n\n\n<p>A filha adotiva da ex-deputada federal Flordelis, Gabriella dos Santos de Silva, de 25 anos, foi encontrada morta em S\u00e3o Gon\u00e7alo, Regi\u00e3o Metropolitana do Rio, na madrugada desta quarta-feira (22). A Pol\u00edcia investiga suspeita \u00e9 de que a jovem tenha sido v\u00edtima de feminic\u00eddio.<\/p>\n\n\n\n<p>O atestado de \u00f3bito de Gabriella, no entanto, aponta que a morte foi decorrente de uma parada cardiorrespirat\u00f3ria s\u00fabita. No entanto, a conclus\u00e3o final ainda depende de exames complementares.<\/p>\n\n\n\n<p>A pol\u00edcia apura supostas amea\u00e7as que o companheiro da estudante teria feito contra ela por meio de mensagens de \u00e1udio por aplicativo de mensagens.<\/p>\n\n\n\n<p>A jovem foi adotada ainda beb\u00ea pela ex-deputada e pastora Flordelis, que est\u00e1 detida desde 3 de agosto de 2021, respons\u00e1vel por articular a morte do marido. Ela foi condenada a cumprir 50 anos de pris\u00e3o.<\/p>\n\n\n\n<p>Conforme o Corpo de Bombeiros, Gabriella teria sido encontrada desacordada na Estrada do Pacheco, no bairro Pacheco, e foi levada UMPA do bairro, em S\u00e3o Gon\u00e7alo. Na unidade hospitalar foi constatada a morte da jovem. O corpo foi encaminhado ao Instituto M\u00e9dico Legal de Tribob\u00f3. A causa da morte ainda esta sendo investigada.&nbsp;<\/p>\n\n\n\n<p>A defesa da ex-deputada federal Flordelis, que est\u00e1 detida na Penitenci\u00e1ria Talavera Bruce, em Bangu, na Zona Oeste do Rio, tenta obter permiss\u00e3o junto \u00e0 Secretaria de Administra\u00e7\u00e3o Penitenci\u00e1ria (Seap) para comparecer ao vel\u00f3rio da filha.<\/p>\n\n\n\n<p>A Seap e a defesa de Flordelis n\u00e3o se manifestaram at\u00e9 a publica\u00e7\u00e3o desta mat\u00e9ria se h\u00e1 possibilidade de a ex-deputada se despedir da filha, nem sobre sua rea\u00e7\u00e3o \u00e0 not\u00edcia da perda.<\/p>\n\n\n\n<p>Questionada, a Pol\u00edcia Civil informou que o caso foi registrado na 74\u00aa DP (Alc\u00e2ntara) e encaminhado \u00e0 Delegacia de Homic\u00eddios de Niter\u00f3i, S\u00e3o Gon\u00e7alo e Itabora\u00ed (DHNSG). Os agentes realizam dilig\u00eancias para esclarecer as circunst\u00e2ncias da morte de Gabriella dos Santos de Souza, de 25 anos.<\/p>\n\n\n\n<p><strong><em>S\u00e3o Gon\u00e7alo vai mudar: Not\u00edcias de S\u00e3o Gon\u00e7alo e toda regi\u00e3o.<\/em><\/strong><\/p>\n\n\n\n<figure class=\"wp-block-image size-large\"><img fetchpriority=\"high\" decoding=\"async\" width=\"1024\" height=\"357\" src=\"https:\/\/sgvaimudar.com.br\/wp-content\/uploads\/2023\/08\/Logo-Provisoria-2-1-1024x357.png\" alt=\"\" class=\"wp-image-2779\" srcset=\"https:\/\/sgvaimudar.com.br\/wp-content\/uploads\/2023\/08\/Logo-Provisoria-2-1-1024x357.png 1024w, https:\/\/sgvaimudar.com.br\/wp-content\/uploads\/2023\/08\/Logo-Provisoria-2-1-300x105.png 300w, https:\/\/sgvaimudar.com.br\/wp-content\/uploads\/2023\/08\/Logo-Provisoria-2-1-768x268.png 768w, https:\/\/sgvaimudar.com.br\/wp-content\/uploads\/2023\/08\/Logo-Provisoria-2-1.png 1470w\" sizes=\"(max-width: 1024px) 100vw, 1024px\" \/><\/figure>\n","protected":false},"excerpt":{"rendered":"<p>Segundo o Corpo de Bombeiros, Gabriella teria sido encontrada desacordada na Estrada do Pacheco A filha adotiva da ex-deputada federal&hellip;<\/p>\n","protected":false},"author":5,"featured_media":19091,"comment_status":"open","ping_status":"open","sticky":false,"template":"","format":"standard","meta":{"fifu_image_url":"","fifu_image_alt":"","footnotes":""},"categories":[32],"tags":[],"class_list":["post-19090","post","type-post","status-publish","format-standard","has-post-thumbnail","hentry","category-casos-de-policia"],"_links":{"self":[{"href":"https:\/\/sgvaimudar.com.br\/index.php\/wp-json\/wp\/v2\/posts\/19090","targetHints":{"allow":["GET"]}}],"collection":[{"href":"https:\/\/sgvaimudar.com.br\/index.php\/wp-json\/wp\/v2\/posts"}],"about":[{"href":"https:\/\/sgvaimudar.com.br\/index.php\/wp-json\/wp\/v2\/types\/post"}],"author":[{"embeddable":true,"href":"https:\/\/sgvaimudar.com.br\/index.php\/wp-json\/wp\/v2\/users\/5"}],"replies":[{"embeddable":true,"href":"https:\/\/sgvaimudar.com.br\/index.php\/wp-json\/wp\/v2\/comments?post=19090"}],"version-history":[{"count":1,"href":"https:\/\/sgvaimudar.com.br\/index.php\/wp-json\/wp\/v2\/posts\/19090\/revisions"}],"predecessor-version":[{"id":19092,"href":"https:\/\/sgvaimudar.com.br\/index.php\/wp-json\/wp\/v2\/posts\/19090\/revisions\/19092"}],"wp:featuredmedia":[{"embeddable":true,"href":"https:\/\/sgvaimudar.com.br\/index.php\/wp-json\/wp\/v2\/media\/19091"}],"wp:attachment":[{"href":"https:\/\/sgvaimudar.com.br\/index.php\/wp-json\/wp\/v2\/media?parent=19090"}],"wp:term":[{"taxonomy":"category","embeddable":true,"href":"https:\/\/sgvaimudar.com.br\/index.php\/wp-json\/wp\/v2\/categories?post=19090"},{"taxonomy":"post_tag","embeddable":true,"href":"https:\/\/sgvaimudar.com.br\/index.php\/wp-json\/wp\/v2\/tags?post=19090"}],"curies":[{"name":"wp","href":"https:\/\/api.w.org\/{rel}","templated":true}]}}