{"id":19087,"date":"2025-01-23T19:00:00","date_gmt":"2025-01-23T22:00:00","guid":{"rendered":"https:\/\/sgvaimudar.com.br\/?p=19087"},"modified":"2025-01-23T13:02:49","modified_gmt":"2025-01-23T16:02:49","slug":"homem-e-preso-apos-tentativa-de-roubo-na-subida-da-ponte-rio-niteroi","status":"publish","type":"post","link":"https:\/\/sgvaimudar.com.br\/index.php\/2025\/01\/23\/homem-e-preso-apos-tentativa-de-roubo-na-subida-da-ponte-rio-niteroi\/","title":{"rendered":"Homem \u00e9 preso ap\u00f3s tentativa de roubo na subida da Ponte Rio-Niter\u00f3i"},"content":{"rendered":"\n<p><em>O infrator possu\u00eda uma arma branca<\/em><\/p>\n\n\n\n<p>A Pol\u00edcia Rodovi\u00e1ria Federal (PRF) prendeu, na manh\u00e3 desta quarta-feira (22), um homem que tentava cometer roubos a\u00a0motoristas\u00a0parados\u00a0em congestionamento\u00a0na subida da Ponte Rio-Niter\u00f3i. <\/p>\n\n\n\n<p>Por volta das 9h, a equipe PRF fazia fiscaliza\u00e7\u00e3o no km 322 da Rodovia Niter\u00f3i-Manilha (BR-101) quando recebeu a informa\u00e7\u00e3o de que um homem tentava cometer assaltos a motoristas dos ve\u00edculos parados no congestionamento de acesso \u00e0 Ponte.&nbsp;<\/p>\n\n\n\n<p>Durante buscas pela localidade, os policiais rodovi\u00e1rios federais encontraram o suspeito correndo pelo outro sentido da via, em dire\u00e7\u00e3o&nbsp;a uma comunidade da regi\u00e3o. Foram aproximadamente 20 minutos de persegui\u00e7\u00e3o a p\u00e9 at\u00e9 efetuar a pris\u00e3o em flagrante.<\/p>\n\n\n\n<p>Durante a fuga, o homem lan\u00e7ou a faca para dentro de um estaleiro \u00e0s margens da via. Sobre a sua posse havia apenas um celular que, segundo ele, era de sua propriedade.&nbsp;<\/p>\n\n\n\n<p>A ocorr\u00eancia foi encaminhada para a Pol\u00edcia Judici\u00e1ria de Niter\u00f3i.\u00a0<\/p>\n\n\n\n<p><strong><em>S\u00e3o Gon\u00e7alo vai mudar: Not\u00edcias de S\u00e3o Gon\u00e7alo e toda regi\u00e3o.<\/em><\/strong><\/p>\n\n\n\n<figure class=\"wp-block-image size-large\"><img fetchpriority=\"high\" decoding=\"async\" width=\"1024\" height=\"357\" src=\"https:\/\/sgvaimudar.com.br\/wp-content\/uploads\/2023\/08\/Logo-Provisoria-2-1-1024x357.png\" alt=\"\" class=\"wp-image-2779\" srcset=\"https:\/\/sgvaimudar.com.br\/wp-content\/uploads\/2023\/08\/Logo-Provisoria-2-1-1024x357.png 1024w, https:\/\/sgvaimudar.com.br\/wp-content\/uploads\/2023\/08\/Logo-Provisoria-2-1-300x105.png 300w, https:\/\/sgvaimudar.com.br\/wp-content\/uploads\/2023\/08\/Logo-Provisoria-2-1-768x268.png 768w, https:\/\/sgvaimudar.com.br\/wp-content\/uploads\/2023\/08\/Logo-Provisoria-2-1.png 1470w\" sizes=\"(max-width: 1024px) 100vw, 1024px\" \/><\/figure>\n","protected":false},"excerpt":{"rendered":"<p>O infrator possu\u00eda uma arma branca A Pol\u00edcia Rodovi\u00e1ria Federal (PRF) prendeu, na manh\u00e3 desta quarta-feira (22), um homem que&hellip;<\/p>\n","protected":false},"author":5,"featured_media":19088,"comment_status":"open","ping_status":"open","sticky":false,"template":"","format":"standard","meta":{"fifu_image_url":"","fifu_image_alt":"","footnotes":""},"categories":[32],"tags":[],"class_list":["post-19087","post","type-post","status-publish","format-standard","has-post-thumbnail","hentry","category-casos-de-policia"],"_links":{"self":[{"href":"https:\/\/sgvaimudar.com.br\/index.php\/wp-json\/wp\/v2\/posts\/19087","targetHints":{"allow":["GET"]}}],"collection":[{"href":"https:\/\/sgvaimudar.com.br\/index.php\/wp-json\/wp\/v2\/posts"}],"about":[{"href":"https:\/\/sgvaimudar.com.br\/index.php\/wp-json\/wp\/v2\/types\/post"}],"author":[{"embeddable":true,"href":"https:\/\/sgvaimudar.com.br\/index.php\/wp-json\/wp\/v2\/users\/5"}],"replies":[{"embeddable":true,"href":"https:\/\/sgvaimudar.com.br\/index.php\/wp-json\/wp\/v2\/comments?post=19087"}],"version-history":[{"count":1,"href":"https:\/\/sgvaimudar.com.br\/index.php\/wp-json\/wp\/v2\/posts\/19087\/revisions"}],"predecessor-version":[{"id":19089,"href":"https:\/\/sgvaimudar.com.br\/index.php\/wp-json\/wp\/v2\/posts\/19087\/revisions\/19089"}],"wp:featuredmedia":[{"embeddable":true,"href":"https:\/\/sgvaimudar.com.br\/index.php\/wp-json\/wp\/v2\/media\/19088"}],"wp:attachment":[{"href":"https:\/\/sgvaimudar.com.br\/index.php\/wp-json\/wp\/v2\/media?parent=19087"}],"wp:term":[{"taxonomy":"category","embeddable":true,"href":"https:\/\/sgvaimudar.com.br\/index.php\/wp-json\/wp\/v2\/categories?post=19087"},{"taxonomy":"post_tag","embeddable":true,"href":"https:\/\/sgvaimudar.com.br\/index.php\/wp-json\/wp\/v2\/tags?post=19087"}],"curies":[{"name":"wp","href":"https:\/\/api.w.org\/{rel}","templated":true}]}}