{"id":19078,"date":"2025-01-23T15:00:00","date_gmt":"2025-01-23T18:00:00","guid":{"rendered":"https:\/\/sgvaimudar.com.br\/?p=19078"},"modified":"2025-01-23T12:47:29","modified_gmt":"2025-01-23T15:47:29","slug":"prefeito-de-itaborai-marcelo-delaroli-reune-secretariado-para-alinhar-gestao-e-planejar-novo-mandato","status":"publish","type":"post","link":"https:\/\/sgvaimudar.com.br\/index.php\/2025\/01\/23\/prefeito-de-itaborai-marcelo-delaroli-reune-secretariado-para-alinhar-gestao-e-planejar-novo-mandato\/","title":{"rendered":"Prefeito de Itabora\u00ed Marcelo Delaroli re\u00fane secretariado para alinhar gest\u00e3o e planejar novo mandato"},"content":{"rendered":"\n<p><em>Chefe do Executivo itaboraiense entregou os coletes que simbolizam a gest\u00e3o municipal<\/em><\/p>\n\n\n\n<p>Com o objetivo de alinhar, organizar e dar continuidade a gest\u00e3o em vigor, o prefeito de Itabora\u00ed, Marcelo Delaroli, reuniu todo o secretariado municipal na manh\u00e3 desta quarta-feira (22\/01), na sala de reuni\u00f5es do Enterprise City Center, no Centro. <\/p>\n\n\n\n<p>O encontro contou tamb\u00e9m com a presen\u00e7a do deputado estadual Guilherme Delaroli, do presidente da C\u00e2mara de Vereadores de Itabora\u00ed, Jo\u00e3o Delaroli, al\u00e9m do vice-prefeito e secret\u00e1rio municipal de Obras, Elber Corr\u00eaa.<\/p>\n\n\n\n<figure class=\"wp-block-image size-large\"><img fetchpriority=\"high\" decoding=\"async\" width=\"1024\" height=\"682\" src=\"https:\/\/sgvaimudar.com.br\/wp-content\/uploads\/2025\/01\/Prefeito-de-Itaborai-reune-secretariado-para-alinhar-gestao-e-planejar-novo-mandato-2-1024x682.jpeg\" alt=\"\" class=\"wp-image-19079\" srcset=\"https:\/\/sgvaimudar.com.br\/wp-content\/uploads\/2025\/01\/Prefeito-de-Itaborai-reune-secretariado-para-alinhar-gestao-e-planejar-novo-mandato-2-1024x682.jpeg 1024w, https:\/\/sgvaimudar.com.br\/wp-content\/uploads\/2025\/01\/Prefeito-de-Itaborai-reune-secretariado-para-alinhar-gestao-e-planejar-novo-mandato-2-300x200.jpeg 300w, https:\/\/sgvaimudar.com.br\/wp-content\/uploads\/2025\/01\/Prefeito-de-Itaborai-reune-secretariado-para-alinhar-gestao-e-planejar-novo-mandato-2-768x512.jpeg 768w, https:\/\/sgvaimudar.com.br\/wp-content\/uploads\/2025\/01\/Prefeito-de-Itaborai-reune-secretariado-para-alinhar-gestao-e-planejar-novo-mandato-2-1536x1023.jpeg 1536w, https:\/\/sgvaimudar.com.br\/wp-content\/uploads\/2025\/01\/Prefeito-de-Itaborai-reune-secretariado-para-alinhar-gestao-e-planejar-novo-mandato-2.jpeg 1600w\" sizes=\"(max-width: 1024px) 100vw, 1024px\" \/><\/figure>\n\n\n\n<p>Durante a reuni\u00e3o, Marcelo Delaroli destacou a import\u00e2ncia do trabalho em equipe para o sucesso da gest\u00e3o.<\/p>\n\n\n\n<p>\u201cO nosso trabalho tem dado certo porque esse time todo trabalhou muito para que isso acontecesse, mas a gente sempre quer melhorar e avan\u00e7ar. Agrade\u00e7o de verdade o que essa equipe fez e digo que temos um grande desafio nesses pr\u00f3ximos quatro anos. Viramos vitrines, e n\u00e3o apenas em Itabora\u00ed, mas em todo o Estado&#8221;, disse o prefeito.<\/p>\n\n\n\n<p>Ele aproveitou a oportunidade para agradecer ao meu irm\u00e3o e parceiro, Guilherme Delaroli, por todo o cuidado com Itabora\u00ed, e destacar o bom relacionamento entre o Executivo e o Legislativo, que, com o Jo\u00e3o, vai melhorar ainda mais. &#8220;Vamos trabalhar para fazer a cidade andar sempre para a frente\u201d, disse Marcelo Delaroli.<\/p>\n\n\n\n<p>Neste novo mandato, o Executivo municipal conta com 29 pastas, incluindo o Instituto de Previd\u00eancia e Assist\u00eancia dos Servidores do Munic\u00edpio de Itabora\u00ed (Itaprevi) e a rec\u00e9m-criada Secretaria Municipal de Prote\u00e7\u00e3o e Defesa dos Animais. <\/p>\n\n\n\n<p>As secretarias que comp\u00f5em a gest\u00e3o municipal s\u00e3o: Chefia de Gabinete do Prefeito; Procuradoria-Geral do Munic\u00edpio; Controladoria-Geral do Munic\u00edpio; Secretaria Municipal de Governo; Secretaria Municipal de Planejamento; Secretaria Municipal de Fazenda e Tecnologia; Secretaria Municipal de Administra\u00e7\u00e3o.<\/p>\n\n\n\n<p>Secretaria Municipal de Sa\u00fade; Secretaria Municipal de Educa\u00e7\u00e3o; Secretaria Municipal de Cultura; Secretaria Municipal de Desenvolvimento Social; Secretaria Municipal de Desenvolvimento Econ\u00f4mico; Secretaria Municipal de Trabalho e Renda; Secretaria Municipal de Habita\u00e7\u00e3o e Servi\u00e7os Sociais; Secretaria Municipal de Esporte e Lazer.<\/p>\n\n\n\n<p>Secretaria Municipal de Meio Ambiente e Urbanismo; Secretaria Municipal de Obras; Secretaria Municipal de Ci\u00eancia e Inova\u00e7\u00e3o; Secretaria Municipal de Seguran\u00e7a; Secretaria Municipal de Defesa Civil; Secretaria Municipal de Transporte; Secretaria Municipal de Agricultura; Secretaria Municipal de Turismo e Eventos.<\/p>\n\n\n\n<p>Secretaria Municipal de Servi\u00e7os P\u00fablicos; Secretaria Municipal de Comunica\u00e7\u00e3o Social; Secretaria Municipal de Compras, Licita\u00e7\u00f5es e Contratos e a Ouvidoria-Geral Municipal.<\/p>\n\n\n\n<p>Na ocasi\u00e3o, Marcelo Delaroli entregou aos novos secret\u00e1rios empossados os coletes que simbolizam a gest\u00e3o municipal, refor\u00e7ando o compromisso com o cuidado e a qualidade do trabalho realizado em Itabora\u00ed.<\/p>\n\n\n\n<p><strong><em>S\u00e3o Gon\u00e7alo vai mudar: Not\u00edcias de S\u00e3o Gon\u00e7alo e toda regi\u00e3o.<\/em><\/strong><\/p>\n\n\n\n<figure class=\"wp-block-image size-full\"><img decoding=\"async\" width=\"317\" height=\"111\" src=\"https:\/\/sgvaimudar.com.br\/wp-content\/uploads\/2023\/08\/Logo-Provisoria-2-2.png\" alt=\"\" class=\"wp-image-2781\" srcset=\"https:\/\/sgvaimudar.com.br\/wp-content\/uploads\/2023\/08\/Logo-Provisoria-2-2.png 317w, https:\/\/sgvaimudar.com.br\/wp-content\/uploads\/2023\/08\/Logo-Provisoria-2-2-300x105.png 300w\" sizes=\"(max-width: 317px) 100vw, 317px\" \/><\/figure>\n","protected":false},"excerpt":{"rendered":"<p>Chefe do Executivo itaboraiense entregou os coletes que simbolizam a gest\u00e3o municipal Com o objetivo de alinhar, organizar e dar&hellip;<\/p>\n","protected":false},"author":5,"featured_media":19080,"comment_status":"open","ping_status":"open","sticky":false,"template":"","format":"standard","meta":{"fifu_image_url":"","fifu_image_alt":"","footnotes":""},"categories":[3],"tags":[],"class_list":["post-19078","post","type-post","status-publish","format-standard","has-post-thumbnail","hentry","category-sao-goncalo"],"_links":{"self":[{"href":"https:\/\/sgvaimudar.com.br\/index.php\/wp-json\/wp\/v2\/posts\/19078","targetHints":{"allow":["GET"]}}],"collection":[{"href":"https:\/\/sgvaimudar.com.br\/index.php\/wp-json\/wp\/v2\/posts"}],"about":[{"href":"https:\/\/sgvaimudar.com.br\/index.php\/wp-json\/wp\/v2\/types\/post"}],"author":[{"embeddable":true,"href":"https:\/\/sgvaimudar.com.br\/index.php\/wp-json\/wp\/v2\/users\/5"}],"replies":[{"embeddable":true,"href":"https:\/\/sgvaimudar.com.br\/index.php\/wp-json\/wp\/v2\/comments?post=19078"}],"version-history":[{"count":1,"href":"https:\/\/sgvaimudar.com.br\/index.php\/wp-json\/wp\/v2\/posts\/19078\/revisions"}],"predecessor-version":[{"id":19081,"href":"https:\/\/sgvaimudar.com.br\/index.php\/wp-json\/wp\/v2\/posts\/19078\/revisions\/19081"}],"wp:featuredmedia":[{"embeddable":true,"href":"https:\/\/sgvaimudar.com.br\/index.php\/wp-json\/wp\/v2\/media\/19080"}],"wp:attachment":[{"href":"https:\/\/sgvaimudar.com.br\/index.php\/wp-json\/wp\/v2\/media?parent=19078"}],"wp:term":[{"taxonomy":"category","embeddable":true,"href":"https:\/\/sgvaimudar.com.br\/index.php\/wp-json\/wp\/v2\/categories?post=19078"},{"taxonomy":"post_tag","embeddable":true,"href":"https:\/\/sgvaimudar.com.br\/index.php\/wp-json\/wp\/v2\/tags?post=19078"}],"curies":[{"name":"wp","href":"https:\/\/api.w.org\/{rel}","templated":true}]}}