{"id":19070,"date":"2025-01-23T13:00:00","date_gmt":"2025-01-23T16:00:00","guid":{"rendered":"https:\/\/sgvaimudar.com.br\/?p=19070"},"modified":"2025-01-23T12:37:09","modified_gmt":"2025-01-23T15:37:09","slug":"sao-goncalo-reafirma-compromisso-com-combate-a-intolerancia-religiosa","status":"publish","type":"post","link":"https:\/\/sgvaimudar.com.br\/index.php\/2025\/01\/23\/sao-goncalo-reafirma-compromisso-com-combate-a-intolerancia-religiosa\/","title":{"rendered":"S\u00e3o Gon\u00e7alo reafirma compromisso com combate \u00e0 intoler\u00e2ncia religiosa"},"content":{"rendered":"\n<p><em>3\u00aa Edi\u00e7\u00e3o do &#8220;S\u00e3o Gon\u00e7alo Segue em F\u00e9&#8221; reuniu autoridades e l\u00edderes religiosos&nbsp;<\/em><\/p>\n\n\n\n<p>A Secretaria de Assist\u00eancia Social, por meio da Coordenadoria Municipal de Assuntos Religiosos de S\u00e3o Gon\u00e7alo (Comar-SG), promoveu, na noite desta ter\u00e7a-feira (21),  a terceira edi\u00e7\u00e3o do evento &#8220;S\u00e3o Gon\u00e7alo Segue em F\u00e9, Contra Preconceito e a Intoler\u00e2ncia Religiosa&#8221;, no audit\u00f3rio do Centro Cultural Joaquim Lavoura, no bairro Estrela do Norte.<\/p>\n\n\n\n<figure class=\"wp-block-image size-large\"><img fetchpriority=\"high\" decoding=\"async\" width=\"1024\" height=\"680\" src=\"https:\/\/sgvaimudar.com.br\/wp-content\/uploads\/2025\/01\/unnamed-9-6-1024x680.jpg\" alt=\"\" class=\"wp-image-19071\" srcset=\"https:\/\/sgvaimudar.com.br\/wp-content\/uploads\/2025\/01\/unnamed-9-6-1024x680.jpg 1024w, https:\/\/sgvaimudar.com.br\/wp-content\/uploads\/2025\/01\/unnamed-9-6-300x199.jpg 300w, https:\/\/sgvaimudar.com.br\/wp-content\/uploads\/2025\/01\/unnamed-9-6-768x510.jpg 768w, https:\/\/sgvaimudar.com.br\/wp-content\/uploads\/2025\/01\/unnamed-9-6.jpg 1100w\" sizes=\"(max-width: 1024px) 100vw, 1024px\" \/><\/figure>\n\n\n\n<p>O evento contou com a presen\u00e7a de representantes de diversas institui\u00e7\u00f5es religiosas, de v\u00e1rios setores da Prefeitura e teve como objetivo promover uma discuss\u00e3o sobre a import\u00e2ncia da igualdade e da liberdade religiosa em S\u00e3o Gon\u00e7alo. <\/p>\n\n\n\n<p>De acordo com Carlos Andr\u00e9 Ferrugem, coordenador de Assuntos Religiosos, a grande procura superou as expectativas, o que demonstra o crescente interesse da popula\u00e7\u00e3o e a necessidade de se aprofundar nas a\u00e7\u00f5es de combate \u00e0 intoler\u00e2ncia religiosa.&nbsp;<\/p>\n\n\n\n<p>\u201cEssa procura faz a gente querer organizar mais a\u00e7\u00f5es voltadas para o combate da intoler\u00e2ncia religiosa. Com isso, fico feliz em atender a demanda e a proposta da coordenadoria, criada pelo Capit\u00e3o Nelson, para aproximar as pessoas e garantir que a cidade seja livre de todo preconceito\u201d, comemorou Ferrugem.<\/p>\n\n\n\n<p>Em alus\u00e3o ao Dia do Combate \u00e0 Intoler\u00e2ncia Religiosa, o evento visou, principalmente, ouvir a sociedade civil e as institui\u00e7\u00f5es religiosas, com o intuito de gerar pol\u00edticas p\u00fablicas que promovam a integra\u00e7\u00e3o e o respeito m\u00fatuo.&nbsp;<\/p>\n\n\n\n<p>Outro ponto importante abordado durante o evento foi o trabalho realizado pela gest\u00e3o do Capit\u00e3o Nelson para garantir uma cidade mais igualit\u00e1ria. O foco espec\u00edfico foi consolidar a liberdade religiosa j\u00e1 existente e continuar promovendo a liberdade para que todos possam expressar e manifestar suas cren\u00e7as sem discrimina\u00e7\u00e3o.<\/p>\n\n\n\n<p>O evento tamb\u00e9m tratou de temas essenciais, como as leis que regulamentam as sonoridades emitidas pelas institui\u00e7\u00f5es religiosas, o acolhimento das v\u00edtimas de intoler\u00e2ncia religiosa e a cria\u00e7\u00e3o de comit\u00eas para monitorar e promover a prote\u00e7\u00e3o dos direitos religiosos.&nbsp;<\/p>\n\n\n\n<p>\u201cNosso objetivo \u00e9 garantir que as v\u00edtimas de intoler\u00e2ncia religiosa tenham o suporte necess\u00e1rio e que possamos criar mecanismos que assegurem a liberdade de todos para praticar sua f\u00e9\u201d, ressaltou Carlos Andr\u00e9 Ferrugem.<\/p>\n\n\n\n<p>Al\u00e9m disso, o evento teve a participa\u00e7\u00e3o de diversas Secretarias da Prefeitura de S\u00e3o Gon\u00e7alo, que estiveram presentes para apoiar e colaborar com as propostas e a\u00e7\u00f5es do encontro.&nbsp;<\/p>\n\n\n\n<p><em>Fotos: Julio Diniz<\/em><\/p>\n\n\n\n<p><strong><em>S\u00e3o Gon\u00e7alo vai mudar: Not\u00edcias de S\u00e3o Gon\u00e7alo e toda regi\u00e3o.<\/em><\/strong><\/p>\n\n\n\n<figure class=\"wp-block-image size-large\"><img decoding=\"async\" width=\"1024\" height=\"357\" src=\"https:\/\/sgvaimudar.com.br\/wp-content\/uploads\/2023\/08\/Logo-Provisoria-2-1-1024x357.png\" alt=\"\" class=\"wp-image-2779\" srcset=\"https:\/\/sgvaimudar.com.br\/wp-content\/uploads\/2023\/08\/Logo-Provisoria-2-1-1024x357.png 1024w, https:\/\/sgvaimudar.com.br\/wp-content\/uploads\/2023\/08\/Logo-Provisoria-2-1-300x105.png 300w, https:\/\/sgvaimudar.com.br\/wp-content\/uploads\/2023\/08\/Logo-Provisoria-2-1-768x268.png 768w, https:\/\/sgvaimudar.com.br\/wp-content\/uploads\/2023\/08\/Logo-Provisoria-2-1.png 1470w\" sizes=\"(max-width: 1024px) 100vw, 1024px\" \/><\/figure>\n","protected":false},"excerpt":{"rendered":"<p>3\u00aa Edi\u00e7\u00e3o do &#8220;S\u00e3o Gon\u00e7alo Segue em F\u00e9&#8221; reuniu autoridades e l\u00edderes religiosos&nbsp; A Secretaria de Assist\u00eancia Social, por meio&hellip;<\/p>\n","protected":false},"author":5,"featured_media":19073,"comment_status":"open","ping_status":"open","sticky":false,"template":"","format":"standard","meta":{"fifu_image_url":"","fifu_image_alt":"","footnotes":""},"categories":[3],"tags":[],"class_list":["post-19070","post","type-post","status-publish","format-standard","has-post-thumbnail","hentry","category-sao-goncalo"],"_links":{"self":[{"href":"https:\/\/sgvaimudar.com.br\/index.php\/wp-json\/wp\/v2\/posts\/19070","targetHints":{"allow":["GET"]}}],"collection":[{"href":"https:\/\/sgvaimudar.com.br\/index.php\/wp-json\/wp\/v2\/posts"}],"about":[{"href":"https:\/\/sgvaimudar.com.br\/index.php\/wp-json\/wp\/v2\/types\/post"}],"author":[{"embeddable":true,"href":"https:\/\/sgvaimudar.com.br\/index.php\/wp-json\/wp\/v2\/users\/5"}],"replies":[{"embeddable":true,"href":"https:\/\/sgvaimudar.com.br\/index.php\/wp-json\/wp\/v2\/comments?post=19070"}],"version-history":[{"count":2,"href":"https:\/\/sgvaimudar.com.br\/index.php\/wp-json\/wp\/v2\/posts\/19070\/revisions"}],"predecessor-version":[{"id":19074,"href":"https:\/\/sgvaimudar.com.br\/index.php\/wp-json\/wp\/v2\/posts\/19070\/revisions\/19074"}],"wp:featuredmedia":[{"embeddable":true,"href":"https:\/\/sgvaimudar.com.br\/index.php\/wp-json\/wp\/v2\/media\/19073"}],"wp:attachment":[{"href":"https:\/\/sgvaimudar.com.br\/index.php\/wp-json\/wp\/v2\/media?parent=19070"}],"wp:term":[{"taxonomy":"category","embeddable":true,"href":"https:\/\/sgvaimudar.com.br\/index.php\/wp-json\/wp\/v2\/categories?post=19070"},{"taxonomy":"post_tag","embeddable":true,"href":"https:\/\/sgvaimudar.com.br\/index.php\/wp-json\/wp\/v2\/tags?post=19070"}],"curies":[{"name":"wp","href":"https:\/\/api.w.org\/{rel}","templated":true}]}}