{"id":19062,"date":"2025-01-23T12:00:00","date_gmt":"2025-01-23T15:00:00","guid":{"rendered":"https:\/\/sgvaimudar.com.br\/?p=19062"},"modified":"2025-01-23T11:39:53","modified_gmt":"2025-01-23T14:39:53","slug":"qualidade-de-vida-em-alta-goncalenses-aprovam-obras-de-infraestrutura-em-neves","status":"publish","type":"post","link":"https:\/\/sgvaimudar.com.br\/index.php\/2025\/01\/23\/qualidade-de-vida-em-alta-goncalenses-aprovam-obras-de-infraestrutura-em-neves\/","title":{"rendered":"Qualidade de vida em alta: Gon\u00e7alenses aprovam obras de infraestrutura em Neves"},"content":{"rendered":"\n<p><em>Trecho inicial da Rua Mauricio de Abreu segue recebendo melhorias<\/em><\/p>\n\n\n\n<p>Com o intuito de dar mais qualidade de vida para a popula\u00e7\u00e3o, as interven\u00e7\u00f5es na Rua Mauricio de Abreu, em Neves, est\u00e3o a todo vapor, segundo a Prefeitura de S\u00e3o Gon\u00e7alo. Nesta quarta-feira (22), as equipes da Secretaria de Desenvolvimento Urbano atuavam no trecho inicial da rua, onde acontecem obras re revitaliza\u00e7\u00e3o da cal\u00e7ada.<\/p>\n\n\n\n<figure class=\"wp-block-image size-full\"><img fetchpriority=\"high\" decoding=\"async\" width=\"1024\" height=\"683\" src=\"https:\/\/sgvaimudar.com.br\/wp-content\/uploads\/2025\/01\/unnamed-5-12.jpg\" alt=\"\" class=\"wp-image-19063\" srcset=\"https:\/\/sgvaimudar.com.br\/wp-content\/uploads\/2025\/01\/unnamed-5-12.jpg 1024w, https:\/\/sgvaimudar.com.br\/wp-content\/uploads\/2025\/01\/unnamed-5-12-300x200.jpg 300w, https:\/\/sgvaimudar.com.br\/wp-content\/uploads\/2025\/01\/unnamed-5-12-768x512.jpg 768w\" sizes=\"(max-width: 1024px) 100vw, 1024px\" \/><\/figure>\n\n\n\n<p>O morador C\u00e9lio Bonif\u00e1cio, de 64 anos, relata que acompanha a obra e est\u00e1 muito satisfeito com os resultados.<\/p>\n\n\n\n<p>&#8220;Essas obras s\u00e3o \u00f3timas, Neves estava precisando, aqui \u00e9 a ponta da cidade. H\u00e1 muitos anos, o nosso bairro era esquecido, aqui era tudo barro, agora estou muito feliz em ver essas melhorias chegando&#8221;, afirmou o morador.<\/p>\n\n\n\n<p>&#8220;No in\u00edcio da rua, foram instalados equipamentos para academia do idoso e vagas de estacionamento, para que os carros n\u00e3o fiquem parados na rua. E, em breve, uma nova pavimenta\u00e7\u00e3o ser\u00e1 realizada no local&#8221;, disse o Executivo na nota.<\/p>\n\n\n\n<p>O comerciante, Julio Cesar Victorino, de 51 anos, conta que trabalha no local h\u00e1 mais de 30 anos, e v\u00ea os benef\u00edcios das interven\u00e7\u00f5es na localidade.<\/p>\n\n\n\n<p>&#8220;A obra est\u00e1 ficando boa, o estacionamento \u00e9 importante para o local, vejo que outras pessoas tamb\u00e9m est\u00e3o elogiando. A verdade \u00e9 que Neves mudou para melhor, espero que continue avan\u00e7ando&#8221;, disse o comerciante.<\/p>\n\n\n\n<p>A Rua Maur\u00edcio de Abreu deixou de ser secund\u00e1ria e passou a ser via principal sentido Centro de S\u00e3o Gon\u00e7alo com as interven\u00e7\u00f5es do Muvi, o novo corredor vi\u00e1rio que est\u00e1 sendo constru\u00eddo pela Secretaria de Estado das Cidades, em parceria com a Prefeitura. <\/p>\n\n\n\n<p>O trecho inicial, que antecede o Muvi, tamb\u00e9m est\u00e1 passando por mudan\u00e7as agora e j\u00e1 recebeu drenagem, rede de esgoto, constru\u00e7\u00e3o de meios-fios, cal\u00e7adas e pavimenta\u00e7\u00e3o.<\/p>\n\n\n\n<p><em>Fotos: Fabio Guimar\u00e3es<\/em><\/p>\n\n\n\n<p><strong><em>S\u00e3o Gon\u00e7alo vai mudar: Not\u00edcias de S\u00e3o Gon\u00e7alo e toda regi\u00e3o.<\/em><\/strong><\/p>\n\n\n\n<figure class=\"wp-block-image size-full\"><img decoding=\"async\" width=\"317\" height=\"111\" src=\"https:\/\/sgvaimudar.com.br\/wp-content\/uploads\/2023\/08\/Logo-Provisoria-2-2.png\" alt=\"\" class=\"wp-image-2781\" srcset=\"https:\/\/sgvaimudar.com.br\/wp-content\/uploads\/2023\/08\/Logo-Provisoria-2-2.png 317w, https:\/\/sgvaimudar.com.br\/wp-content\/uploads\/2023\/08\/Logo-Provisoria-2-2-300x105.png 300w\" sizes=\"(max-width: 317px) 100vw, 317px\" \/><\/figure>\n","protected":false},"excerpt":{"rendered":"<p>Trecho inicial da Rua Mauricio de Abreu segue recebendo melhorias Com o intuito de dar mais qualidade de vida para&hellip;<\/p>\n","protected":false},"author":5,"featured_media":19064,"comment_status":"open","ping_status":"open","sticky":false,"template":"","format":"standard","meta":{"fifu_image_url":"","fifu_image_alt":"","footnotes":""},"categories":[3],"tags":[],"class_list":["post-19062","post","type-post","status-publish","format-standard","has-post-thumbnail","hentry","category-sao-goncalo"],"_links":{"self":[{"href":"https:\/\/sgvaimudar.com.br\/index.php\/wp-json\/wp\/v2\/posts\/19062","targetHints":{"allow":["GET"]}}],"collection":[{"href":"https:\/\/sgvaimudar.com.br\/index.php\/wp-json\/wp\/v2\/posts"}],"about":[{"href":"https:\/\/sgvaimudar.com.br\/index.php\/wp-json\/wp\/v2\/types\/post"}],"author":[{"embeddable":true,"href":"https:\/\/sgvaimudar.com.br\/index.php\/wp-json\/wp\/v2\/users\/5"}],"replies":[{"embeddable":true,"href":"https:\/\/sgvaimudar.com.br\/index.php\/wp-json\/wp\/v2\/comments?post=19062"}],"version-history":[{"count":1,"href":"https:\/\/sgvaimudar.com.br\/index.php\/wp-json\/wp\/v2\/posts\/19062\/revisions"}],"predecessor-version":[{"id":19065,"href":"https:\/\/sgvaimudar.com.br\/index.php\/wp-json\/wp\/v2\/posts\/19062\/revisions\/19065"}],"wp:featuredmedia":[{"embeddable":true,"href":"https:\/\/sgvaimudar.com.br\/index.php\/wp-json\/wp\/v2\/media\/19064"}],"wp:attachment":[{"href":"https:\/\/sgvaimudar.com.br\/index.php\/wp-json\/wp\/v2\/media?parent=19062"}],"wp:term":[{"taxonomy":"category","embeddable":true,"href":"https:\/\/sgvaimudar.com.br\/index.php\/wp-json\/wp\/v2\/categories?post=19062"},{"taxonomy":"post_tag","embeddable":true,"href":"https:\/\/sgvaimudar.com.br\/index.php\/wp-json\/wp\/v2\/tags?post=19062"}],"curies":[{"name":"wp","href":"https:\/\/api.w.org\/{rel}","templated":true}]}}