{"id":19026,"date":"2025-01-23T07:55:28","date_gmt":"2025-01-23T10:55:28","guid":{"rendered":"https:\/\/sgvaimudar.com.br\/?p=19026"},"modified":"2025-01-23T07:55:28","modified_gmt":"2025-01-23T10:55:28","slug":"flamengo-atropela-o-bangu-e-vence-a-primeira-com-o-time-b-no-carioca","status":"publish","type":"post","link":"https:\/\/sgvaimudar.com.br\/index.php\/2025\/01\/23\/flamengo-atropela-o-bangu-e-vence-a-primeira-com-o-time-b-no-carioca\/","title":{"rendered":"Flamengo atropela o Bangu e vence a primeira com o time B no Carioca"},"content":{"rendered":"\n<p><em>Carlinhos marcou dois dos cinco gols e os garotos da base fizeram os outros. Felipe Teresa, Wallace Yan e Guilherme Gomes balan\u00e7aram a rede<\/em><\/p>\n\n\n\n<p>Com um a mais desde os oito minutos do primeiro tempo, o Flamengo, enfim, venceu no Campeonato Carioca. Nesta quarta-feira, a equipe passeou sobre o Bangu e aplicou uma goleada de 5 a 0 no Est\u00e1dio Castel\u00e3o, em S\u00e3o Lu\u00eds, no Maranh\u00e3o. A partida foi v\u00e1lida pela quarta rodada e o alvirrubro segue sem balan\u00e7ar a rede no Estadual.<\/p>\n\n\n\n<p>A goleada sobe o Fla de pen\u00faltimo para o quinto lugar, com quatro pontos. A equipe ainda pode cair dependendo dos resultados da rodada. O Bangu fica em \u00faltimo, com apenas um ponto.<\/p>\n\n\n\n<p>O Fla volta a campo no pr\u00f3ximo s\u00e1bado, \u00e0s 16h30, diante do Volta Redonda. O jogo ser\u00e1 no Man\u00e9 Garrincha, em Bras\u00edlia. O Bangu encara o Botafogo no domingo, \u00e0s 18h, no Nilton Santos.<\/p>\n\n\n\n<p>Este foi o \u00faltimo jogo do Flamengo com o time alternativo e o \u00fanico com bom p\u00fablico de 33.077 presentes. Os titulares &#8211; pelo menos alguns deles &#8211; devem estrear no Estadual no pr\u00f3ximo s\u00e1bado. Filipe Lu\u00eds ainda tem dois treinos para definir os relacionados.<\/p>\n\n\n\n<p>O JOGO &#8211; O Flamengo j\u00e1 dominava o jogo quando o Bangu se complicou ainda mais aos oito minutos. Moretti foi expulso depois de entrar com as travas na chuteira de Rayan Lucas. Ele reclamou muito e a partida demorou a recome\u00e7ar, mas o time ficou com um a menos. Na sequencia, o rubro-negro empilhou grandes chances, mas teve dificuldades para marcar mesmo com um a mais.<\/p>\n\n\n\n<p>Cleber dos Santos s\u00f3 foi fazer uma mudan\u00e7a nos \u00faltimos minutos e acabou dando certo. O Bangu come\u00e7ou a se aventurar um pouco mais e desperdi\u00e7ou uma chance incr\u00edvel. No contra-ataque com tr\u00eas toques, Felipe Teresa, que havia acabado de entrar, abriu o placar para dar mais tranquilidade ao rubro-negro.<\/p>\n\n\n\n<p>O Flamengo voltou ligado, jogou bem melhor e logo de cara j\u00e1 ampliou o placar. Primeiro aos sete do segundo tempo, com Wallace Yan, que ganhou a oportunidade de ser titular neste jogo e foi bem. Depois, com Carlinhos ap\u00f3s contra-ataque r\u00e1pido. Aproveitando que o Bangu precisou se lan\u00e7ar mais e ficou exposto, o rubro-negro soube dar mais volume e efici\u00eancia, algo que faltou na etapa inicial.<\/p>\n\n\n\n<p>O Bangu tentava desacelerar o ritmo da partida pelo menos para n\u00e3o sofrer mais gols, mas n\u00e3o deu certo. Do outro lado, o Flamengo ainda acelerava e conseguiu marcar o quarto gol no duelo com Guilherme e o quinto novamente com Carlinhos. O placar ajudou a subir na tabela e tamb\u00e9m marcou a primeira vit\u00f3ria desse grupo alternativo e a \u00fanica das quatro partidas sem sofrer gols.<\/p>\n\n\n\n<p><strong><em>S\u00e3o Gon\u00e7alo vai mudar: Not\u00edcias de S\u00e3o Gon\u00e7alo e toda regi\u00e3o.<\/em><\/strong><\/p>\n\n\n\n<figure class=\"wp-block-image size-large\"><img fetchpriority=\"high\" decoding=\"async\" width=\"1024\" height=\"321\" src=\"https:\/\/sgvaimudar.com.br\/wp-content\/uploads\/2023\/08\/cropped-Logo-Provisoria-2-1024x321.png\" alt=\"\" class=\"wp-image-2778\" srcset=\"https:\/\/sgvaimudar.com.br\/wp-content\/uploads\/2023\/08\/cropped-Logo-Provisoria-2-1024x321.png 1024w, https:\/\/sgvaimudar.com.br\/wp-content\/uploads\/2023\/08\/cropped-Logo-Provisoria-2-300x94.png 300w, https:\/\/sgvaimudar.com.br\/wp-content\/uploads\/2023\/08\/cropped-Logo-Provisoria-2-768x240.png 768w, https:\/\/sgvaimudar.com.br\/wp-content\/uploads\/2023\/08\/cropped-Logo-Provisoria-2-1536x481.png 1536w, https:\/\/sgvaimudar.com.br\/wp-content\/uploads\/2023\/08\/cropped-Logo-Provisoria-2-2048x641.png 2048w\" sizes=\"(max-width: 1024px) 100vw, 1024px\" \/><\/figure>\n","protected":false},"excerpt":{"rendered":"<p>Carlinhos marcou dois dos cinco gols e os garotos da base fizeram os outros. Felipe Teresa, Wallace Yan e Guilherme&hellip;<\/p>\n","protected":false},"author":5,"featured_media":19027,"comment_status":"open","ping_status":"open","sticky":false,"template":"","format":"standard","meta":{"fifu_image_url":"","fifu_image_alt":"","footnotes":""},"categories":[5],"tags":[],"class_list":["post-19026","post","type-post","status-publish","format-standard","has-post-thumbnail","hentry","category-esportes"],"_links":{"self":[{"href":"https:\/\/sgvaimudar.com.br\/index.php\/wp-json\/wp\/v2\/posts\/19026","targetHints":{"allow":["GET"]}}],"collection":[{"href":"https:\/\/sgvaimudar.com.br\/index.php\/wp-json\/wp\/v2\/posts"}],"about":[{"href":"https:\/\/sgvaimudar.com.br\/index.php\/wp-json\/wp\/v2\/types\/post"}],"author":[{"embeddable":true,"href":"https:\/\/sgvaimudar.com.br\/index.php\/wp-json\/wp\/v2\/users\/5"}],"replies":[{"embeddable":true,"href":"https:\/\/sgvaimudar.com.br\/index.php\/wp-json\/wp\/v2\/comments?post=19026"}],"version-history":[{"count":1,"href":"https:\/\/sgvaimudar.com.br\/index.php\/wp-json\/wp\/v2\/posts\/19026\/revisions"}],"predecessor-version":[{"id":19028,"href":"https:\/\/sgvaimudar.com.br\/index.php\/wp-json\/wp\/v2\/posts\/19026\/revisions\/19028"}],"wp:featuredmedia":[{"embeddable":true,"href":"https:\/\/sgvaimudar.com.br\/index.php\/wp-json\/wp\/v2\/media\/19027"}],"wp:attachment":[{"href":"https:\/\/sgvaimudar.com.br\/index.php\/wp-json\/wp\/v2\/media?parent=19026"}],"wp:term":[{"taxonomy":"category","embeddable":true,"href":"https:\/\/sgvaimudar.com.br\/index.php\/wp-json\/wp\/v2\/categories?post=19026"},{"taxonomy":"post_tag","embeddable":true,"href":"https:\/\/sgvaimudar.com.br\/index.php\/wp-json\/wp\/v2\/tags?post=19026"}],"curies":[{"name":"wp","href":"https:\/\/api.w.org\/{rel}","templated":true}]}}