{"id":19021,"date":"2025-01-22T21:00:00","date_gmt":"2025-01-23T00:00:00","guid":{"rendered":"https:\/\/sgvaimudar.com.br\/?p=19021"},"modified":"2025-01-22T09:53:06","modified_gmt":"2025-01-22T12:53:06","slug":"niteroi-e-eleita-a-cidade-mais-quente-do-brasil","status":"publish","type":"post","link":"https:\/\/sgvaimudar.com.br\/index.php\/2025\/01\/22\/niteroi-e-eleita-a-cidade-mais-quente-do-brasil\/","title":{"rendered":"Niter\u00f3i \u00e9 eleita a cidade mais quente do Brasil"},"content":{"rendered":"\n<p><em>Confira os recordes de temperatura e sensa\u00e7\u00e3o t\u00e9rmica alcan\u00e7ados<\/em><\/p>\n\n\n\n<p>A cidade de Niter\u00f3i, localizada na Regi\u00e3o Metropolitana do Rio de Janeiro, foi o destaque no Brasil no in\u00edcio da semana (nesta segunda-feira, 20), ao registrar\u00a038,9\u00b0C, a maior temperatura do pa\u00eds, segundo o\u00a0Instituto Nacional de Meteorologia (Inmet).<\/p>\n\n\n\n<p>\u00c0s 13h a esta\u00e7\u00e3o meteorol\u00f3gica de Niter\u00f3i registrou a\u00a0sensa\u00e7\u00e3o t\u00e9rmica\u00a0de\u00a040\u00baC\u00a0na cidade. J\u00e1 a umidade relativa do ar registrou valores baixos pr\u00f3ximos a 30% no per\u00edodo da tarde.<\/p>\n\n\n\n<p>O calor n\u00e3o foi exclusividade de Niter\u00f3i: outras cidades do estado do Rio de Janeiro tamb\u00e9m figuraram entre as 20 mais quentes do Brasil. Destaques incluem:<\/p>\n\n\n\n<ul class=\"wp-block-list\">\n<li>Campos dos Goytacazes, que ocupou a 2\u00aa e 9\u00aa posi\u00e7\u00f5es, com\u00a038,8\u00b0C\u00a0e\u00a037,6\u00b0C;<\/li>\n\n\n\n<li>Rio de Janeiro, em 3\u00ba lugar, com\u00a038,7\u00b0C;<\/li>\n\n\n\n<li>Cambuci\u00a0e\u00a0Silva Jardim, ambos em 5\u00aa e 6\u00aa coloca\u00e7\u00f5es, com\u00a038,4\u00b0C\u00a0cada.<\/li>\n<\/ul>\n\n\n\n<p>De acordo com o\u00a0Centro de Monitoramento e Opera\u00e7\u00f5es da Defesa Civil de Niter\u00f3i, o clima nesta ter\u00e7a-feira (21) deve permanecer t\u00edpico de ver\u00e3o, com\u00a0c\u00e9u claro a parcialmente nublado\u00a0e\u00a0pancadas de chuva isoladas\u00a0\u00e0 tarde.<\/p>\n\n\n\n<p><strong><em>S\u00e3o Gon\u00e7alo vai mudar: Not\u00edcias de S\u00e3o Gon\u00e7alo e toda regi\u00e3o.<\/em><\/strong><\/p>\n\n\n\n<figure class=\"wp-block-image size-large\"><img fetchpriority=\"high\" decoding=\"async\" width=\"1024\" height=\"357\" src=\"https:\/\/sgvaimudar.com.br\/wp-content\/uploads\/2023\/08\/Logo-Provisoria-2-1-1024x357.png\" alt=\"\" class=\"wp-image-2779\" srcset=\"https:\/\/sgvaimudar.com.br\/wp-content\/uploads\/2023\/08\/Logo-Provisoria-2-1-1024x357.png 1024w, https:\/\/sgvaimudar.com.br\/wp-content\/uploads\/2023\/08\/Logo-Provisoria-2-1-300x105.png 300w, https:\/\/sgvaimudar.com.br\/wp-content\/uploads\/2023\/08\/Logo-Provisoria-2-1-768x268.png 768w, https:\/\/sgvaimudar.com.br\/wp-content\/uploads\/2023\/08\/Logo-Provisoria-2-1.png 1470w\" sizes=\"(max-width: 1024px) 100vw, 1024px\" \/><\/figure>\n\n\n\n<p><a href=\"https:\/\/cidadedeniteroi.com\/autor\/cidadedeniteroi\/\"><br><\/a><\/p>\n","protected":false},"excerpt":{"rendered":"<p>Confira os recordes de temperatura e sensa\u00e7\u00e3o t\u00e9rmica alcan\u00e7ados A cidade de Niter\u00f3i, localizada na Regi\u00e3o Metropolitana do Rio de&hellip;<\/p>\n","protected":false},"author":5,"featured_media":19022,"comment_status":"open","ping_status":"open","sticky":false,"template":"","format":"standard","meta":{"fifu_image_url":"","fifu_image_alt":"","footnotes":""},"categories":[4],"tags":[],"class_list":["post-19021","post","type-post","status-publish","format-standard","has-post-thumbnail","hentry","category-brasil"],"_links":{"self":[{"href":"https:\/\/sgvaimudar.com.br\/index.php\/wp-json\/wp\/v2\/posts\/19021","targetHints":{"allow":["GET"]}}],"collection":[{"href":"https:\/\/sgvaimudar.com.br\/index.php\/wp-json\/wp\/v2\/posts"}],"about":[{"href":"https:\/\/sgvaimudar.com.br\/index.php\/wp-json\/wp\/v2\/types\/post"}],"author":[{"embeddable":true,"href":"https:\/\/sgvaimudar.com.br\/index.php\/wp-json\/wp\/v2\/users\/5"}],"replies":[{"embeddable":true,"href":"https:\/\/sgvaimudar.com.br\/index.php\/wp-json\/wp\/v2\/comments?post=19021"}],"version-history":[{"count":1,"href":"https:\/\/sgvaimudar.com.br\/index.php\/wp-json\/wp\/v2\/posts\/19021\/revisions"}],"predecessor-version":[{"id":19023,"href":"https:\/\/sgvaimudar.com.br\/index.php\/wp-json\/wp\/v2\/posts\/19021\/revisions\/19023"}],"wp:featuredmedia":[{"embeddable":true,"href":"https:\/\/sgvaimudar.com.br\/index.php\/wp-json\/wp\/v2\/media\/19022"}],"wp:attachment":[{"href":"https:\/\/sgvaimudar.com.br\/index.php\/wp-json\/wp\/v2\/media?parent=19021"}],"wp:term":[{"taxonomy":"category","embeddable":true,"href":"https:\/\/sgvaimudar.com.br\/index.php\/wp-json\/wp\/v2\/categories?post=19021"},{"taxonomy":"post_tag","embeddable":true,"href":"https:\/\/sgvaimudar.com.br\/index.php\/wp-json\/wp\/v2\/tags?post=19021"}],"curies":[{"name":"wp","href":"https:\/\/api.w.org\/{rel}","templated":true}]}}