{"id":18999,"date":"2025-01-22T12:00:00","date_gmt":"2025-01-22T15:00:00","guid":{"rendered":"https:\/\/sgvaimudar.com.br\/?p=18999"},"modified":"2025-01-22T08:34:34","modified_gmt":"2025-01-22T11:34:34","slug":"cidade-ilustrada-revitaliza-espacos-de-lazer-por-todo-municipio","status":"publish","type":"post","link":"https:\/\/sgvaimudar.com.br\/index.php\/2025\/01\/22\/cidade-ilustrada-revitaliza-espacos-de-lazer-por-todo-municipio\/","title":{"rendered":"Cidade Ilustrada revitaliza espa\u00e7os de lazer por todo munic\u00edpio"},"content":{"rendered":"\n<p><em>Projeto j\u00e1 concluiu mais de 20 pain\u00e9is<\/em>&nbsp;desde 2021<\/p>\n\n\n\n<p>O Projeto Cidade Ilustrada trouxe mais artes e cores para o munic\u00edpio de S\u00e3o Gon\u00e7alo. Mais de 20 pain\u00e9is foram feitos por toda a cidade desde o in\u00edcio do projeto, em 2021, e mais seis est\u00e3o para come\u00e7ar este ano. <\/p>\n\n\n\n<figure class=\"wp-block-image size-full\"><img fetchpriority=\"high\" decoding=\"async\" width=\"934\" height=\"643\" src=\"https:\/\/sgvaimudar.com.br\/wp-content\/uploads\/2025\/01\/unnamed-4-12.jpg\" alt=\"\" class=\"wp-image-19000\" srcset=\"https:\/\/sgvaimudar.com.br\/wp-content\/uploads\/2025\/01\/unnamed-4-12.jpg 934w, https:\/\/sgvaimudar.com.br\/wp-content\/uploads\/2025\/01\/unnamed-4-12-300x207.jpg 300w, https:\/\/sgvaimudar.com.br\/wp-content\/uploads\/2025\/01\/unnamed-4-12-768x529.jpg 768w\" sizes=\"(max-width: 934px) 100vw, 934px\" \/><\/figure>\n\n\n\n<p>O projeto \u00e9 desenvolvido pela Prefeitura de S\u00e3o Gon\u00e7alo e re\u00fane dezenas de artistas locais, sob a curadoria do consagrado artista gon\u00e7alense Marcelo Eco. Atualmente, est\u00e3o sendo feitos diversos pain\u00e9is pela cidade, incluindo um em homenagem ao jogador de futebol Vini Jr., no Centro.<\/p>\n\n\n\n<p>Mais seis pain\u00e9is est\u00e3o em pr\u00e9-produ\u00e7\u00e3o no munic\u00edpio: do grupo de m\u00fasica Os Garotin, no Muvi; o navegador Gon\u00e7alo Gon\u00e7alves, no Centro; al\u00e9m de uma mureta de representatividade negra, no Para\u00edso; um painel Bonde de SG, no Muvi; um painel Rel\u00f3gio de Sol, no Camar\u00e3o; e um na passarela de Vista Alegre.<\/p>\n\n\n\n<figure class=\"wp-block-image size-full\"><img decoding=\"async\" width=\"1024\" height=\"683\" src=\"https:\/\/sgvaimudar.com.br\/wp-content\/uploads\/2025\/01\/unnamed-5-11.jpg\" alt=\"\" class=\"wp-image-19001\" srcset=\"https:\/\/sgvaimudar.com.br\/wp-content\/uploads\/2025\/01\/unnamed-5-11.jpg 1024w, https:\/\/sgvaimudar.com.br\/wp-content\/uploads\/2025\/01\/unnamed-5-11-300x200.jpg 300w, https:\/\/sgvaimudar.com.br\/wp-content\/uploads\/2025\/01\/unnamed-5-11-768x512.jpg 768w\" sizes=\"(max-width: 1024px) 100vw, 1024px\" \/><\/figure>\n\n\n\n<p><strong>Retratos da Hist\u00f3ria<\/strong>&nbsp;&#8211; Em 2021, o Cidade Ilustrada come\u00e7ou a dar forma ao viaduto do Alc\u00e2ntara. Os quatro primeiros pain\u00e9is executados nos pared\u00f5es contam a hist\u00f3ria do munic\u00edpio de S\u00e3o Gon\u00e7alo, exaltando os Tamoios, povos origin\u00e1rios da regi\u00e3o, a vegeta\u00e7\u00e3o e os animais nativos. O trabalho tamb\u00e9m retratou a origem do bairro do Alc\u00e2ntara, com o porto, esta\u00e7\u00e3o de trem, o desenvolvimento da cidade, ind\u00fastria, cana de a\u00e7\u00facar, bonde el\u00e9trico e tudo que remete ao crescimento econ\u00f4mico, al\u00e9m da hist\u00f3rica guerra entre os povos ind\u00edgenas Tupis e Tamoios.<\/p>\n\n\n\n<p>Depois disso, foram feitas pinturas nos viadutos do Coluband\u00ea (2022); de Maria Paula (2022); na Avenida Presidente Roosevelt, \u00e0s margens da RJ-104, e no retorno do tr\u00e1fego no bairro de Marambaia (2022); no viaduto de Tribob\u00f3 (2023); e no do Jardim Catarina (2023), retratando as origens do bairro com desenhos de ind\u00edgenas e da flora local.<\/p>\n\n\n\n<p>O viaduto do Alc\u00e2ntara, no trecho em frente \u00e0 Pra\u00e7a Chico Mendes, recebeu, em 2023, um grafite em homenagem ao ambientalista Chico Mendes, que retrata a fauna brasileira. Passarelas, como a do Arsenal (2023) e do Coelho (2023), tamb\u00e9m receberam desenhos abstratos e de tulipas do Cidade Ilustrada.<\/p>\n\n\n\n<p><strong>Pra\u00e7as-<\/strong>&nbsp;Nas pra\u00e7as, um painel do Cidade Ilustrada foi feito na Pra\u00e7a Jornalista Valfrido Rocha, no Jardim Catarina (2022), com desenhos que representam as diferentes gera\u00e7\u00f5es de mulheres trabalhadoras do bairro; um mural que representa o esporte, a natureza e a cultura local foi feito na Pra\u00e7a do Barenco, no Boa\u00e7u (2022); a Pra\u00e7a Lagoa Seca, no Laranjal (2022), tamb\u00e9m recebeu um painel buscando demonstrar a influ\u00eancia dos movimentos da natureza.<\/p>\n\n\n\n<p>Um pared\u00e3o recebeu o colorido do Cidade Ilustrada na Praia das Pedrinhas, \u00e0s margens da BR-101, al\u00e9m da pra\u00e7a da regi\u00e3o, em 2023. O projeto investiu em tons de amarelo, laranja, roxo e lil\u00e1s, com desenhos que lembram a cultura local, como a beleza do famoso p\u00f4r do sol, peixes, pescadores e caranguejos.<\/p>\n\n\n\n<p>A Pra\u00e7a Vereador Josias dos Santos Muniz, mais conhecida como Pra\u00e7a da Lagoinha (2024), foi revitalizada e recebeu um painel que explora brincadeiras de ruas muito comuns antigamente, como carrinho de rolim\u00e3, brincadeira do taco, bambol\u00ea, pi\u00e3o e outras. Desenhos do Cidade Ilustrada tamb\u00e9m transformaram a Pra\u00e7a do Coluband\u00ea (2024).<\/p>\n\n\n\n<p><strong>Cores nas unidades de sa\u00fade<\/strong>&nbsp;&#8211; Em 2024, unidades de sa\u00fade come\u00e7aram a receber o projeto. Desenhos de animais, plantas e cores embelezaram a Unidade Municipal de Pronto Atendimento (Umpa) do Pacheco, al\u00e9m do Pronto Socorro Infantil Darcy Vargas (PSI), no Z\u00e9 Garoto. O Centro de Atendimento Veterin\u00e1rio Municipal (Cavem) do Alc\u00e2ntara, inaugurado em 2024, tamb\u00e9m recebeu interven\u00e7\u00f5es art\u00edsticas do projeto.<\/p>\n\n\n\n<p><strong>MUVI<\/strong>\u00a0&#8211; Diversos pain\u00e9is foram feitos no trecho do corredor vi\u00e1rio Muvi, nos trechos 1, 2 e 3, que est\u00e3o com as obras mais desenvolvidas. Entre os temas retratados, o p\u00f4r do sol das Pedrinhas, os meios de locomo\u00e7\u00e3o, como a bicicleta; os povos ind\u00edgenas.<\/p>\n\n\n\n<p><strong>Ecoponto<\/strong>&nbsp;&#8211; O Ecoponto do Barro Vermelho, inaugurado em 2023, tamb\u00e9m recebeu interven\u00e7\u00f5es art\u00edsticas do Cidade Ilustrada.<\/p>\n\n\n\n<p><strong>Murais<\/strong>&nbsp;&#8211; A Secretaria de Conserva\u00e7\u00e3o revitalizou, em 2024, uma \u00e1rea na Estrada de Santa Izabel, mais especificamente na localidade conhecida como Cafuca. Com isso, a Cidade Ilustrada fez um painel grafitado com s\u00edmbolos da natureza, como borboletas e flores.<\/p>\n\n\n\n<p>No final do ano de 2024, foi feito um painel do Cidade Ilustrada na Rua Maur\u00edcio de Abreu, em Neves. \u00c9 que, al\u00e9m de estarem sendo criadas vagas de estacionamento e uma parte da rua ter sido pavimentada, um novo mural do projeto Cidade Ilustrada foi desenvolvido no espa\u00e7o, com desenhos de representa\u00e7\u00f5es da natureza, flores e borboletas.<\/p>\n\n\n\n<p>Em dezembro de 2024, a Prefeitura iniciou a marca\u00e7\u00e3o de pintura para o painel do Vini Jr., cria do Porto do Rosa e eleito o melhor jogador do mundo pelo Fifa The Best 2024. O mural ir\u00e1 mostrar todas as fases da carreira do \u00eddolo mundial do futebol.<\/p>\n\n\n\n<p><strong>Curso de grafiteiros<\/strong>\u00a0&#8211; No final de 2024, o artista pl\u00e1stico gon\u00e7alense Marcelo Eco, cuidou da coordena\u00e7\u00e3o da primeira turma do curso de grafiteiros de S\u00e3o Gon\u00e7alo. O curso foi ministrado pelo grafiteiro William Kot\u00f3. Durante dois meses, os alunos aprenderam sobre t\u00e9cnicas de grafite, desenho t\u00e9cnico, t\u00e9cnicas de muralismo, al\u00e9m de aulas pr\u00e1ticas.<\/p>\n\n\n\n<p><strong><em>S\u00e3o Gon\u00e7alo vai mudar: Not\u00edcias de S\u00e3o Gon\u00e7alo e toda regi\u00e3o.<\/em><\/strong><\/p>\n\n\n\n<figure class=\"wp-block-image size-full\"><img decoding=\"async\" width=\"317\" height=\"110\" src=\"https:\/\/sgvaimudar.com.br\/wp-content\/uploads\/2023\/08\/cropped-Logo-Provisoria-2-2.png\" alt=\"\" class=\"wp-image-2782\" srcset=\"https:\/\/sgvaimudar.com.br\/wp-content\/uploads\/2023\/08\/cropped-Logo-Provisoria-2-2.png 317w, https:\/\/sgvaimudar.com.br\/wp-content\/uploads\/2023\/08\/cropped-Logo-Provisoria-2-2-300x104.png 300w\" sizes=\"(max-width: 317px) 100vw, 317px\" \/><\/figure>\n","protected":false},"excerpt":{"rendered":"<p>Projeto j\u00e1 concluiu mais de 20 pain\u00e9is&nbsp;desde 2021 O Projeto Cidade Ilustrada trouxe mais artes e cores para o munic\u00edpio&hellip;<\/p>\n","protected":false},"author":5,"featured_media":19002,"comment_status":"open","ping_status":"open","sticky":false,"template":"","format":"standard","meta":{"fifu_image_url":"","fifu_image_alt":"","footnotes":""},"categories":[3],"tags":[],"class_list":["post-18999","post","type-post","status-publish","format-standard","has-post-thumbnail","hentry","category-sao-goncalo"],"_links":{"self":[{"href":"https:\/\/sgvaimudar.com.br\/index.php\/wp-json\/wp\/v2\/posts\/18999","targetHints":{"allow":["GET"]}}],"collection":[{"href":"https:\/\/sgvaimudar.com.br\/index.php\/wp-json\/wp\/v2\/posts"}],"about":[{"href":"https:\/\/sgvaimudar.com.br\/index.php\/wp-json\/wp\/v2\/types\/post"}],"author":[{"embeddable":true,"href":"https:\/\/sgvaimudar.com.br\/index.php\/wp-json\/wp\/v2\/users\/5"}],"replies":[{"embeddable":true,"href":"https:\/\/sgvaimudar.com.br\/index.php\/wp-json\/wp\/v2\/comments?post=18999"}],"version-history":[{"count":1,"href":"https:\/\/sgvaimudar.com.br\/index.php\/wp-json\/wp\/v2\/posts\/18999\/revisions"}],"predecessor-version":[{"id":19003,"href":"https:\/\/sgvaimudar.com.br\/index.php\/wp-json\/wp\/v2\/posts\/18999\/revisions\/19003"}],"wp:featuredmedia":[{"embeddable":true,"href":"https:\/\/sgvaimudar.com.br\/index.php\/wp-json\/wp\/v2\/media\/19002"}],"wp:attachment":[{"href":"https:\/\/sgvaimudar.com.br\/index.php\/wp-json\/wp\/v2\/media?parent=18999"}],"wp:term":[{"taxonomy":"category","embeddable":true,"href":"https:\/\/sgvaimudar.com.br\/index.php\/wp-json\/wp\/v2\/categories?post=18999"},{"taxonomy":"post_tag","embeddable":true,"href":"https:\/\/sgvaimudar.com.br\/index.php\/wp-json\/wp\/v2\/tags?post=18999"}],"curies":[{"name":"wp","href":"https:\/\/api.w.org\/{rel}","templated":true}]}}