{"id":18991,"date":"2025-01-22T11:00:00","date_gmt":"2025-01-22T14:00:00","guid":{"rendered":"https:\/\/sgvaimudar.com.br\/?p=18991"},"modified":"2025-01-22T08:01:54","modified_gmt":"2025-01-22T11:01:54","slug":"obras-de-macrodrenagem-na-avenida-paula-lemos-avancam","status":"publish","type":"post","link":"https:\/\/sgvaimudar.com.br\/index.php\/2025\/01\/22\/obras-de-macrodrenagem-na-avenida-paula-lemos-avancam\/","title":{"rendered":"Obras de macrodrenagem na Avenida Paula Lemos avan\u00e7am"},"content":{"rendered":"\n<p><em>Aten\u00e7\u00e3o motoristas tr\u00e2nsito sofre interdi\u00e7\u00e3o para instala\u00e7\u00e3o de manilhas<\/em><\/p>\n\n\n\n<p>As obras de macrodrenagem nos bairros Mutu\u00e1, Mutuagua\u00e7u e Porto do Rosa seguem progredindo. Nesta ter\u00e7a-feira (21), manilhas est\u00e3o sendo instaladas na Avenida Paula Lemos, no Mutu\u00e1, para facilitar o escoamento das \u00e1guas das chuvas. Ao todo, 16 vias na regi\u00e3o receber\u00e3o drenagem e nova pavimenta\u00e7\u00e3o.<\/p>\n\n\n\n<figure class=\"wp-block-image size-full\"><img fetchpriority=\"high\" decoding=\"async\" width=\"1024\" height=\"683\" src=\"https:\/\/sgvaimudar.com.br\/wp-content\/uploads\/2025\/01\/unnamed-2-16.jpg\" alt=\"\" class=\"wp-image-18992\" srcset=\"https:\/\/sgvaimudar.com.br\/wp-content\/uploads\/2025\/01\/unnamed-2-16.jpg 1024w, https:\/\/sgvaimudar.com.br\/wp-content\/uploads\/2025\/01\/unnamed-2-16-300x200.jpg 300w, https:\/\/sgvaimudar.com.br\/wp-content\/uploads\/2025\/01\/unnamed-2-16-768x512.jpg 768w\" sizes=\"(max-width: 1024px) 100vw, 1024px\" \/><\/figure>\n\n\n\n<p>O comerciante e morador do bairro Mutu\u00e1, Fabricio de Brito, de 58 anos, destacou a import\u00e2ncia das interven\u00e7\u00f5es na localidade.<\/p>\n\n\n\n<p>&#8220;Quando chove, aqui fica um rio, j\u00e1 entrou \u00e1gua dentro dos estabelecimentos, trazendo preju\u00edzo para os comerciantes. Pelo que estou vendo, essas obras t\u00eam grande valia, pois v\u00e3o acabar com esses alagamentos cr\u00f4nicos. N\u00f3s, moradores, estamos ansiosos por um resultado positivo&#8221;, afirmou o comerciante.<\/p>\n\n\n\n<p>As interven\u00e7\u00f5es, que v\u00eam sendo feitas pela Secretaria de Desenvolvimento Urbano da Prefeitura de S\u00e3o Gon\u00e7alo, est\u00e3o recebendo um investimento de R$ 38 milh\u00f5es e v\u00e3o beneficiar mais de 10 mil gon\u00e7alenses, entre moradores e pessoas que circulam pela regi\u00e3o.<\/p>\n\n\n\n<p>As 16 vias em transforma\u00e7\u00e3o s\u00e3o: Avenida Paula Lemos (parte) e ruas General Canrobert, Professor Altivo (parte), Padre Nicolau Lu\u00edz, Lib\u00f3rio Viana, \u00c1lvaro Costa, David Alves, Ismael Passos, Cust\u00f3dio Duarte, Capit\u00e3o Crisanto Bastos, Ricardo Jorge, Guimar\u00e3es Passos, Diogo Pereira, Fernandes Mendon\u00e7a, In\u00e1cio Feij\u00f3 e uma via sem nome.<\/p>\n\n\n\n<p>O pacote de obras, que ir\u00e1 englobar mais de 3,8 quil\u00f4metros de extens\u00e3o, integra o eixo Cidade Bem Cuidada e Organizada do Plano Estrat\u00e9gico Novos Rumos, elaborado pela Secretaria de Gest\u00e3o Integrada e Projetos Especiais (Semgipe). A regi\u00e3o sempre sofreu com problemas cr\u00f4nicos de alagamentos e agora est\u00e1 sendo refeito o sistema de escoamento da \u00e1gua at\u00e9 a Ba\u00eda de Guanabara.<\/p>\n\n\n\n<p><em>Fotos: Fabio Guimar\u00e3e<\/em>s<\/p>\n\n\n\n<p><strong><em>S\u00e3o Gon\u00e7alo vai mudar: Not\u00edcias de S\u00e3o Gon\u00e7alo e toda regi\u00e3o.<\/em><\/strong><\/p>\n\n\n\n<figure class=\"wp-block-image size-full\"><img decoding=\"async\" width=\"317\" height=\"110\" src=\"https:\/\/sgvaimudar.com.br\/wp-content\/uploads\/2023\/08\/cropped-Logo-Provisoria-2-2.png\" alt=\"\" class=\"wp-image-2782\" srcset=\"https:\/\/sgvaimudar.com.br\/wp-content\/uploads\/2023\/08\/cropped-Logo-Provisoria-2-2.png 317w, https:\/\/sgvaimudar.com.br\/wp-content\/uploads\/2023\/08\/cropped-Logo-Provisoria-2-2-300x104.png 300w\" sizes=\"(max-width: 317px) 100vw, 317px\" \/><\/figure>\n","protected":false},"excerpt":{"rendered":"<p>Aten\u00e7\u00e3o motoristas tr\u00e2nsito sofre interdi\u00e7\u00e3o para instala\u00e7\u00e3o de manilhas As obras de macrodrenagem nos bairros Mutu\u00e1, Mutuagua\u00e7u e Porto do&hellip;<\/p>\n","protected":false},"author":5,"featured_media":18993,"comment_status":"open","ping_status":"open","sticky":false,"template":"","format":"standard","meta":{"fifu_image_url":"","fifu_image_alt":"","footnotes":""},"categories":[3],"tags":[],"class_list":["post-18991","post","type-post","status-publish","format-standard","has-post-thumbnail","hentry","category-sao-goncalo"],"_links":{"self":[{"href":"https:\/\/sgvaimudar.com.br\/index.php\/wp-json\/wp\/v2\/posts\/18991","targetHints":{"allow":["GET"]}}],"collection":[{"href":"https:\/\/sgvaimudar.com.br\/index.php\/wp-json\/wp\/v2\/posts"}],"about":[{"href":"https:\/\/sgvaimudar.com.br\/index.php\/wp-json\/wp\/v2\/types\/post"}],"author":[{"embeddable":true,"href":"https:\/\/sgvaimudar.com.br\/index.php\/wp-json\/wp\/v2\/users\/5"}],"replies":[{"embeddable":true,"href":"https:\/\/sgvaimudar.com.br\/index.php\/wp-json\/wp\/v2\/comments?post=18991"}],"version-history":[{"count":1,"href":"https:\/\/sgvaimudar.com.br\/index.php\/wp-json\/wp\/v2\/posts\/18991\/revisions"}],"predecessor-version":[{"id":18994,"href":"https:\/\/sgvaimudar.com.br\/index.php\/wp-json\/wp\/v2\/posts\/18991\/revisions\/18994"}],"wp:featuredmedia":[{"embeddable":true,"href":"https:\/\/sgvaimudar.com.br\/index.php\/wp-json\/wp\/v2\/media\/18993"}],"wp:attachment":[{"href":"https:\/\/sgvaimudar.com.br\/index.php\/wp-json\/wp\/v2\/media?parent=18991"}],"wp:term":[{"taxonomy":"category","embeddable":true,"href":"https:\/\/sgvaimudar.com.br\/index.php\/wp-json\/wp\/v2\/categories?post=18991"},{"taxonomy":"post_tag","embeddable":true,"href":"https:\/\/sgvaimudar.com.br\/index.php\/wp-json\/wp\/v2\/tags?post=18991"}],"curies":[{"name":"wp","href":"https:\/\/api.w.org\/{rel}","templated":true}]}}