{"id":18963,"date":"2025-01-21T19:00:00","date_gmt":"2025-01-21T22:00:00","guid":{"rendered":"https:\/\/sgvaimudar.com.br\/?p=18963"},"modified":"2025-01-21T11:13:00","modified_gmt":"2025-01-21T14:13:00","slug":"projeto-grael-abre-matriculas-para-novos-alunos-nas-unidades-de-niteroi-e-mangaratiba","status":"publish","type":"post","link":"https:\/\/sgvaimudar.com.br\/index.php\/2025\/01\/21\/projeto-grael-abre-matriculas-para-novos-alunos-nas-unidades-de-niteroi-e-mangaratiba\/","title":{"rendered":"Projeto Grael abre matr\u00edculas para novos alunos nas unidades de Niter\u00f3i e Mangaratiba"},"content":{"rendered":"\n<p><em>Estudantes podem se matricular at\u00e9 o dia 31 de janeiro<\/em><\/p>\n\n\n\n<p>Est\u00e3o abertas as matr\u00edculas para mais um semestre no Projeto Grael. Com atividades gratuitas, o instituto oferece aulas de nata\u00e7\u00e3o, vela, canoagem, al\u00e9m de oficinas&nbsp;profissionalizantes nas \u00e1reas de fibra de vidro, eletroeletr\u00f4nica, carpintaria, capotaria, mec\u00e2nica a diesel, mec\u00e2nica de popa e energia solar, com foco na capacita\u00e7\u00e3o para o mercado de trabalho no setor n\u00e1utico.<\/p>\n\n\n\n<p>As inscri\u00e7\u00f5es para o Projeto Grael, que s\u00e3o limitadas, acontecem at\u00e9 o dia 31 deste m\u00eas, e devem ser realizadas presencialmente nas unidades de Niter\u00f3i (<a href=\"https:\/\/www.google.com\/maps\/search\/Av.+Carlos+Ermelindo+Marins,+n%C2%BA+494+-+Jurujuba?entry=gmail&amp;source=g\" target=\"_blank\" rel=\"noreferrer noopener\">Av. Carlos Ermelindo Marins, n\u00ba 494 &#8211; Jurujuba<\/a>) e&nbsp;<a href=\"https:\/\/www.google.com\/maps\/search\/Mangaratiba+(Av.+Beira+Mar,+n%C2%BA+1000+-+Muriqui?entry=gmail&amp;source=g\" target=\"_blank\" rel=\"noreferrer noopener\">Mangaratiba (Av. Beira Mar, n\u00ba 1000 &#8211; Muriqui<\/a>), de segunda a sexta, das 8h \u00e0s 16h.<\/p>\n\n\n\n<p>Podem se matricular jovens de 9 a 29 anos que estejam matriculados ou tenham conclu\u00eddo o ensino m\u00e9dio em escolas p\u00fablicas. \u00c9 necess\u00e1rio apresentar atestado m\u00e9dico v\u00e1lido para a pr\u00e1tica de atividades f\u00edsicas.<\/p>\n\n\n\n<p>Para efetuar a matr\u00edcula, os interessados devem comparecer a uma das unidades levando RG ou certid\u00e3o de nascimento, CPF, comprovante de resid\u00eancia, declara\u00e7\u00e3o escolar de 2025, atestado m\u00e9dico de 2025 e n\u00famero do Cad\u00danico, caso possuam. Menores de idade devem estar acompanhados de um respons\u00e1vel, que tamb\u00e9m precisa apresentar CPF e RG.Mais informa\u00e7\u00f5es podem ser obtidas pelas redes sociais (@projetograel) ou pelos telefones (21) 97253-1909 e (21) 97253-6945.<\/p>\n\n\n\n<p><strong><em>S\u00e3o Gon\u00e7alo vai mudar: Not\u00edcias de S\u00e3o Gon\u00e7alo e toda regi\u00e3o.<\/em><\/strong><\/p>\n\n\n\n<figure class=\"wp-block-image size-full\"><img decoding=\"async\" width=\"317\" height=\"110\" src=\"https:\/\/sgvaimudar.com.br\/wp-content\/uploads\/2023\/08\/cropped-Logo-Provisoria-2-2.png\" alt=\"\" class=\"wp-image-2782\" srcset=\"https:\/\/sgvaimudar.com.br\/wp-content\/uploads\/2023\/08\/cropped-Logo-Provisoria-2-2.png 317w, https:\/\/sgvaimudar.com.br\/wp-content\/uploads\/2023\/08\/cropped-Logo-Provisoria-2-2-300x104.png 300w\" sizes=\"(max-width: 317px) 100vw, 317px\" \/><\/figure>\n","protected":false},"excerpt":{"rendered":"<p>cr\u00e9ditos Nath\u00e1lia Lug\u00e3o<\/p>\n","protected":false},"author":5,"featured_media":18964,"comment_status":"open","ping_status":"open","sticky":false,"template":"","format":"standard","meta":{"fifu_image_url":"","fifu_image_alt":"","footnotes":""},"categories":[34],"tags":[],"class_list":["post-18963","post","type-post","status-publish","format-standard","has-post-thumbnail","hentry","category-niteroi"],"_links":{"self":[{"href":"https:\/\/sgvaimudar.com.br\/index.php\/wp-json\/wp\/v2\/posts\/18963","targetHints":{"allow":["GET"]}}],"collection":[{"href":"https:\/\/sgvaimudar.com.br\/index.php\/wp-json\/wp\/v2\/posts"}],"about":[{"href":"https:\/\/sgvaimudar.com.br\/index.php\/wp-json\/wp\/v2\/types\/post"}],"author":[{"embeddable":true,"href":"https:\/\/sgvaimudar.com.br\/index.php\/wp-json\/wp\/v2\/users\/5"}],"replies":[{"embeddable":true,"href":"https:\/\/sgvaimudar.com.br\/index.php\/wp-json\/wp\/v2\/comments?post=18963"}],"version-history":[{"count":1,"href":"https:\/\/sgvaimudar.com.br\/index.php\/wp-json\/wp\/v2\/posts\/18963\/revisions"}],"predecessor-version":[{"id":18965,"href":"https:\/\/sgvaimudar.com.br\/index.php\/wp-json\/wp\/v2\/posts\/18963\/revisions\/18965"}],"wp:featuredmedia":[{"embeddable":true,"href":"https:\/\/sgvaimudar.com.br\/index.php\/wp-json\/wp\/v2\/media\/18964"}],"wp:attachment":[{"href":"https:\/\/sgvaimudar.com.br\/index.php\/wp-json\/wp\/v2\/media?parent=18963"}],"wp:term":[{"taxonomy":"category","embeddable":true,"href":"https:\/\/sgvaimudar.com.br\/index.php\/wp-json\/wp\/v2\/categories?post=18963"},{"taxonomy":"post_tag","embeddable":true,"href":"https:\/\/sgvaimudar.com.br\/index.php\/wp-json\/wp\/v2\/tags?post=18963"}],"curies":[{"name":"wp","href":"https:\/\/api.w.org\/{rel}","templated":true}]}}