{"id":18958,"date":"2025-01-21T17:00:00","date_gmt":"2025-01-21T20:00:00","guid":{"rendered":"https:\/\/sgvaimudar.com.br\/?p=18958"},"modified":"2025-01-21T11:01:24","modified_gmt":"2025-01-21T14:01:24","slug":"em-itaborai-casa-de-cultura-heloisa-alberto-torres-abre-programacao-de-2025","status":"publish","type":"post","link":"https:\/\/sgvaimudar.com.br\/index.php\/2025\/01\/21\/em-itaborai-casa-de-cultura-heloisa-alberto-torres-abre-programacao-de-2025\/","title":{"rendered":"Em Itabora\u00ed, Casa de Cultura Helo\u00edsa Alberto Torres abre programa\u00e7\u00e3o de 2025"},"content":{"rendered":"\n<p><em>O subsecret\u00e1rio de Cultura e gestor da CCHAT, Alan Mota, celebrou o retorno das atividades culturais<\/em><\/p>\n\n\n\n<p>A Casa de Cultura Helo\u00edsa Alberto Torres (CCHAT) inicia sua programa\u00e7\u00e3o cultural de 2025 em grande estilo. Na pr\u00f3xima ter\u00e7a-feira (21\/01), o espa\u00e7o abre suas portas com a exposi\u00e7\u00e3o \u201cComo a reciclagem faz bem ao meio ambiente\u201d, de Luiz Frias, e d\u00e1 in\u00edcio a uma semana recheada de atividades gratuitas.<\/p>\n\n\n\n<figure class=\"wp-block-image size-large\"><img fetchpriority=\"high\" decoding=\"async\" width=\"1024\" height=\"768\" src=\"https:\/\/sgvaimudar.com.br\/wp-content\/uploads\/2025\/01\/Casa-de-Cultura-Heloisa-Alberto-Torres-abre-programacao-de-2025-1024x768.jpeg\" alt=\"\" class=\"wp-image-18959\" srcset=\"https:\/\/sgvaimudar.com.br\/wp-content\/uploads\/2025\/01\/Casa-de-Cultura-Heloisa-Alberto-Torres-abre-programacao-de-2025-1024x768.jpeg 1024w, https:\/\/sgvaimudar.com.br\/wp-content\/uploads\/2025\/01\/Casa-de-Cultura-Heloisa-Alberto-Torres-abre-programacao-de-2025-300x225.jpeg 300w, https:\/\/sgvaimudar.com.br\/wp-content\/uploads\/2025\/01\/Casa-de-Cultura-Heloisa-Alberto-Torres-abre-programacao-de-2025-768x576.jpeg 768w, https:\/\/sgvaimudar.com.br\/wp-content\/uploads\/2025\/01\/Casa-de-Cultura-Heloisa-Alberto-Torres-abre-programacao-de-2025-1536x1152.jpeg 1536w, https:\/\/sgvaimudar.com.br\/wp-content\/uploads\/2025\/01\/Casa-de-Cultura-Heloisa-Alberto-Torres-abre-programacao-de-2025.jpeg 1600w\" sizes=\"(max-width: 1024px) 100vw, 1024px\" \/><\/figure>\n\n\n\n<p>Ainda na ter\u00e7a, logo ap\u00f3s a abertura da exposi\u00e7\u00e3o, o p\u00fablico poder\u00e1 prestigiar o show \u201cDois na Arte\u201d, com a cantora Bel Ferrat e o maestro Ivan Cid. Contemplado pelo edital da Pol\u00edtica Nacional Aldir Blanc (PNAB), o projeto une a voz marcante de Bel \u00e0 experi\u00eancia musical de Ivan, um dos principais nomes da m\u00fasica em Itabora\u00ed.<\/p>\n\n\n\n<p>Na sexta-feira (24\/01), ser\u00e1 inaugurada a exposi\u00e7\u00e3o \u201cArtes em Croch\u00ea\u201d, da artes\u00e3 Luciene Cavalcanti Barreto. Reconhecida por seu trabalho em croch\u00ea, Luciene traz pe\u00e7as que representam sua trajet\u00f3ria no artesanato. O evento ser\u00e1 seguido de uma apresenta\u00e7\u00e3o ao vivo do Duo Pa\u00edz, que promete emocionar o p\u00fablico com cl\u00e1ssicos da MPB.<\/p>\n\n\n\n<p>O s\u00e1bado (25\/01) reserva um encerramento especial para a semana cultural. A Casa de Cultura volta a abrir das 17h \u00e0s 21h com a Edi\u00e7\u00e3o Especial do Sarau (Uni)versos Livres, que ter\u00e1 como tema \u201cItabora\u00ed\u201d. O evento inclui roda de conversa, apresenta\u00e7\u00f5es po\u00e9ticas, conta\u00e7\u00e3o de hist\u00f3rias e artesanato. Nomes como Pedro Garrido, criador do sarau, e o historiador Paulo Maia est\u00e3o entre os convidados.<\/p>\n\n\n\n<p>O subsecret\u00e1rio de Cultura e gestor da CCHAT, Alan Mota, celebra o retorno das atividades culturais.<\/p>\n\n\n\n<p>\u201c\u00c9 um momento de promover o encontro entre artistas e p\u00fablico. A Casa est\u00e1 linda, com nova identidade visual, um jardim revitalizado, visita\u00e7\u00e3o ao acervo da fam\u00edlia Alberto Torres e muitas atra\u00e7\u00f5es. Tudo isso de forma gratuita\u201d, destaca Alan.<\/p>\n\n\n\n<p>A programa\u00e7\u00e3o tamb\u00e9m inclui o retorno da oficina de Arte em Barro e novidades sobre o acervo hist\u00f3rico da Casa.<\/p>\n\n\n\n<p><strong>Servi\u00e7o<\/strong><br>Abertura das programa\u00e7\u00f5es de 2025 da Casa de Cultura Helo\u00edsa Alberto Torres.<br><strong>Data<\/strong>: 21 de janeiro<br><strong>Hor\u00e1rio<\/strong>: 17h<br><strong>Local<\/strong>: Pra\u00e7a Marechal Floriano Peixoto, 303, Centro, aberta de ter\u00e7a \u00e0 s\u00e1bado<br><strong>Contato<\/strong>: (21) 98958-8727 (Whatsapp) \/ (21) 2635-4291.<\/p>\n\n\n\n<p><strong><em>S\u00e3o Gon\u00e7alo vai mudar: Not\u00edcias de S\u00e3o Gon\u00e7alo e toda regi\u00e3o.<\/em><\/strong><\/p>\n\n\n\n<figure class=\"wp-block-image size-large\"><img decoding=\"async\" width=\"1024\" height=\"357\" src=\"https:\/\/sgvaimudar.com.br\/wp-content\/uploads\/2023\/08\/Logo-Provisoria-2-1-1024x357.png\" alt=\"\" class=\"wp-image-2779\" srcset=\"https:\/\/sgvaimudar.com.br\/wp-content\/uploads\/2023\/08\/Logo-Provisoria-2-1-1024x357.png 1024w, https:\/\/sgvaimudar.com.br\/wp-content\/uploads\/2023\/08\/Logo-Provisoria-2-1-300x105.png 300w, https:\/\/sgvaimudar.com.br\/wp-content\/uploads\/2023\/08\/Logo-Provisoria-2-1-768x268.png 768w, https:\/\/sgvaimudar.com.br\/wp-content\/uploads\/2023\/08\/Logo-Provisoria-2-1.png 1470w\" sizes=\"(max-width: 1024px) 100vw, 1024px\" \/><\/figure>\n","protected":false},"excerpt":{"rendered":"<p>O subsecret\u00e1rio de Cultura e gestor da CCHAT, Alan Mota, celebrou o retorno das atividades culturais A Casa de Cultura&hellip;<\/p>\n","protected":false},"author":5,"featured_media":16763,"comment_status":"open","ping_status":"open","sticky":false,"template":"","format":"standard","meta":{"fifu_image_url":"","fifu_image_alt":"","footnotes":""},"categories":[6],"tags":[],"class_list":["post-18958","post","type-post","status-publish","format-standard","has-post-thumbnail","hentry","category-entretenimento"],"_links":{"self":[{"href":"https:\/\/sgvaimudar.com.br\/index.php\/wp-json\/wp\/v2\/posts\/18958","targetHints":{"allow":["GET"]}}],"collection":[{"href":"https:\/\/sgvaimudar.com.br\/index.php\/wp-json\/wp\/v2\/posts"}],"about":[{"href":"https:\/\/sgvaimudar.com.br\/index.php\/wp-json\/wp\/v2\/types\/post"}],"author":[{"embeddable":true,"href":"https:\/\/sgvaimudar.com.br\/index.php\/wp-json\/wp\/v2\/users\/5"}],"replies":[{"embeddable":true,"href":"https:\/\/sgvaimudar.com.br\/index.php\/wp-json\/wp\/v2\/comments?post=18958"}],"version-history":[{"count":1,"href":"https:\/\/sgvaimudar.com.br\/index.php\/wp-json\/wp\/v2\/posts\/18958\/revisions"}],"predecessor-version":[{"id":18960,"href":"https:\/\/sgvaimudar.com.br\/index.php\/wp-json\/wp\/v2\/posts\/18958\/revisions\/18960"}],"wp:featuredmedia":[{"embeddable":true,"href":"https:\/\/sgvaimudar.com.br\/index.php\/wp-json\/wp\/v2\/media\/16763"}],"wp:attachment":[{"href":"https:\/\/sgvaimudar.com.br\/index.php\/wp-json\/wp\/v2\/media?parent=18958"}],"wp:term":[{"taxonomy":"category","embeddable":true,"href":"https:\/\/sgvaimudar.com.br\/index.php\/wp-json\/wp\/v2\/categories?post=18958"},{"taxonomy":"post_tag","embeddable":true,"href":"https:\/\/sgvaimudar.com.br\/index.php\/wp-json\/wp\/v2\/tags?post=18958"}],"curies":[{"name":"wp","href":"https:\/\/api.w.org\/{rel}","templated":true}]}}