{"id":18939,"date":"2025-01-21T12:01:00","date_gmt":"2025-01-21T15:01:00","guid":{"rendered":"https:\/\/sgvaimudar.com.br\/?p=18939"},"modified":"2025-01-21T09:46:06","modified_gmt":"2025-01-21T12:46:06","slug":"goncalenses-aprovam-pracas-revitalizadas-no-pontal-e-no-porto-do-rosa","status":"publish","type":"post","link":"https:\/\/sgvaimudar.com.br\/index.php\/2025\/01\/21\/goncalenses-aprovam-pracas-revitalizadas-no-pontal-e-no-porto-do-rosa\/","title":{"rendered":"Gon\u00e7alenses aprovam pra\u00e7as revitalizadas no Pontal e no Porto do Rosa"},"content":{"rendered":"\n<p><em>\u00c1reas de lazer passaram por mudan\u00e7as atrav\u00e9s do programa Pra\u00e7a Renovada<\/em><\/p>\n\n\n\n<p>Os moradores do Pontal e do Porto do Rosa est\u00e3o rindo \u00e0 toa. \u00c9 que o programa Pra\u00e7a Renovada da Prefeitura de S\u00e3o Gon\u00e7alo revitalizou mais duas \u00e1reas de lazer nestes locais. Os espa\u00e7os possuem novos brinquedos para crian\u00e7as, canteiros e pintura, dentre outras novidades. <\/p>\n\n\n\n<p>Segundo a Prefeitura, a pra\u00e7a do Porto do Rosa ainda teve a quadra poliesportiva revitalizada. &#8220;Com essa duas \u00e1reas de lazer, o Pra\u00e7a Renovada j\u00e1 transformou 18 espa\u00e7os no munic\u00edpio, dando mais qualidade de vida para a popula\u00e7\u00e3o&#8221;, informou o poder p\u00fablico na nota.<\/p>\n\n\n\n<figure class=\"wp-block-image size-large\"><img fetchpriority=\"high\" decoding=\"async\" width=\"1024\" height=\"576\" src=\"https:\/\/sgvaimudar.com.br\/wp-content\/uploads\/2025\/01\/unnamed-3-11-1024x576.jpg\" alt=\"\" class=\"wp-image-18940\" srcset=\"https:\/\/sgvaimudar.com.br\/wp-content\/uploads\/2025\/01\/unnamed-3-11-1024x576.jpg 1024w, https:\/\/sgvaimudar.com.br\/wp-content\/uploads\/2025\/01\/unnamed-3-11-300x169.jpg 300w, https:\/\/sgvaimudar.com.br\/wp-content\/uploads\/2025\/01\/unnamed-3-11-768x432.jpg 768w, https:\/\/sgvaimudar.com.br\/wp-content\/uploads\/2025\/01\/unnamed-3-11.jpg 1280w\" sizes=\"(max-width: 1024px) 100vw, 1024px\" \/><\/figure>\n\n\n\n<p>Al\u00e9m dos novos equipamentos, ambas as pra\u00e7as contam com canteiros para valorizar a jardinagem no munic\u00edpio. O trabalho de plantio e cuidado com as mudas plantadas \u00e9 feito pela Subsecretaria de Parques e Jardins.<\/p>\n\n\n\n<p>O secret\u00e1rio de Conserva\u00e7\u00e3o, Edson Leal, destacou a import\u00e2ncia da revitaliza\u00e7\u00e3o das \u00e1reas de lazer.<\/p>\n\n\n\n<p>&#8220;J\u00e1 transformamos 18 \u00e1reas de lazer com o Pra\u00e7a Renovada. Rotineiramente, as equipes tamb\u00e9m atuam com a jardinagem das pra\u00e7as, buscando preservar o verde no nosso munic\u00edpio. O projeto vem transformando espa\u00e7os que n\u00e3o viam revitaliza\u00e7\u00f5es h\u00e1 muito tempo. Trocamos diversos brinquedos quebrados e realizamos v\u00e1rias interven\u00e7\u00f5es art\u00edsticas nesses espa\u00e7os. O feedback da popula\u00e7\u00e3o, inclusive, tem sido primordial para que possamos confirmar que as revitaliza\u00e7\u00f5es nessas \u00e1reas gratuitas de lazer est\u00e3o dando certo&#8221;, disse.<\/p>\n\n\n\n<p>Wilson Silva Queiroz, de 58 anos, \u00e9 comerciante e morador do Pontal. Ele trabalha pr\u00f3ximo \u00e0 pra\u00e7a revitalizada e afirma que a popula\u00e7\u00e3o tem aproveitado a \u00e1rea de lazer.<\/p>\n\n\n\n<p>&#8220;A pra\u00e7a anterior s\u00f3 tinha mato, ningu\u00e9m mais ficava. As mesas estavam desgastadas. Agora, com a revitaliza\u00e7\u00e3o, as crian\u00e7as conseguem aproveitar mais, brincam, deu uma renovada at\u00e9 no nosso bairro. Antes, n\u00e3o ficava crian\u00e7a nenhuma, agora elas ficam. Eu vejo a equipe da Prefeitura aqui constantemente cuidando dos canteiros, regando, est\u00e1 \u00f3timo&#8221;, disse.<\/p>\n\n\n\n<p><strong>Pra\u00e7a Renovada<\/strong>&nbsp;\u2013 Com essas duas pra\u00e7as, o projeto Pra\u00e7a Renovada, que tem como objetivo entregar \u00e0 popula\u00e7\u00e3o \u00e1reas de lazer completamente revitalizadas, j\u00e1 foi conclu\u00eddo em 18 espa\u00e7os: Pra\u00e7a Jardim Catarina II (ou Pra\u00e7a da Rua I), no Jardim Catarina; Pra\u00e7a Jornalista Valfrido Rocha, no Jardim Catarina; Pra\u00e7a do Barenco, no Boa\u00e7u; Pra\u00e7a do Coroado; Pra\u00e7a da Lagoa Seca, no Laranjal; Pra\u00e7a do Vila Tr\u00eas; Pra\u00e7a do Gradim; Pra\u00e7a Chico Mendes, no bairro Raul Veiga; Pra\u00e7a do Rocha; Pra\u00e7a Lucacio Te\u00f3filo de Campos, no J\u00f3quei; Pra\u00e7a do Largo de Ita\u00fana; Pra\u00e7a Vereador Josias dos Santos Muniz, na Lagoinha; Pra\u00e7a Governador Leonel Brizola, no Coluband\u00ea; Pra\u00e7a Expedicion\u00e1rio Ant\u00f4nio Vieira, mais conhecida como Pra\u00e7a do Mineirinho, localizada no bairro de Santa Catarina; a Arena Zaga Silva, localizada no Porto Velho; a Pra\u00e7a Thiago Evangelista de Vasconcellos, do bairro Almerinda; Pra\u00e7a do Pontal; e Pra\u00e7a do Porto do Rosa.<\/p>\n\n\n\n<p>O projeto est\u00e1 executando os ajustes finais na Pra\u00e7a do Jardim Alc\u00e2ntara, que logo ser\u00e1 entregue para a popula\u00e7\u00e3o.<\/p>\n\n\n\n<p><em>Foto: Fabio Guimar\u00e3es<\/em><\/p>\n\n\n\n<p><strong><em>S\u00e3o Gon\u00e7alo vai mudar: Not\u00edcias de S\u00e3o Gon\u00e7alo e toda regi\u00e3o.<\/em><\/strong><\/p>\n\n\n\n<figure class=\"wp-block-image size-large\"><img decoding=\"async\" width=\"1024\" height=\"357\" src=\"https:\/\/sgvaimudar.com.br\/wp-content\/uploads\/2023\/08\/Logo-Provisoria-2-1-1024x357.png\" alt=\"\" class=\"wp-image-2779\" srcset=\"https:\/\/sgvaimudar.com.br\/wp-content\/uploads\/2023\/08\/Logo-Provisoria-2-1-1024x357.png 1024w, https:\/\/sgvaimudar.com.br\/wp-content\/uploads\/2023\/08\/Logo-Provisoria-2-1-300x105.png 300w, https:\/\/sgvaimudar.com.br\/wp-content\/uploads\/2023\/08\/Logo-Provisoria-2-1-768x268.png 768w, https:\/\/sgvaimudar.com.br\/wp-content\/uploads\/2023\/08\/Logo-Provisoria-2-1.png 1470w\" sizes=\"(max-width: 1024px) 100vw, 1024px\" \/><\/figure>\n","protected":false},"excerpt":{"rendered":"<p>\u00c1reas de lazer passaram por mudan\u00e7as atrav\u00e9s do programa Pra\u00e7a Renovada Os moradores do Pontal e do Porto do Rosa&hellip;<\/p>\n","protected":false},"author":5,"featured_media":18941,"comment_status":"open","ping_status":"open","sticky":false,"template":"","format":"standard","meta":{"fifu_image_url":"","fifu_image_alt":"","footnotes":""},"categories":[3],"tags":[],"class_list":["post-18939","post","type-post","status-publish","format-standard","has-post-thumbnail","hentry","category-sao-goncalo"],"_links":{"self":[{"href":"https:\/\/sgvaimudar.com.br\/index.php\/wp-json\/wp\/v2\/posts\/18939","targetHints":{"allow":["GET"]}}],"collection":[{"href":"https:\/\/sgvaimudar.com.br\/index.php\/wp-json\/wp\/v2\/posts"}],"about":[{"href":"https:\/\/sgvaimudar.com.br\/index.php\/wp-json\/wp\/v2\/types\/post"}],"author":[{"embeddable":true,"href":"https:\/\/sgvaimudar.com.br\/index.php\/wp-json\/wp\/v2\/users\/5"}],"replies":[{"embeddable":true,"href":"https:\/\/sgvaimudar.com.br\/index.php\/wp-json\/wp\/v2\/comments?post=18939"}],"version-history":[{"count":1,"href":"https:\/\/sgvaimudar.com.br\/index.php\/wp-json\/wp\/v2\/posts\/18939\/revisions"}],"predecessor-version":[{"id":18942,"href":"https:\/\/sgvaimudar.com.br\/index.php\/wp-json\/wp\/v2\/posts\/18939\/revisions\/18942"}],"wp:featuredmedia":[{"embeddable":true,"href":"https:\/\/sgvaimudar.com.br\/index.php\/wp-json\/wp\/v2\/media\/18941"}],"wp:attachment":[{"href":"https:\/\/sgvaimudar.com.br\/index.php\/wp-json\/wp\/v2\/media?parent=18939"}],"wp:term":[{"taxonomy":"category","embeddable":true,"href":"https:\/\/sgvaimudar.com.br\/index.php\/wp-json\/wp\/v2\/categories?post=18939"},{"taxonomy":"post_tag","embeddable":true,"href":"https:\/\/sgvaimudar.com.br\/index.php\/wp-json\/wp\/v2\/tags?post=18939"}],"curies":[{"name":"wp","href":"https:\/\/api.w.org\/{rel}","templated":true}]}}