{"id":18933,"date":"2025-01-21T11:01:00","date_gmt":"2025-01-21T14:01:00","guid":{"rendered":"https:\/\/sgvaimudar.com.br\/?p=18933"},"modified":"2025-01-21T09:23:33","modified_gmt":"2025-01-21T12:23:33","slug":"postura-alerta-para-prazo-de-recadastramento-do-comercio-no-espaco-raul-veiga","status":"publish","type":"post","link":"https:\/\/sgvaimudar.com.br\/index.php\/2025\/01\/21\/postura-alerta-para-prazo-de-recadastramento-do-comercio-no-espaco-raul-veiga\/","title":{"rendered":"Postura alerta para prazo de recadastramento do com\u00e9rcio no Espa\u00e7o Raul Veiga"},"content":{"rendered":"\n<p><em>Procedimento \u00e9 importante para que os comerciantes se mantenham na legalidade<\/em><\/p>\n\n\n\n<p>O prazo para o recadastramento dos comerciantes aut\u00f4nomos do Espa\u00e7o Raul Veiga, no Alc\u00e2ntara, junto \u00e0 Subsecretaria de Fiscaliza\u00e7\u00e3o de Posturas, est\u00e1 na reta final. Os comerciantes autorizados que atuam no local t\u00eam at\u00e9 o dia 24 &#8211; pr\u00f3xima sexta-feira &#8211; para realizar a atualiza\u00e7\u00e3o dos dados na sede da Subsecretaria, no Shopping Partage. O recadastramento \u00e9 importante para que os comerciantes se mantenham na legalidade.<\/p>\n\n\n\n<p>Depois disso, o calend\u00e1rio seguir\u00e1 e ser\u00e1 a vez dos comerciantes aut\u00f4nomos das ruas Jo\u00e3o Caetano, Palmira Ninho (lado da Telemar), Capit\u00e3o Ant\u00f4nio Martins (da Jo\u00e3o Caetano at\u00e9 a Laureano Rosa), no Alc\u00e2ntara, realizarem o procedimento. Este segundo grupo ter\u00e1 do dia 27 de janeiro a 7 de fevereiro para realizar o recadastramento.<\/p>\n\n\n\n<p>O recadastramento dos comerciantes teve in\u00edcio no dia 13 de janeiro e segue um calend\u00e1rio com o prazo estipulado dividido de acordo com os locais de atua\u00e7\u00e3o dos comerciantes.<\/p>\n\n\n\n<p>Antes do in\u00edcio do calend\u00e1rio, agentes da subsecretaria, inclusive, realizaram a\u00e7\u00f5es informativas na Raul Veiga entregando no local o edital de convoca\u00e7\u00e3o que foi publicado no Di\u00e1rio Oficial do dia 23 de dezembro. Neste edital, est\u00e3o descritas as informa\u00e7\u00f5es b\u00e1sicas sobre o processo de recadastramento, os documentos necess\u00e1rios e os anexos que devem ser preenchidos.<\/p>\n\n\n\n<p><strong>Calend\u00e1rio<\/strong>&nbsp;\u2013 Est\u00e3o convocados todos os autorizados ao exerc\u00edcio da atividade. Eles devem realizar o recadastramento seguindo as seguintes datas:<\/p>\n\n\n\n<p>. De 13 a 24 de janeiro: comerciantes aut\u00f4nomos do Espa\u00e7o Raul Veiga, no Alc\u00e2ntara;<\/p>\n\n\n\n<p>. De 27 de janeiro a 7 de fevereiro: comerciantes aut\u00f4nomos das ruas Jo\u00e3o Caetano, Palmira Ninho (lado da Telemar), Capit\u00e3o Ant\u00f4nio Martins (da Jo\u00e3o Caetano at\u00e9 a Laureano Rosa), no Alc\u00e2ntara;<\/p>\n\n\n\n<p>. De 10 a 21 de fevereiro: comerciantes aut\u00f4nomos das ruas Ant\u00f4nio Alves e S\u00edlvio Romero, no Alc\u00e2ntara;<\/p>\n\n\n\n<p>. De 24 de fevereiro a 14 de mar\u00e7o: comerciantes aut\u00f4nomos das ruas Dezoito do Forte, da Pra\u00e7a Luiz Palmier at\u00e9 a antiga estrada de ferro, inclusive a Travessa Gr\u00e9cia, no Centro;<\/p>\n\n\n\n<p>. De 17 a 28 de mar\u00e7o: comerciantes aut\u00f4nomos da Rua Visconde de Ita\u00fana, da Rua Francisco Portela at\u00e9 a antiga estrada de ferro, no Para\u00edso;<\/p>\n\n\n\n<p>. De 31 de mar\u00e7o a 11 de abril: comerciantes aut\u00f4nomos em localidades variadas do munic\u00edpio, que n\u00e3o as elencadas acima.<\/p>\n\n\n\n<p>Vale destacar que o recadastramento poder\u00e1 ser realizado por procurador constitu\u00eddo em procura\u00e7\u00e3o espec\u00edfica para tal finalidade, com firma reconhecida em cart\u00f3rio, acompanhada de c\u00f3pia simples de RG e CPF (ou CNH) do candidato e de seu procurador.<\/p>\n\n\n\n<p>No ato do recadastramento, o comerciante varejista receber\u00e1 um protocolo de atendimento que dever\u00e1 ser apresentado em futuras fiscaliza\u00e7\u00f5es, caso seja necess\u00e1rio. Os comerciantes que n\u00e3o realizarem o recadastramento no prazo estabelecido poder\u00e3o ter a licen\u00e7a cassada.<\/p>\n\n\n\n<p>A Subsecretaria de Fiscaliza\u00e7\u00e3o de Posturas, ap\u00f3s an\u00e1lise da documenta\u00e7\u00e3o apresentada, emitir\u00e1 um certificado de recadastramento para os comerciantes que atenderem aos requisitos exigidos. O certificado ser\u00e1 utilizado como instrumento de renova\u00e7\u00e3o para exerc\u00edcio 2025, sendo entregue aos habilitados ap\u00f3s o fim do processo.<\/p>\n\n\n\n<p><strong>Documenta\u00e7\u00e3o<\/strong>&nbsp;\u2013 Os comerciantes autorizados dever\u00e3o comparecer \u00e0 Subsecretaria com a seguinte documenta\u00e7\u00e3o:<\/p>\n\n\n\n<p>Documento oficial com foto (RG ou CNH); CPF; comprovante de resid\u00eancia atualizado (validade de at\u00e9 90 dias); autoriza\u00e7\u00e3o para o exerc\u00edcio do com\u00e9rcio varejista aut\u00f4nomo, caso possua; fotos da barraca utilizada para a atividade comercial (3 fotos: frontal, lateral e superior); duas fotos do titular da autoriza\u00e7\u00e3o, no tamanho 5X7, com data do ano corrente; rela\u00e7\u00e3o dos produtos comercializados; laudo m\u00e9dico que ateste a condi\u00e7\u00e3o de sa\u00fade para o exerc\u00edcio da atividade, no caso de deficientes f\u00edsicos e idosos (conforme crit\u00e9rios do Art. 3\u00ba do Decreto n\u00ba 080\/2022, se aplic\u00e1vel); documento que comprove a condi\u00e7\u00e3o de egresso do sistema penitenci\u00e1rio (se aplic\u00e1vel); Certid\u00e3o Negativa de D\u00e9bitos Municipais; formul\u00e1rio devidamente preenchido, contido no Anexo I do Edital publicado no DO (<a href=\"https:\/\/click.cse360.com.br\/Click\/AddCampaignEmailClick\/3b483176-7a9f-4253-fd1e-08dd299db708\/https%253a%252f%252fdo.pmsg.rj.gov.br%252fdiario%252f2024_12_23.pdf\/ac66966e-2b55-4484-fb2c-08dc491eed5f\/jornalistaws@gmail.com\/False\" rel=\"noreferrer noopener\" target=\"_blank\">https:\/\/do.pmsg.rj.gov.br\/diario\/2024_12_23.pdf<\/a>).<\/p>\n\n\n\n<p><strong>Servi\u00e7o:<\/strong><\/p>\n\n\n\n<p>A Subsecretaria funciona no Shopping Partage, localizado na Avenida Presidente Kennedy, n\u00ba 425, loja 226, no Centro.<\/p>\n\n\n\n<p><strong><em><sup>#SGVAIMUDAR<\/sup><\/em><\/strong><\/p>\n\n\n\n<figure class=\"wp-block-image size-large\"><img fetchpriority=\"high\" decoding=\"async\" width=\"1024\" height=\"357\" src=\"https:\/\/sgvaimudar.com.br\/wp-content\/uploads\/2023\/08\/Logo-Provisoria-2-1-1024x357.png\" alt=\"\" class=\"wp-image-2779\" srcset=\"https:\/\/sgvaimudar.com.br\/wp-content\/uploads\/2023\/08\/Logo-Provisoria-2-1-1024x357.png 1024w, https:\/\/sgvaimudar.com.br\/wp-content\/uploads\/2023\/08\/Logo-Provisoria-2-1-300x105.png 300w, https:\/\/sgvaimudar.com.br\/wp-content\/uploads\/2023\/08\/Logo-Provisoria-2-1-768x268.png 768w, https:\/\/sgvaimudar.com.br\/wp-content\/uploads\/2023\/08\/Logo-Provisoria-2-1.png 1470w\" sizes=\"(max-width: 1024px) 100vw, 1024px\" \/><\/figure>\n","protected":false},"excerpt":{"rendered":"<p>Procedimento \u00e9 importante para que os comerciantes se mantenham na legalidade O prazo para o recadastramento dos comerciantes aut\u00f4nomos do&hellip;<\/p>\n","protected":false},"author":5,"featured_media":18934,"comment_status":"open","ping_status":"open","sticky":false,"template":"","format":"standard","meta":{"fifu_image_url":"","fifu_image_alt":"","footnotes":""},"categories":[3],"tags":[],"class_list":["post-18933","post","type-post","status-publish","format-standard","has-post-thumbnail","hentry","category-sao-goncalo"],"_links":{"self":[{"href":"https:\/\/sgvaimudar.com.br\/index.php\/wp-json\/wp\/v2\/posts\/18933","targetHints":{"allow":["GET"]}}],"collection":[{"href":"https:\/\/sgvaimudar.com.br\/index.php\/wp-json\/wp\/v2\/posts"}],"about":[{"href":"https:\/\/sgvaimudar.com.br\/index.php\/wp-json\/wp\/v2\/types\/post"}],"author":[{"embeddable":true,"href":"https:\/\/sgvaimudar.com.br\/index.php\/wp-json\/wp\/v2\/users\/5"}],"replies":[{"embeddable":true,"href":"https:\/\/sgvaimudar.com.br\/index.php\/wp-json\/wp\/v2\/comments?post=18933"}],"version-history":[{"count":1,"href":"https:\/\/sgvaimudar.com.br\/index.php\/wp-json\/wp\/v2\/posts\/18933\/revisions"}],"predecessor-version":[{"id":18935,"href":"https:\/\/sgvaimudar.com.br\/index.php\/wp-json\/wp\/v2\/posts\/18933\/revisions\/18935"}],"wp:featuredmedia":[{"embeddable":true,"href":"https:\/\/sgvaimudar.com.br\/index.php\/wp-json\/wp\/v2\/media\/18934"}],"wp:attachment":[{"href":"https:\/\/sgvaimudar.com.br\/index.php\/wp-json\/wp\/v2\/media?parent=18933"}],"wp:term":[{"taxonomy":"category","embeddable":true,"href":"https:\/\/sgvaimudar.com.br\/index.php\/wp-json\/wp\/v2\/categories?post=18933"},{"taxonomy":"post_tag","embeddable":true,"href":"https:\/\/sgvaimudar.com.br\/index.php\/wp-json\/wp\/v2\/tags?post=18933"}],"curies":[{"name":"wp","href":"https:\/\/api.w.org\/{rel}","templated":true}]}}