{"id":18905,"date":"2025-01-20T17:00:00","date_gmt":"2025-01-20T20:00:00","guid":{"rendered":"https:\/\/sgvaimudar.com.br\/?p=18905"},"modified":"2025-01-20T09:24:00","modified_gmt":"2025-01-20T12:24:00","slug":"foragido-da-justica-tenta-escapar-mas-e-preso-em-niteroi","status":"publish","type":"post","link":"https:\/\/sgvaimudar.com.br\/index.php\/2025\/01\/20\/foragido-da-justica-tenta-escapar-mas-e-preso-em-niteroi\/","title":{"rendered":"Foragido da Justi\u00e7a tenta escapar mas \u00e9 preso em Niter\u00f3i"},"content":{"rendered":"\n<p><em>Homem tinha um mandado de pris\u00e3o por homic\u00eddio<\/em><\/p>\n\n\n\n<p>Um homem que estava foragido pelo crime de homic\u00eddio foi preso, na tarde do s\u00e1bado (18), por policiais militares da opera\u00e7\u00e3o Seguran\u00e7a Presente, na Rua General Castrioto, no Barreto, em Niter\u00f3i, Regi\u00e3o Metropolitana do Rio.<\/p>\n\n\n\n<p>De acordo com os agentes, durante uma abordagem a um motociclista, os policiais notaram um homem caminhando em uma cal\u00e7ada ao lado, e mudou de dire\u00e7\u00e3o tentando fugir ao avistar os agentes.<\/p>\n\n\n\n<p>Assim que perceberam a a\u00e7\u00e3o do suspeitos, os agentes abordaram o homem e ap\u00f3s consultar os dados, foi encontrado que havia um mandado de pris\u00e3o por homic\u00eddio contra ele.<\/p>\n\n\n\n<p>O homem foi encaminhado \u00e0 76\u00aa DP (Niter\u00f3i), onde permanece preso \u00e0 disposi\u00e7\u00e3o da Justi\u00e7a.<\/p>\n\n\n\n<figure class=\"wp-block-image size-full\"><img decoding=\"async\" width=\"317\" height=\"110\" src=\"https:\/\/sgvaimudar.com.br\/wp-content\/uploads\/2023\/08\/cropped-Logo-Provisoria-2-2.png\" alt=\"\" class=\"wp-image-2782\" srcset=\"https:\/\/sgvaimudar.com.br\/wp-content\/uploads\/2023\/08\/cropped-Logo-Provisoria-2-2.png 317w, https:\/\/sgvaimudar.com.br\/wp-content\/uploads\/2023\/08\/cropped-Logo-Provisoria-2-2-300x104.png 300w\" sizes=\"(max-width: 317px) 100vw, 317px\" \/><\/figure>\n","protected":false},"excerpt":{"rendered":"<p>Homem tinha um mandado de pris\u00e3o por homic\u00eddio Um homem que estava foragido pelo crime de homic\u00eddio foi preso, na&hellip;<\/p>\n","protected":false},"author":5,"featured_media":18906,"comment_status":"open","ping_status":"open","sticky":false,"template":"","format":"standard","meta":{"fifu_image_url":"","fifu_image_alt":"","footnotes":""},"categories":[32],"tags":[],"class_list":["post-18905","post","type-post","status-publish","format-standard","has-post-thumbnail","hentry","category-casos-de-policia"],"_links":{"self":[{"href":"https:\/\/sgvaimudar.com.br\/index.php\/wp-json\/wp\/v2\/posts\/18905","targetHints":{"allow":["GET"]}}],"collection":[{"href":"https:\/\/sgvaimudar.com.br\/index.php\/wp-json\/wp\/v2\/posts"}],"about":[{"href":"https:\/\/sgvaimudar.com.br\/index.php\/wp-json\/wp\/v2\/types\/post"}],"author":[{"embeddable":true,"href":"https:\/\/sgvaimudar.com.br\/index.php\/wp-json\/wp\/v2\/users\/5"}],"replies":[{"embeddable":true,"href":"https:\/\/sgvaimudar.com.br\/index.php\/wp-json\/wp\/v2\/comments?post=18905"}],"version-history":[{"count":1,"href":"https:\/\/sgvaimudar.com.br\/index.php\/wp-json\/wp\/v2\/posts\/18905\/revisions"}],"predecessor-version":[{"id":18907,"href":"https:\/\/sgvaimudar.com.br\/index.php\/wp-json\/wp\/v2\/posts\/18905\/revisions\/18907"}],"wp:featuredmedia":[{"embeddable":true,"href":"https:\/\/sgvaimudar.com.br\/index.php\/wp-json\/wp\/v2\/media\/18906"}],"wp:attachment":[{"href":"https:\/\/sgvaimudar.com.br\/index.php\/wp-json\/wp\/v2\/media?parent=18905"}],"wp:term":[{"taxonomy":"category","embeddable":true,"href":"https:\/\/sgvaimudar.com.br\/index.php\/wp-json\/wp\/v2\/categories?post=18905"},{"taxonomy":"post_tag","embeddable":true,"href":"https:\/\/sgvaimudar.com.br\/index.php\/wp-json\/wp\/v2\/tags?post=18905"}],"curies":[{"name":"wp","href":"https:\/\/api.w.org\/{rel}","templated":true}]}}