{"id":18887,"date":"2025-01-20T11:00:00","date_gmt":"2025-01-20T14:00:00","guid":{"rendered":"https:\/\/sgvaimudar.com.br\/?p=18887"},"modified":"2025-01-20T08:39:44","modified_gmt":"2025-01-20T11:39:44","slug":"sao-goncalo-tem-acoes-diarias-contra-aedes-aegypti","status":"publish","type":"post","link":"https:\/\/sgvaimudar.com.br\/index.php\/2025\/01\/20\/sao-goncalo-tem-acoes-diarias-contra-aedes-aegypti\/","title":{"rendered":"S\u00e3o Gon\u00e7alo tem a\u00e7\u00f5es di\u00e1rias contra Aedes aegypti"},"content":{"rendered":"\n<p><em>Vigil\u00e2ncia Ambiental vai fazer um trabalho preventivo em 28 bairros nesta semana<\/em><\/p>\n\n\n\n<p>A Secretaria de Sa\u00fade e Defesa Civil da Prefeitura de S\u00e3o Gon\u00e7alo informou que vai realizar, nesta semana (20 a 24), a pulveriza\u00e7\u00e3o de inseticida para o controle do mosquito Aedes aegypti &#8211; transmissor da dengue, zika e chikungunya. O trabalho dos agentes da Vigil\u00e2ncia em Sa\u00fade Ambiental \u00e9 de preven\u00e7\u00e3o e a popula\u00e7\u00e3o tamb\u00e9m deve fazer a sua parte, evitando qualquer ac\u00famulo de \u00e1gua. A a\u00e7\u00e3o tamb\u00e9m n\u00e3o acontece em dias chuvosos.\u00a0\u00a0<\/p>\n\n\n\n<p>&#8220;Para ajudar a a\u00e7\u00e3o das equipes e manter a casa longe dos vetores, \u00e9 importante limpar calhas e ralos, tapar caixas d\u2019\u00e1gua, colocar garrafas e recipientes com a boca para baixo, preencher os pratos de vasos de plantas com areia, manter lonas de materiais de constru\u00e7\u00e3o e piscina sempre esticadas, guardar pneus velhos, manter ton\u00e9is e lat\u00f5es fechados. Vale lembrar que qualquer gota d\u2019\u00e1gua pode se tornar criadouro do mosquito&#8221;, pediu a Prefeitura na nota.<\/p>\n\n\n\n<p>Os locais de aplica\u00e7\u00e3o s\u00e3o definidos pelo Departamento de Vigil\u00e2ncia em Sa\u00fade Ambiental com base nos casos notificados pelo setor de Vigil\u00e2ncia Epidemiol\u00f3gica, que aponta os locais com maiores notifica\u00e7\u00f5es da dengue.\u00a0<\/p>\n\n\n\n<p>A Vigil\u00e2ncia Ambiental mant\u00e9m um trabalho de pronto-atendimento. Qualquer cidad\u00e3o pode ligar para o setor e pedir uma visita nos casos de infesta\u00e7\u00e3o de qualquer vetor. Os pedidos s\u00e3o atendidos, em m\u00e9dia, em uma semana. Nesses casos, os agentes averiguam a den\u00fancia e realizam a a\u00e7\u00e3o necess\u00e1ria para acabar com os vetores. As den\u00fancias podem ser feitas pelo telefone da Vigil\u00e2ncia Ambiental (21) 3195-5198, ramal 1008.\u00a0\u00a0\u00a0\u00a0<\/p>\n\n\n\n<p><strong>Programa\u00e7\u00e3o do controle das arboviroses:<\/strong><\/p>\n\n\n\n<p>Segunda-feira (20): Para\u00edso, Ipi\u00edba, Brasil\u00e2ndia, Tribob\u00f3, Raul Veiga e Vila Tr\u00eas&nbsp;&nbsp;&nbsp;<\/p>\n\n\n\n<p>Ter\u00e7a-feira (21): Patronato, Pacheco, Rosane, Vila Iara, Novo M\u00e9xico e Fazenda dos Mineiros&nbsp;<\/p>\n\n\n\n<p>Quarta-feira (22): Gradim, Jardim Tiradentes, Lagoinha, Galo Branco, Barro Vermelho e Salgueiro&nbsp;<\/p>\n\n\n\n<p>Quinta-feira (23): Porto da Madama, Jardim Miriambi, Lindo Parque, Santa Catarina e Palmeiras<\/p>\n\n\n\n<p>Sexta-feira (24): Porto Velho, Laranjal, Rocha, Vila Lage e Ita\u00fana<\/p>\n\n\n\n<p><em>Foto: Julio Diniz<\/em><\/p>\n\n\n\n<p><strong><em>S\u00e3o Gon\u00e7alo vai mudar: Not\u00edcias de S\u00e3o Gon\u00e7alo e toda regi\u00e3o.<\/em><\/strong><\/p>\n\n\n\n<figure class=\"wp-block-image size-large\"><img fetchpriority=\"high\" decoding=\"async\" width=\"1024\" height=\"357\" src=\"https:\/\/sgvaimudar.com.br\/wp-content\/uploads\/2023\/08\/Logo-Provisoria-2-1-1024x357.png\" alt=\"\" class=\"wp-image-2779\" srcset=\"https:\/\/sgvaimudar.com.br\/wp-content\/uploads\/2023\/08\/Logo-Provisoria-2-1-1024x357.png 1024w, https:\/\/sgvaimudar.com.br\/wp-content\/uploads\/2023\/08\/Logo-Provisoria-2-1-300x105.png 300w, https:\/\/sgvaimudar.com.br\/wp-content\/uploads\/2023\/08\/Logo-Provisoria-2-1-768x268.png 768w, https:\/\/sgvaimudar.com.br\/wp-content\/uploads\/2023\/08\/Logo-Provisoria-2-1.png 1470w\" sizes=\"(max-width: 1024px) 100vw, 1024px\" \/><\/figure>\n","protected":false},"excerpt":{"rendered":"<p>Vigil\u00e2ncia Ambiental vai fazer um trabalho preventivo em 28 bairros nesta semana A Secretaria de Sa\u00fade e Defesa Civil da&hellip;<\/p>\n","protected":false},"author":5,"featured_media":18888,"comment_status":"open","ping_status":"open","sticky":false,"template":"","format":"standard","meta":{"fifu_image_url":"","fifu_image_alt":"","footnotes":""},"categories":[7],"tags":[],"class_list":["post-18887","post","type-post","status-publish","format-standard","has-post-thumbnail","hentry","category-saude"],"_links":{"self":[{"href":"https:\/\/sgvaimudar.com.br\/index.php\/wp-json\/wp\/v2\/posts\/18887","targetHints":{"allow":["GET"]}}],"collection":[{"href":"https:\/\/sgvaimudar.com.br\/index.php\/wp-json\/wp\/v2\/posts"}],"about":[{"href":"https:\/\/sgvaimudar.com.br\/index.php\/wp-json\/wp\/v2\/types\/post"}],"author":[{"embeddable":true,"href":"https:\/\/sgvaimudar.com.br\/index.php\/wp-json\/wp\/v2\/users\/5"}],"replies":[{"embeddable":true,"href":"https:\/\/sgvaimudar.com.br\/index.php\/wp-json\/wp\/v2\/comments?post=18887"}],"version-history":[{"count":1,"href":"https:\/\/sgvaimudar.com.br\/index.php\/wp-json\/wp\/v2\/posts\/18887\/revisions"}],"predecessor-version":[{"id":18889,"href":"https:\/\/sgvaimudar.com.br\/index.php\/wp-json\/wp\/v2\/posts\/18887\/revisions\/18889"}],"wp:featuredmedia":[{"embeddable":true,"href":"https:\/\/sgvaimudar.com.br\/index.php\/wp-json\/wp\/v2\/media\/18888"}],"wp:attachment":[{"href":"https:\/\/sgvaimudar.com.br\/index.php\/wp-json\/wp\/v2\/media?parent=18887"}],"wp:term":[{"taxonomy":"category","embeddable":true,"href":"https:\/\/sgvaimudar.com.br\/index.php\/wp-json\/wp\/v2\/categories?post=18887"},{"taxonomy":"post_tag","embeddable":true,"href":"https:\/\/sgvaimudar.com.br\/index.php\/wp-json\/wp\/v2\/tags?post=18887"}],"curies":[{"name":"wp","href":"https:\/\/api.w.org\/{rel}","templated":true}]}}