{"id":18865,"date":"2025-01-19T10:01:00","date_gmt":"2025-01-19T13:01:00","guid":{"rendered":"https:\/\/sgvaimudar.com.br\/?p=18865"},"modified":"2025-01-19T05:45:28","modified_gmt":"2025-01-19T08:45:28","slug":"exposicao-e-aberta-ao-publico-na-casa-das-artes","status":"publish","type":"post","link":"https:\/\/sgvaimudar.com.br\/index.php\/2025\/01\/19\/exposicao-e-aberta-ao-publico-na-casa-das-artes\/","title":{"rendered":"Exposi\u00e7\u00e3o \u00e9 aberta ao p\u00fablico na Casa das Artes\u00a0"},"content":{"rendered":"\n<p><em>Mostra re\u00fane obras de artistas negros e destaca talentos locais<\/em><\/p>\n\n\n\n<p>A Casa das Artes Prof. Helter Jer\u00f4nymo Luiz Barcellos, em S\u00e3o Gon\u00e7alo, abriu as portas nesta sexta-feira (17) para a exposi\u00e7\u00e3o Artistas e Intelectuais Negros &#8211; Narrando Hist\u00f3rias para Outros Futuros Poss\u00edveis. A mostra, que ficar\u00e1 em exibi\u00e7\u00e3o at\u00e9 15 de fevereiro, \u00e9 resultado de um projeto de pesquisa desenvolvido pela curadora Cleia Marcelino e apresenta a obra de quinze artistas e intelectuais negros, com destaque para os talentos locais de S\u00e3o Gon\u00e7alo.<\/p>\n\n\n\n<figure class=\"wp-block-image size-full\"><img fetchpriority=\"high\" decoding=\"async\" width=\"1024\" height=\"683\" src=\"https:\/\/sgvaimudar.com.br\/wp-content\/uploads\/2025\/01\/unnamed-16-1.jpg\" alt=\"\" class=\"wp-image-18866\" srcset=\"https:\/\/sgvaimudar.com.br\/wp-content\/uploads\/2025\/01\/unnamed-16-1.jpg 1024w, https:\/\/sgvaimudar.com.br\/wp-content\/uploads\/2025\/01\/unnamed-16-1-300x200.jpg 300w, https:\/\/sgvaimudar.com.br\/wp-content\/uploads\/2025\/01\/unnamed-16-1-768x512.jpg 768w\" sizes=\"(max-width: 1024px) 100vw, 1024px\" \/><\/figure>\n\n\n\n<p>A exposi\u00e7\u00e3o tem como proposta dar visibilidade \u00e0 produ\u00e7\u00e3o art\u00edstica e intelectual negra, contribuindo para a descoloniza\u00e7\u00e3o dos olhares sobre a arte brasileira. O objetivo \u00e9 mostrar que artistas negros n\u00e3o s\u00f3 fazem parte da hist\u00f3ria, mas tamb\u00e9m s\u00e3o refer\u00eancias importantes para as futuras gera\u00e7\u00f5es.<\/p>\n\n\n\n<p>A curadora Cleia Marcelino compartilhou sobre o prop\u00f3sito da exposi\u00e7\u00e3o: \u201cMeu objetivo sempre foi proporcionar ao p\u00fablico um contato mais pr\u00f3ximo e amplo com artistas e intelectuais negros, para que eles sejam vistos e para que as pessoas se identifiquem com suas hist\u00f3rias e trajet\u00f3rias. Isso surgiu de uma necessidade pessoal que vivi na \u00e9poca da minha faculdade, de n\u00e3o ter refer\u00eancias. Esta exposi\u00e7\u00e3o vem para mostrar que esses artistas conseguiram, que eles s\u00e3o refer\u00eancias poderosas e que, sim, existem artistas negros capazes de inspirar outros\u201d.<\/p>\n\n\n\n<figure class=\"wp-block-image size-full\"><img decoding=\"async\" width=\"1024\" height=\"683\" src=\"https:\/\/sgvaimudar.com.br\/wp-content\/uploads\/2025\/01\/unnamed-14-2.jpg\" alt=\"\" class=\"wp-image-18868\" srcset=\"https:\/\/sgvaimudar.com.br\/wp-content\/uploads\/2025\/01\/unnamed-14-2.jpg 1024w, https:\/\/sgvaimudar.com.br\/wp-content\/uploads\/2025\/01\/unnamed-14-2-300x200.jpg 300w, https:\/\/sgvaimudar.com.br\/wp-content\/uploads\/2025\/01\/unnamed-14-2-768x512.jpg 768w\" sizes=\"(max-width: 1024px) 100vw, 1024px\" \/><\/figure>\n\n\n\n<p>Durante o per\u00edodo de exibi\u00e7\u00e3o, o p\u00fablico ter\u00e1 a chance de conhecer artistas gon\u00e7alenses como Urucuia, Janice Mascarenhas, Gabriella Marinho, Savio Ribeiro, Gabriel da Silva, Renata Toledo, entre outros.<\/p>\n\n\n\n<p>\u201cEssa exposi\u00e7\u00e3o \u00e9 muito bacana porque ela fala de artistas negros de todo o Rio de Janeiro, e tem um setor espec\u00edfico s\u00f3 para os artistas de S\u00e3o Gon\u00e7alo. Isso vai de encontro com o que sempre quisemos fazer com a Casa das Artes: mostrar os talentos de S\u00e3o Gon\u00e7alo e evidenciar o nosso papel como um celeiro cultural\u201d, celebrou a secret\u00e1ria de Turismo e Cultura de S\u00e3o Gon\u00e7alo, Julia Sobreira.<\/p>\n\n\n\n<p>A exposi\u00e7\u00e3o est\u00e1 aberta \u00e0 visita\u00e7\u00e3o de ter\u00e7a a s\u00e1bado, das 10h \u00e0s 18h, e contar\u00e1 com atividades paralelas, como palestras e apresenta\u00e7\u00f5es, at\u00e9 o dia 15 de fevereiro. O projeto foi selecionado por meio do Edital \u201cArte e Cultura SG\u201d e conta com o patroc\u00ednio da Secretaria de Turismo e Cultura da Prefeitura de S\u00e3o Gon\u00e7alo.<\/p>\n\n\n\n<p>Foto: Fabio Guimar\u00e3es<\/p>\n\n\n\n<p><strong><em>S\u00e3o Gon\u00e7alo vai mudar: Not\u00edcias de S\u00e3o Gon\u00e7alo e toda regi\u00e3o.<\/em><\/strong><\/p>\n\n\n\n<figure class=\"wp-block-image size-large\"><img decoding=\"async\" width=\"1024\" height=\"357\" src=\"https:\/\/sgvaimudar.com.br\/wp-content\/uploads\/2023\/08\/Logo-Provisoria-2-1-1024x357.png\" alt=\"\" class=\"wp-image-2779\" srcset=\"https:\/\/sgvaimudar.com.br\/wp-content\/uploads\/2023\/08\/Logo-Provisoria-2-1-1024x357.png 1024w, https:\/\/sgvaimudar.com.br\/wp-content\/uploads\/2023\/08\/Logo-Provisoria-2-1-300x105.png 300w, https:\/\/sgvaimudar.com.br\/wp-content\/uploads\/2023\/08\/Logo-Provisoria-2-1-768x268.png 768w, https:\/\/sgvaimudar.com.br\/wp-content\/uploads\/2023\/08\/Logo-Provisoria-2-1.png 1470w\" sizes=\"(max-width: 1024px) 100vw, 1024px\" \/><\/figure>\n","protected":false},"excerpt":{"rendered":"<p>Mostra re\u00fane obras de artistas negros e destaca talentos locais A Casa das Artes Prof. Helter Jer\u00f4nymo Luiz Barcellos, em&hellip;<\/p>\n","protected":false},"author":5,"featured_media":18867,"comment_status":"open","ping_status":"open","sticky":false,"template":"","format":"standard","meta":{"fifu_image_url":"","fifu_image_alt":"","footnotes":""},"categories":[6],"tags":[],"class_list":["post-18865","post","type-post","status-publish","format-standard","has-post-thumbnail","hentry","category-entretenimento"],"_links":{"self":[{"href":"https:\/\/sgvaimudar.com.br\/index.php\/wp-json\/wp\/v2\/posts\/18865","targetHints":{"allow":["GET"]}}],"collection":[{"href":"https:\/\/sgvaimudar.com.br\/index.php\/wp-json\/wp\/v2\/posts"}],"about":[{"href":"https:\/\/sgvaimudar.com.br\/index.php\/wp-json\/wp\/v2\/types\/post"}],"author":[{"embeddable":true,"href":"https:\/\/sgvaimudar.com.br\/index.php\/wp-json\/wp\/v2\/users\/5"}],"replies":[{"embeddable":true,"href":"https:\/\/sgvaimudar.com.br\/index.php\/wp-json\/wp\/v2\/comments?post=18865"}],"version-history":[{"count":1,"href":"https:\/\/sgvaimudar.com.br\/index.php\/wp-json\/wp\/v2\/posts\/18865\/revisions"}],"predecessor-version":[{"id":18869,"href":"https:\/\/sgvaimudar.com.br\/index.php\/wp-json\/wp\/v2\/posts\/18865\/revisions\/18869"}],"wp:featuredmedia":[{"embeddable":true,"href":"https:\/\/sgvaimudar.com.br\/index.php\/wp-json\/wp\/v2\/media\/18867"}],"wp:attachment":[{"href":"https:\/\/sgvaimudar.com.br\/index.php\/wp-json\/wp\/v2\/media?parent=18865"}],"wp:term":[{"taxonomy":"category","embeddable":true,"href":"https:\/\/sgvaimudar.com.br\/index.php\/wp-json\/wp\/v2\/categories?post=18865"},{"taxonomy":"post_tag","embeddable":true,"href":"https:\/\/sgvaimudar.com.br\/index.php\/wp-json\/wp\/v2\/tags?post=18865"}],"curies":[{"name":"wp","href":"https:\/\/api.w.org\/{rel}","templated":true}]}}