{"id":18807,"date":"2025-01-17T21:00:00","date_gmt":"2025-01-18T00:00:00","guid":{"rendered":"https:\/\/sgvaimudar.com.br\/?p=18807"},"modified":"2025-01-17T12:22:29","modified_gmt":"2025-01-17T15:22:29","slug":"asas-reforca-resgates-e-diversidade-na-fauna-silvestre","status":"publish","type":"post","link":"https:\/\/sgvaimudar.com.br\/index.php\/2025\/01\/17\/asas-reforca-resgates-e-diversidade-na-fauna-silvestre\/","title":{"rendered":"ASAS refor\u00e7a resgates e diversidade na fauna silvestre"},"content":{"rendered":"\n<p><em>Trabalho da \u00e1rea de soltura fortalece a biodiversidade e promove sustentabilidade<\/em><\/p>\n\n\n\n<p>A \u00c1rea de Soltura de Animais Silvestres (ASAS), em S\u00e3o Gon\u00e7alo, acolheu 160 animais silvestres das mais variadas esp\u00e9cies no \u00faltimo m\u00eas de dezembro. Os animais chegaram ao local resgatados ou atrav\u00e9s de entregas volunt\u00e1rias, refor\u00e7ando o engajamento da comunidade e a import\u00e2ncia da educa\u00e7\u00e3o ambiental para proteger a fauna do munic\u00edpio.<\/p>\n\n\n\n<figure class=\"wp-block-image size-large\"><img fetchpriority=\"high\" decoding=\"async\" width=\"768\" height=\"1024\" src=\"https:\/\/sgvaimudar.com.br\/wp-content\/uploads\/2025\/01\/unnamed-12-2-768x1024.jpg\" alt=\"\" class=\"wp-image-18808\" srcset=\"https:\/\/sgvaimudar.com.br\/wp-content\/uploads\/2025\/01\/unnamed-12-2-768x1024.jpg 768w, https:\/\/sgvaimudar.com.br\/wp-content\/uploads\/2025\/01\/unnamed-12-2-225x300.jpg 225w, https:\/\/sgvaimudar.com.br\/wp-content\/uploads\/2025\/01\/unnamed-12-2-1152x1536.jpg 1152w, https:\/\/sgvaimudar.com.br\/wp-content\/uploads\/2025\/01\/unnamed-12-2-1536x2048.jpg 1536w, https:\/\/sgvaimudar.com.br\/wp-content\/uploads\/2025\/01\/unnamed-12-2-scaled.jpg 1920w\" sizes=\"(max-width: 768px) 100vw, 768px\" \/><\/figure>\n\n\n\n<p>Entre os animais resgatados, est\u00e3o urubu-preto, gavi\u00e3o-carij\u00f3, jararaca, capivara, bem-te-vi, ouri\u00e7o-cacheiro, gamb\u00e1-de-orelha-preta (Didelphis aurita) e sanha\u00e7o-cinzento. Vale destacar que cada uma dessas esp\u00e9cies desempenha um papel crucial no equil\u00edbrio ambiental, seja no controle de pragas, na dispers\u00e3o de sementes ou na poliniza\u00e7\u00e3o de plantas.<\/p>\n\n\n\n<figure class=\"wp-block-image size-full\"><img decoding=\"async\" width=\"781\" height=\"668\" src=\"https:\/\/sgvaimudar.com.br\/wp-content\/uploads\/2025\/01\/unnamed-11-2.jpg\" alt=\"\" class=\"wp-image-18809\" srcset=\"https:\/\/sgvaimudar.com.br\/wp-content\/uploads\/2025\/01\/unnamed-11-2.jpg 781w, https:\/\/sgvaimudar.com.br\/wp-content\/uploads\/2025\/01\/unnamed-11-2-300x257.jpg 300w, https:\/\/sgvaimudar.com.br\/wp-content\/uploads\/2025\/01\/unnamed-11-2-768x657.jpg 768w\" sizes=\"(max-width: 781px) 100vw, 781px\" \/><\/figure>\n\n\n\n<p>O secret\u00e1rio de Meio Ambiente e Transportes, F\u00e1bio Lemos, destacou a import\u00e2ncia do trabalho da \u00e1rea de soltura e da conscientiza\u00e7\u00e3o sobre a preserva\u00e7\u00e3o da fauna silvestre.<\/p>\n\n\n\n<p>\u201cOs animais silvestres n\u00e3o apenas enriquecem nossa biodiversidade, mas s\u00e3o fundamentais para manter os ecossistemas em equil\u00edbrio. Proteger essas esp\u00e9cies \u00e9 preservar o futuro do nosso meio ambiente. \u00c9 por isso que seguimos promovendo campanhas educativas para incentivar o respeito e a prote\u00e7\u00e3o\u201d, afirmou.<\/p>\n\n\n\n<figure class=\"wp-block-image size-large\"><img decoding=\"async\" width=\"768\" height=\"1024\" src=\"https:\/\/sgvaimudar.com.br\/wp-content\/uploads\/2025\/01\/unnamed-8-3-768x1024.jpg\" alt=\"\" class=\"wp-image-18810\" srcset=\"https:\/\/sgvaimudar.com.br\/wp-content\/uploads\/2025\/01\/unnamed-8-3-768x1024.jpg 768w, https:\/\/sgvaimudar.com.br\/wp-content\/uploads\/2025\/01\/unnamed-8-3-225x300.jpg 225w, https:\/\/sgvaimudar.com.br\/wp-content\/uploads\/2025\/01\/unnamed-8-3.jpg 960w\" sizes=\"(max-width: 768px) 100vw, 768px\" \/><\/figure>\n\n\n\n<p>Com a temporada de reprodu\u00e7\u00e3o de muitas esp\u00e9cies, como o gamb\u00e1-de-orelha-preta, a ASAS intensificou o monitoramento e os cuidados para garantir a soltura segura desses animais em seus habitats naturais. O m\u00eas tamb\u00e9m teve um n\u00famero expressivo de aves, como a corujinha-do-mato, o sabi\u00e1-laranjeira e o soc\u00f3-dorminhoco, que s\u00e3o fundamentais para processos como poliniza\u00e7\u00e3o e dispers\u00e3o de sementes.<\/p>\n\n\n\n<p>\u00c9 importante ressaltar que ASAS n\u00e3o acolhe animais dom\u00e9sticos v\u00edtimas de acidentes ou maus-tratos. A \u00e1rea de soltura \u00e9 destinada exclusivamente a animais silvestres, com foco em esp\u00e9cies nativas da Mata Atl\u00e2ntica que necessitam de resgate.<\/p>\n\n\n\n<p><strong>Contato para resgate de animais silvestres pela ASAS:<\/strong><\/p>\n\n\n\n<p>Telefone da ASAS: (21) 2199-6336<\/p>\n\n\n\n<p>Endere\u00e7o: Rua Rigel Pacca Corr\u00eaa, Maria Paula (APA das Est\u00e2ncias de Pendotiba)<\/p>\n\n\n\n<p>E-mail:&nbsp;<a href=\"mailto:asasambiental@pmsg.rj.gov.br\" rel=\"noreferrer noopener\" target=\"_blank\">asasambiental@pmsg.rj.gov.br<\/a><\/p>\n\n\n\n<p>Comando de Pol\u00edcia Ambiental<\/p>\n\n\n\n<p>Telefone: 0300 253 1177.<\/p>\n\n\n\n<p><strong><em>S\u00e3o Gon\u00e7alo vai mudar: Not\u00edcias de S\u00e3o Gon\u00e7alo e toda regi\u00e3o.<\/em><\/strong><\/p>\n\n\n\n<figure class=\"wp-block-image size-large\"><img loading=\"lazy\" decoding=\"async\" width=\"1024\" height=\"378\" src=\"https:\/\/sgvaimudar.com.br\/wp-content\/uploads\/2023\/08\/cropped-Logo-Provisoria-2-1-1024x378.png\" alt=\"\" class=\"wp-image-2780\" srcset=\"https:\/\/sgvaimudar.com.br\/wp-content\/uploads\/2023\/08\/cropped-Logo-Provisoria-2-1-1024x378.png 1024w, https:\/\/sgvaimudar.com.br\/wp-content\/uploads\/2023\/08\/cropped-Logo-Provisoria-2-1-300x111.png 300w, https:\/\/sgvaimudar.com.br\/wp-content\/uploads\/2023\/08\/cropped-Logo-Provisoria-2-1-768x284.png 768w, https:\/\/sgvaimudar.com.br\/wp-content\/uploads\/2023\/08\/cropped-Logo-Provisoria-2-1.png 1386w\" sizes=\"(max-width: 1024px) 100vw, 1024px\" \/><\/figure>\n","protected":false},"excerpt":{"rendered":"<p>Trabalho da \u00e1rea de soltura fortalece a biodiversidade e promove sustentabilidade A \u00c1rea de Soltura de Animais Silvestres (ASAS), em&hellip;<\/p>\n","protected":false},"author":5,"featured_media":18811,"comment_status":"open","ping_status":"open","sticky":false,"template":"","format":"standard","meta":{"fifu_image_url":"","fifu_image_alt":"","footnotes":""},"categories":[3],"tags":[],"class_list":["post-18807","post","type-post","status-publish","format-standard","has-post-thumbnail","hentry","category-sao-goncalo"],"_links":{"self":[{"href":"https:\/\/sgvaimudar.com.br\/index.php\/wp-json\/wp\/v2\/posts\/18807","targetHints":{"allow":["GET"]}}],"collection":[{"href":"https:\/\/sgvaimudar.com.br\/index.php\/wp-json\/wp\/v2\/posts"}],"about":[{"href":"https:\/\/sgvaimudar.com.br\/index.php\/wp-json\/wp\/v2\/types\/post"}],"author":[{"embeddable":true,"href":"https:\/\/sgvaimudar.com.br\/index.php\/wp-json\/wp\/v2\/users\/5"}],"replies":[{"embeddable":true,"href":"https:\/\/sgvaimudar.com.br\/index.php\/wp-json\/wp\/v2\/comments?post=18807"}],"version-history":[{"count":1,"href":"https:\/\/sgvaimudar.com.br\/index.php\/wp-json\/wp\/v2\/posts\/18807\/revisions"}],"predecessor-version":[{"id":18812,"href":"https:\/\/sgvaimudar.com.br\/index.php\/wp-json\/wp\/v2\/posts\/18807\/revisions\/18812"}],"wp:featuredmedia":[{"embeddable":true,"href":"https:\/\/sgvaimudar.com.br\/index.php\/wp-json\/wp\/v2\/media\/18811"}],"wp:attachment":[{"href":"https:\/\/sgvaimudar.com.br\/index.php\/wp-json\/wp\/v2\/media?parent=18807"}],"wp:term":[{"taxonomy":"category","embeddable":true,"href":"https:\/\/sgvaimudar.com.br\/index.php\/wp-json\/wp\/v2\/categories?post=18807"},{"taxonomy":"post_tag","embeddable":true,"href":"https:\/\/sgvaimudar.com.br\/index.php\/wp-json\/wp\/v2\/tags?post=18807"}],"curies":[{"name":"wp","href":"https:\/\/api.w.org\/{rel}","templated":true}]}}